{"id":2455,"date":"2014-01-19T14:38:21","date_gmt":"2014-01-19T13:38:21","guid":{"rendered":"http:\/\/www.mszporoszlany.hu\/?p=2455"},"modified":"2014-02-19T17:05:49","modified_gmt":"2014-02-19T16:05:49","slug":"ujevi-lehangolo","status":"publish","type":"post","link":"https:\/\/www.mszporoszlany.hu\/?p=2455","title":{"rendered":"\u00daj\u00e9vi lehangol\u00f3"},"content":{"rendered":"<p><img loading=\"lazy\" decoding=\"async\" class=\"alignleft size-full wp-image-2456\" alt=\"Takacs\" src=\"https:\/\/www.mszporoszlany.hu\/wp-content\/uploads\/2014\/01\/Takacs.png\" width=\"200\" height=\"120\" \/>Nagyon megf\u00e1radt szeg\u00e9ny a ciklus v\u00e9g\u00e9re, rem\u00e9lem v\u00e9gj\u00e1t\u00e9k is lesz a h\u00e1tral\u00e9v\u0151 ideje. Persze nem der\u00fclt ki a mond\u00f3k\u00e1j\u00e1b\u00f3l, hogy mire ez a nagy letargia. Tal\u00e1n att\u00f3l, hogy maga sem hiszi el, amiket \u00e1ll\u00edtgat\/ott\/ id\u0151nk\u00e9nt.<\/p>\n<p><!--more--><\/p>\n<p>M\u00e9ghogy siker-siker h\u00e1t\u00e1n? Ami p\u00e9ld\u00e1kat hozott, m\u00e9g azok sem \u00fclnek! M\u0171 f\u00fcves p\u00e1ly\u00e1k? Egyik szemem s\u00edr, a m\u00e1sik nevet, merthogy az j\u00f3, ha a fiatalok sportol\u00e1s\u00e1hoz jav\u00edtjuk a felt\u00e9teleket, ha van hol sportolniuk, ha van kultur\u00e1lt mozg\u00e1st\u00e9r, ha \u00f6szt\u00f6n\u00f6zz\u00fck a testmozg\u00e1st, a fizikai \u00e1ll\u00f3k\u00e9pess\u00e9g fejleszt\u00e9s\u00e9t. Na de ilyen \u00e1ron k\u00e9rem? Megalom\u00e1ni\u00e1s foci\u0151r\u00fclt \u00e1lmaiba cs\u00f6ppenteni a v\u00e1rost komoly anyagi terheket pakolva az \u00f6nkorm\u00e1nyzat k\u00f6lts\u00e9gvet\u00e9s\u00e9re? Olyan megold\u00e1sokkal, hogy megint a k\u00f6zponti cs\u00f3kosok \u00fczleti lehet\u0151s\u00e9gei szaporodnak? Ha itt emb\u00e9egyesfoci lenne, akkor sem t\u00e9r\u00fclne meg a befektet\u00e9s!<\/p>\n<p>Csak k\u00f6r\u00fcl k\u00e9ne n\u00e9zni kis haz\u00e1nkban, hogy mennyi a bab\u00e9r &#8222;ebben az \u00fcltetv\u00e9nyben&#8221; \u00e9s ismerni k\u00e9ne a &#8222;korm\u00e1nyz\u00e1shoz&#8221; a val\u00f3s helyzetet meg j\u00f3 \u00e9rz\u00e9kkel kellene kialak\u00edtani az elint\u00e9zend\u0151k sorrendj\u00e9t, meg be illene tartani a t\u00f6rv\u00e9nyess\u00e9get, meg nem vizet pr\u00e9dik\u00e1lni \u00e9s bort inni!<\/p>\n<p>De h\u00e1t hova gondolok? Mikor karik\u00e1s szemmel, l\u00e1that\u00f3 kimer\u00fclts\u00e9g hat\u00e1r\u00e1n k\u00e9pes valaki olyat mondani, hogy a Soml\u00f3i \u00fat diadal? Tal\u00e1n a k\u00e9t v\u00e9g\u00e9re m\u00e9g diadal\u00edvet is \u00e1ll\u00edtana egy mag\u00e1r\u00f3l form\u00e1zott lovas szoborral, mellette orsz\u00e1ggy\u0171l\u00e9si k\u00e9pvisel\u0151vel, l\u00e1bukhoz kuporodott tan\u00e1cseln\u00f6k helyettessel orrv\u00e9rz\u00e9sig \u00e1ll\u00edtva egy arany t\u00e1bl\u00e1n, hogy ez &#8222;j\u00f3 mulats\u00e1g, f\u00e9rfimunka volt&#8221; \u00e9s t\u00e1mogatta V\u00e9rtessoml\u00f3 \/ami ugye nyilv\u00e1nval\u00f3an nem igaz\/.<\/p>\n<p>Az sem zavarja, hogy vide\u00f3-szt\u00e1rk\u00e9nt \u00fcnnepelhett\u00fck, amikor orsz\u00e1g-vil\u00e1g fogta a has\u00e1t a r\u00f6h\u00f6g\u00e9st\u0151l az omin\u00f3zus Oritel felv\u00e9telen, nevezetesen: becses szem\u00e9lye kellemes, szinte bar\u00e1ti besz\u00e9lget\u00e9st folytatott a v\u00e9lt tulajdonossal, aki mellesleg orvoshoz k\u00fcldte. Arra persze volt energi\u00e1ja, hogy a f\u00e9l Oroszl\u00e1nyt feljelentse, kivizsg\u00e1lja \u2013 term\u00e9szetesen k\u00f6zp\u00e9nzen \u00e9s c\u00e9ltudatosan a szocikra f\u00f3kusz\u00e1lva -, aminek azut\u00e1n semmi haszna nem lett azon k\u00edv\u00fcl, hogy lemondott egy k\u00e9pvisel\u0151j\u00fck.<\/p>\n<p>\u00c9s m\u00e9g azt \u00e1ll\u00edtja, hogy \u00f6sszeharmoniz\u00e1lta a p\u00e1rtokat!? \u0150 sz\u00fcntette meg a p\u00e1rtk\u00f6zi egyeztet\u0151 \u00fcl\u00e9seket! V\u00e9ge-hossza nincs azoknak az \u00fcgyeknek, amelyek ilyen j\u00f3l l\u00e1that\u00f3 lelki megr\u00e1zk\u00f3dtat\u00e1st okozhatnak, amelyeken azt\u00e1n &#8211; \u00e9v k\u00f6zben a k\u00fcl\u00f6nb\u00f6z\u0151 f\u00f3rumokon tapasztalhattuk -, hogy rendes id\u0151rabl\u00f3 m\u00f3dj\u00e1ra kellemesen verb\u00e1lisan elmorfond\u00edrozgatott.<\/p>\n<p>Ha azt az id\u0151t (meg az aut\u00f3z\u00e1ssal, egy\u00e9b \u00fczleti \u00fcgyekkel elt\u00f6lt\u00f6ttet is) ink\u00e1bb besz\u00e9d\u00edr\u00e1sra, retorikai tov\u00e1bbk\u00e9pz\u00e9sre \u00e9s h\u00e1t\u2026 \u00f6nkritik\u00e1ra ford\u00edtja, tal\u00e1n jobban siker\u00fcl ez a szerepl\u00e9se. Kicsit t\u00falz\u00e1sokba esem: mit v\u00e1rok t\u0151le, ha m\u00e9g azt sem tudja, hogy a j\u00e1r\u00e1si hivatalban nem laknak? \u2013 lehet, hogy vicces akart lenni?<\/p>\n","protected":false},"excerpt":{"rendered":"<p>Nagyon megf\u00e1radt szeg\u00e9ny a ciklus v\u00e9g\u00e9re, rem\u00e9lem v\u00e9gj\u00e1t\u00e9k is lesz a h\u00e1tral\u00e9v\u0151 ideje. Persze nem der\u00fclt ki a mond\u00f3k\u00e1j\u00e1b\u00f3l, hogy mire ez a nagy letargia. Tal\u00e1n att\u00f3l, hogy maga sem hiszi el, amiket \u00e1ll\u00edtgat\/ott\/ id\u0151nk\u00e9nt. <a href=\"https:\/\/www.mszporoszlany.hu\/?p=2455\">Egy kattint\u00e1s ide a folytat\u00e1shoz&#8230;. <span class=\"meta-nav\">&rarr;<\/span><\/a><\/p>\n","protected":false},"author":35,"featured_media":0,"comment_status":"open","ping_status":"closed","sticky":false,"template":"","format":"standard","meta":{"footnotes":""},"categories":[194],"tags":[1667,60,1666,1665,147,1764,551,9,177,1668],"class_list":["post-2455","post","type-post","status-publish","format-standard","hentry","category-oroszlany","tag-didal","tag-fidesz","tag-foci","tag-mu-fuves-palya","tag-oritel","tag-oroszlany","tag-szocik","tag-takacs-karoly","tag-vertessomlo","tag-video-sztar"],"_links":{"self":[{"href":"https:\/\/www.mszporoszlany.hu\/index.php?rest_route=\/wp\/v2\/posts\/2455","targetHints":{"allow":["GET"]}}],"collection":[{"href":"https:\/\/www.mszporoszlany.hu\/index.php?rest_route=\/wp\/v2\/posts"}],"about":[{"href":"https:\/\/www.mszporoszlany.hu\/index.php?rest_route=\/wp\/v2\/types\/post"}],"author":[{"embeddable":true,"href":"https:\/\/www.mszporoszlany.hu\/index.php?rest_route=\/wp\/v2\/users\/35"}],"replies":[{"embeddable":true,"href":"https:\/\/www.mszporoszlany.hu\/index.php?rest_route=%2Fwp%2Fv2%2Fcomments&post=2455"}],"version-history":[{"count":0,"href":"https:\/\/www.mszporoszlany.hu\/index.php?rest_route=\/wp\/v2\/posts\/2455\/revisions"}],"wp:attachment":[{"href":"https:\/\/www.mszporoszlany.hu\/index.php?rest_route=%2Fwp%2Fv2%2Fmedia&parent=2455"}],"wp:term":[{"taxonomy":"category","embeddable":true,"href":"https:\/\/www.mszporoszlany.hu\/index.php?rest_route=%2Fwp%2Fv2%2Fcategories&post=2455"},{"taxonomy":"post_tag","embeddable":true,"href":"https:\/\/www.mszporoszlany.hu\/index.php?rest_route=%2Fwp%2Fv2%2Ftags&post=2455"}],"curies":[{"name":"wp","href":"https:\/\/api.w.org\/{rel}","templated":true}]}}