{"id":2459,"date":"2014-01-24T21:57:18","date_gmt":"2014-01-24T20:57:18","guid":{"rendered":"http:\/\/www.mszporoszlany.hu\/?p=2459"},"modified":"2014-02-19T17:05:32","modified_gmt":"2014-02-19T16:05:32","slug":"oroszlanyit-a-parlamentbe-vagy-megse","status":"publish","type":"post","link":"https:\/\/www.mszporoszlany.hu\/?p=2459","title":{"rendered":"Oroszl\u00e1nyit a parlamentbe! \u2013 vagy m\u00e9gse?"},"content":{"rendered":"<p><img loading=\"lazy\" decoding=\"async\" class=\"alignleft size-full wp-image-2460\" alt=\"szekely\" src=\"https:\/\/www.mszporoszlany.hu\/wp-content\/uploads\/2014\/01\/szekely.jpg\" width=\"200\" height=\"120\" \/>T\u00f6rt\u00e9nelmi pillanat \u00e9s lehet\u0151s\u00e9g el\u0151tt \u00e1llnak Oroszl\u00e1ny lak\u00f3i. A megye 3. sz\u00e1m\u00fa v\u00e1laszt\u00f3ker\u00fclet\u00e9ben Sz\u00e9kely Antal, a b\u00e1ny\u00e1szv\u00e1ros pedag\u00f3gusa, 2004-2008-k\u00f6z\u00f6tti polg\u00e1rmestere indulhat a baloldal sz\u00edneiben az orsz\u00e1ggy\u0171l\u00e9si v\u00e1laszt\u00e1son. Gondolom, erre a h\u00edrre, minden lok\u00e1lpatri\u00f3ta sz\u00edve megdobban, hiszen val\u00f3ban nem mindennapi alkalom \u00e9s lehet\u0151s\u00e9g el\u0151tt \u00e1ll a telep\u00fcl\u00e9s egyik polg\u00e1ra.<\/p>\n<p><!--more--><\/p>\n<p>Norm\u00e1lis viszonyok k\u00f6z\u00f6tt ilyen esetben megsz\u0171nnek a politikai \u00e9s szem\u00e9lyes ellent\u00e9tek, mindenkinek csak az a fontos, hogy v\u00e1rosa k\u00f6zvetlen k\u00e9pviselethez jusson a &#8222;nagypolitik\u00e1ban&#8221;.<\/p>\n<p>Mint \u00edrtam, norm\u00e1lis viszonyok k\u00f6z\u00f6tt, mert kis haz\u00e1nkban ilyenr\u0151l \u00e9vek \u00f3ta nem besz\u00e9lhet\u00fcnk. Feljelentget\u00e9s, m\u00faltham\u00eds\u00edt\u00e1s, mindennek az els\u00f6pr\u00e9se, \u00e1tnevez\u00e9se. Ez, ami jellemz\u0151 az oroszl\u00e1nyi politik\u00e1ra, s ha valakinek m\u00e9gis lenn\u00e9nek k\u00e9ts\u00e9gei, k\u00e9rdezze mg b\u00e1rmelyik fideszes, kereszt\u00e9nydemokrat\u00e1s k\u00e9pvisel\u0151t, ki mellett kamp\u00e1nyol? A helyb\u00e9li Sz\u00e9kely Antal, vagy a bokodi illet\u0151s\u00e9g\u0171 Czunyin\u00e9 dr. Bertalan Judit mellett?<\/p>\n<p>Hogy ne legyen senkinek k\u00e9ts\u00e9ge a k\u00f6vetkez\u0151 heteket illet\u0151en, mell\u00e9kelek egy fot\u00f3t, amin a megye egyszem\u00e9lyes kisatya\u00faristene mellett Papp P\u00e9ter alpolg\u00e1rmester fesz\u00edt, s egy csokor &#8222;\u00fariember&#8221;, akiknek &#8211; a jelek szerint &#8211; mindamellett, hogy hazudjanak egy j\u00f3\u00edz\u0171 megment\u0151t, m\u00e9g a nyelv\u00fck is megfelel\u0151en hossz\u00fa! De olvassuk csak a k\u00e9phez mell\u00e9kelt sz\u00f6veget &#8211; tanuls\u00e1gos!<\/p>\n<div id=\"attachment_2461\" style=\"width: 530px\" class=\"wp-caption aligncenter\"><img loading=\"lazy\" decoding=\"async\" aria-describedby=\"caption-attachment-2461\" class=\" wp-image-2461 \" alt=\"BDSZ-Markus\" src=\"https:\/\/www.mszporoszlany.hu\/wp-content\/uploads\/2014\/01\/BDSZ-Markus.jpg\" width=\"520\" height=\"320\" srcset=\"https:\/\/www.mszporoszlany.hu\/wp-content\/uploads\/2014\/01\/BDSZ-Markus.jpg 650w, https:\/\/www.mszporoszlany.hu\/wp-content\/uploads\/2014\/01\/BDSZ-Markus-320x196.jpg 320w, https:\/\/www.mszporoszlany.hu\/wp-content\/uploads\/2014\/01\/BDSZ-Markus-600x369.jpg 600w\" sizes=\"auto, (max-width: 520px) 100vw, 520px\" \/><p id=\"caption-attachment-2461\" class=\"wp-caption-text\">A BDSZ oroszl\u00e1nyi vezet\u0151s\u00e9ge \u00e9s a politikai t\u00e1mogatottak<br \/>(Akkor ki volt t\u00fcntetni a korm\u00e1ny int\u00e9zked\u00e9sei ellen?)<\/p><\/div>\n<p>&#8222;A BDSZ M\u00c1RKUSHEGYI SZERVEZETE CSOKOR VIR\u00c1G K\u00cdS\u00c9RET\u00c9BEN K\u00d6SZ\u00d6NT\u00d6TTE CZUNYIN\u00c9 DR. BERTALAN JUDITOT KORM\u00c1NYMEGB\u00cdZOTT ASSZONYT, \u00c9S EGYBEN K\u00d6SZ\u00d6NETET MONDOTT A M\u00c1RKUSHEGYI B\u00c1NYA MEGMENT\u00c9S\u00c9\u00c9RT, VALAMINT BIZTOS\u00cdTOTTA, HOGY A BDSZ M\u00c1RKUSHEGYI SZERVEZETE T\u00c1MOGATJA AZ ORSZ\u00c1GGY\u0170L\u00c9SI V\u00c1LASZT\u00c1SOKON.&#8221;<\/p>\n","protected":false},"excerpt":{"rendered":"<p>T\u00f6rt\u00e9nelmi pillanat \u00e9s lehet\u0151s\u00e9g el\u0151tt \u00e1llnak Oroszl\u00e1ny lak\u00f3i. A megye 3. sz\u00e1m\u00fa v\u00e1laszt\u00f3ker\u00fclet\u00e9ben Sz\u00e9kely Antal, a b\u00e1ny\u00e1szv\u00e1ros pedag\u00f3gusa, 2004-2008-k\u00f6z\u00f6tti polg\u00e1rmestere indulhat a baloldal sz\u00edneiben az orsz\u00e1ggy\u0171l\u00e9si v\u00e1laszt\u00e1son. Gondolom, erre a h\u00edrre, minden lok\u00e1lpatri\u00f3ta sz\u00edve megdobban, hiszen val\u00f3ban nem mindennapi alkalom \u00e9s lehet\u0151s\u00e9g el\u0151tt \u00e1ll a telep\u00fcl\u00e9s egyik polg\u00e1ra. <a href=\"https:\/\/www.mszporoszlany.hu\/?p=2459\">Egy kattint\u00e1s ide a folytat\u00e1shoz&#8230;. <span class=\"meta-nav\">&rarr;<\/span><\/a><\/p>\n","protected":false},"author":35,"featured_media":0,"comment_status":"open","ping_status":"closed","sticky":false,"template":"","format":"standard","meta":{"footnotes":""},"categories":[196,194],"tags":[1764,70,61],"class_list":["post-2459","post","type-post","status-publish","format-standard","hentry","category-magyarorszag","category-oroszlany","tag-oroszlany","tag-polgarmester","tag-szekely-antal"],"_links":{"self":[{"href":"https:\/\/www.mszporoszlany.hu\/index.php?rest_route=\/wp\/v2\/posts\/2459","targetHints":{"allow":["GET"]}}],"collection":[{"href":"https:\/\/www.mszporoszlany.hu\/index.php?rest_route=\/wp\/v2\/posts"}],"about":[{"href":"https:\/\/www.mszporoszlany.hu\/index.php?rest_route=\/wp\/v2\/types\/post"}],"author":[{"embeddable":true,"href":"https:\/\/www.mszporoszlany.hu\/index.php?rest_route=\/wp\/v2\/users\/35"}],"replies":[{"embeddable":true,"href":"https:\/\/www.mszporoszlany.hu\/index.php?rest_route=%2Fwp%2Fv2%2Fcomments&post=2459"}],"version-history":[{"count":0,"href":"https:\/\/www.mszporoszlany.hu\/index.php?rest_route=\/wp\/v2\/posts\/2459\/revisions"}],"wp:attachment":[{"href":"https:\/\/www.mszporoszlany.hu\/index.php?rest_route=%2Fwp%2Fv2%2Fmedia&parent=2459"}],"wp:term":[{"taxonomy":"category","embeddable":true,"href":"https:\/\/www.mszporoszlany.hu\/index.php?rest_route=%2Fwp%2Fv2%2Fcategories&post=2459"},{"taxonomy":"post_tag","embeddable":true,"href":"https:\/\/www.mszporoszlany.hu\/index.php?rest_route=%2Fwp%2Fv2%2Ftags&post=2459"}],"curies":[{"name":"wp","href":"https:\/\/api.w.org\/{rel}","templated":true}]}}