{"id":2463,"date":"2014-01-23T00:00:13","date_gmt":"2014-01-22T23:00:13","guid":{"rendered":"http:\/\/www.mszporoszlany.hu\/?p=2463"},"modified":"2014-02-19T17:05:40","modified_gmt":"2014-02-19T16:05:40","slug":"tuntetnek-a-banyaszok","status":"publish","type":"post","link":"https:\/\/www.mszporoszlany.hu\/?p=2463","title":{"rendered":"T\u00fcntetnek a b\u00e1ny\u00e1szok"},"content":{"rendered":"<p><strong><img loading=\"lazy\" decoding=\"async\" class=\"alignleft size-full wp-image-2464\" alt=\"bdsz\" src=\"https:\/\/www.mszporoszlany.hu\/wp-content\/uploads\/2014\/01\/bdsz.jpg\" width=\"200\" height=\"120\" \/>Nyalnak a m\u00e1rkushegyi szakszervezeti vezet\u0151k<\/strong><\/p>\n<p>Utc\u00e1ra vonulnak az elkeseredett b\u00e1ny\u00e1szok, ezr\u00e9vel j\u00f6nnek vid\u00e9kr\u0151l is Pestre. Egyel\u0151re b\u00e9k\u00e9sen, de sokan \u00e9s nagyon hangosan k\u00f6vetelik majd vissza jogaikat, amelyekt\u0151l k\u00e9t \u00e9vvel ezel\u0151tt megfosztott\u00e1k \u0151ket. A korhat\u00e1r el\u0151tti szakmai nyugd\u00edjat \u00e9s rokkantnyugd\u00edjasaik egy csoportj\u00e1nak \u00fajb\u00f3li ell\u00e1t\u00e1s\u00e1t akarj\u00e1k \u2013 olvashat\u00f3 a 168 \u00d3RA-ban.<\/p>\n<p><!--more--><\/p>\n<p>Kilencsz\u00e1z\u00f6tven, neh\u00e9z helyzetbe ker\u00fclt volt b\u00e1ny\u00e1szcsal\u00e1d meg\u00e9lhet\u00e9s\u00e9t biztos\u00edthatn\u00e1 a miniszt\u00e9rium id\u00e9n \u00f6sszesen 14 milli\u00f3 forintb\u00f3l azzal, ha visszaadn\u00e1 a k\u00e9t \u00e9vvel ezel\u0151tt megvont szakmai nyugd\u00edjat, m\u00e9gsem teszi \u2013 \u00edrja k\u00f6zlem\u00e9ny\u00e9ben a B\u00e1nya-, Energia- \u00e9s Ipari Dolgoz\u00f3k Szakszervezete (BDSZ).<\/p>\n<p>Tavaly is ugyanitt, ugyanekkor, ugyanez\u00e9rt a c\u00e9l\u00e9rt t\u00fcntettek a b\u00e1ny\u00e1szok, de az \u00edg\u00e9retek ellen\u00e9re az\u00f3ta sem teljes\u00edtett\u00e9k a k\u00f6vetel\u00e9seiket. El\u00e9g volt a hiteget\u00e9sb\u0151l \u2013 sz\u00f6gezi le Rabi Ferenc, a szakszervezet eln\u00f6ke.<\/p>\n<p>Kinek j\u00e1rna korai nyugd\u00edjaz\u00e1s, ha nem nekik? \u2013 teszi fel a k\u00e9rd\u00e9st Rabi. A szakszervezet \u00fagy d\u00f6nt\u00f6tt: nem hagyja a b\u00e1ny\u00e1ban meghalni az embereket, addig k\u00e9r, k\u00f6vetel egyre hangosabban \u00e9s er\u0151sebben, am\u00edg vissza nem kapj\u00e1k a jogaikat.<\/p>\n<p>Megsz\u00fcntett\u00e9k a b\u00e1ny\u00e1szok kedvez\u0151 nyugd\u00edj\u00e1tlag-sz\u00e1m\u00edt\u00e1s\u00e1t is, amelynek az a l\u00e9nyege, hogy akik legal\u00e1bb 15 \u00e9vet dolgoztak a f\u00f6ld alatt, de a nyugd\u00edjuk nem \u00e9rte el az \u00e1tlagos b\u00e1ny\u00e1sznyugd\u00edjat, megkapt\u00e1k az \u00e1tlagot. R\u00e1ad\u00e1sul a b\u00e1ny\u00e1szokat a III. csoportos rokkants\u00e1gi nyugd\u00edjasok j\u00e1rand\u00f3s\u00e1g\u00e1nak megvon\u00e1sa is s\u00fajtja. Ugyancsak k\u00e9t \u00e9vvel ezel\u0151tt elvesz\u00edtett\u00e9k havi \u00e1tlagosan 120-130 ezer forintos juttat\u00e1sukat azok a b\u00e1ny\u00e1szok, akiket munk\u00e1ra alkalmasnak min\u0151s\u00edtett az orvosi bizotts\u00e1g. Olyan emberekr\u0151l van sz\u00f3, akik P\u00e9cs k\u00f6rny\u00e9k\u00e9n, valamint \u00c9szak-Magyarorsz\u00e1gon nem jutnak munk\u00e1hoz \u00e9s nem k\u00e9pesek folyamatos, neh\u00e9z fizikai munka v\u00e9gz\u00e9s\u00e9re. A janu\u00e1r 29-i t\u00fcntet\u00e9sen \u0151k is ott lesznek \u2013 sz\u00f6gezi le az eln\u00f6k.<\/p>\n<p>\u00c9s a m\u00e1rkushegyi BDSZ meg\u00e9lhet\u00e9si aktivist\u00e1i hol lesznek? Minden bizonnyal a Borosty\u00e1n vend\u00e9gl\u0151ben, ahol ism\u00e9t biztos\u00edtj\u00e1k Czunyin\u00e9t \u00e9s a Fideszt: mi csak benneteket t\u00e1mogatunk! No comment!<\/p>\n","protected":false},"excerpt":{"rendered":"<p>Utc\u00e1ra vonulnak az elkeseredett b\u00e1ny\u00e1szok, ezr\u00e9vel j\u00f6nnek vid\u00e9kr\u0151l is Pestre. Egyel\u0151re b\u00e9k\u00e9sen, de sokan \u00e9s nagyon hangosan k\u00f6vetelik majd vissza jogaikat, amelyekt\u0151l k\u00e9t \u00e9vvel ezel\u0151tt megfosztott\u00e1k \u0151ket. A korhat\u00e1r el\u0151tti szakmai nyugd\u00edjat \u00e9s rokkantnyugd\u00edjasaik egy csoportj\u00e1nak \u00fajb\u00f3li ell\u00e1t\u00e1s\u00e1t akarj\u00e1k \u2013 olvashat\u00f3 a 168 \u00d3RA-ban. <a href=\"https:\/\/www.mszporoszlany.hu\/?p=2463\">Egy kattint\u00e1s ide a folytat\u00e1shoz&#8230;. <span class=\"meta-nav\">&rarr;<\/span><\/a><\/p>\n","protected":false},"author":35,"featured_media":0,"comment_status":"open","ping_status":"closed","sticky":false,"template":"","format":"standard","meta":{"footnotes":""},"categories":[196,194],"tags":[1158,1264,1673,1674,60,1669,1671,1672,1266,1670,128],"class_list":["post-2463","post","type-post","status-publish","format-standard","hentry","category-magyarorszag","category-oroszlany","tag-banyaszok","tag-bdsz","tag-borostyan-vendeglo","tag-dr-czunyine-bertalan-judit","tag-fidesz","tag-korhatar-elotti-szakmai-nyugdij","tag-markushegyi-bdsz","tag-megelhetesi-aktivistak","tag-nyugdijatlag-szamitas","tag-rabi-ferenc-elnok","tag-rokkantnyugdij"],"_links":{"self":[{"href":"https:\/\/www.mszporoszlany.hu\/index.php?rest_route=\/wp\/v2\/posts\/2463","targetHints":{"allow":["GET"]}}],"collection":[{"href":"https:\/\/www.mszporoszlany.hu\/index.php?rest_route=\/wp\/v2\/posts"}],"about":[{"href":"https:\/\/www.mszporoszlany.hu\/index.php?rest_route=\/wp\/v2\/types\/post"}],"author":[{"embeddable":true,"href":"https:\/\/www.mszporoszlany.hu\/index.php?rest_route=\/wp\/v2\/users\/35"}],"replies":[{"embeddable":true,"href":"https:\/\/www.mszporoszlany.hu\/index.php?rest_route=%2Fwp%2Fv2%2Fcomments&post=2463"}],"version-history":[{"count":0,"href":"https:\/\/www.mszporoszlany.hu\/index.php?rest_route=\/wp\/v2\/posts\/2463\/revisions"}],"wp:attachment":[{"href":"https:\/\/www.mszporoszlany.hu\/index.php?rest_route=%2Fwp%2Fv2%2Fmedia&parent=2463"}],"wp:term":[{"taxonomy":"category","embeddable":true,"href":"https:\/\/www.mszporoszlany.hu\/index.php?rest_route=%2Fwp%2Fv2%2Fcategories&post=2463"},{"taxonomy":"post_tag","embeddable":true,"href":"https:\/\/www.mszporoszlany.hu\/index.php?rest_route=%2Fwp%2Fv2%2Ftags&post=2463"}],"curies":[{"name":"wp","href":"https:\/\/api.w.org\/{rel}","templated":true}]}}