{"id":2466,"date":"2014-01-24T22:20:58","date_gmt":"2014-01-24T21:20:58","guid":{"rendered":"http:\/\/www.mszporoszlany.hu\/?p=2466"},"modified":"2014-02-15T12:52:49","modified_gmt":"2014-02-15T11:52:49","slug":"takacs-karoly-osszeferhetetlen","status":"publish","type":"post","link":"https:\/\/www.mszporoszlany.hu\/?p=2466","title":{"rendered":"Tak\u00e1cs K\u00e1roly \u00f6sszef\u00e9rhetetlen"},"content":{"rendered":"<p><img loading=\"lazy\" decoding=\"async\" class=\"alignleft size-full wp-image-2467\" alt=\"kethetes\" src=\"https:\/\/www.mszporoszlany.hu\/wp-content\/uploads\/2014\/01\/kethetes.jpg\" width=\"200\" height=\"120\" \/>2010 \u00f3ta az orsz\u00e1gban olyan hatalmi \u00e1trendez\u0151d\u00e9sek \u00e9s szem\u00e9lycser\u00e9k t\u00f6rt\u00e9ntek, mellyel a k\u00f6zigazgat\u00e1s, a t\u00f6rv\u00e9nyhoz\u00e1s szinte teljes rendszer\u00e9t a Fideszes korm\u00e1ny \u00edzl\u00e9s\u00e9hez igaz\u00edtott\u00e1k. Mindenre azonban \u0151k sem gondolhattak!<\/p>\n<p><!--more--><\/p>\n<p>A Magyar Narancs cikke <a title=\"Magyar Narancs cikk megtekint\u00e9se\" href=\"http:\/\/magyarnarancs.hu\/kismagyarorszag\/amikor-a-polgarmester-ujsagot-csinal-osszeferhetetlenseg-csobankan-88434\" target=\"_blank\">Csob\u00e1nka <\/a>polg\u00e1rmester\u00e9r\u0151l \u00e9s a helyi \u00fajs\u00e1gr\u00f3l sz\u00f3l. A cikkben le\u00edrj\u00e1k, hogy \u00f6sszef\u00e9rhetetlens\u00e9g esete \u00e1ll fenn, a helyi \u00fajs\u00e1g felel\u0151s kiad\u00f3ja maga a polg\u00e1rmester, aki nem t\u00f6lthetne be ilyen tiszts\u00e9get. A felvet\u00e9st az illet\u00e9kes korm\u00e1nyhivatal is helyben hagyta, hiszen az \u00f6nkorm\u00e1nyzati t\u00f6rv\u00e9nyben szerepl\u0151 passzus alapj\u00e1n az \u00f6sszef\u00e9rhetetlens\u00e9g esete fenn \u00e1ll.<\/p>\n<p>Oroszl\u00e1nyban is van egy \u00fajs\u00e1g, amir\u0151l m\u00e1r sokat \u00edrtunk port\u00e1lunkon. T\u00f6bbsz\u00f6r felh\u00edvtuk a figyelmet arra, hogy a kiadv\u00e1ny egyoldal\u00faan t\u00e1j\u00e9koztatja a lakoss\u00e1got a v\u00e1rost \u00e9rint\u0151 \u00fcgyekr\u0151l, \u00e9s mindezt k\u00f6zp\u00e9nzen teszi a polg\u00e1ri frakci\u00f3 hathat\u00f3s t\u00e1mogat\u00e1s\u00e1val Tak\u00e1cs K\u00e1roly sajt\u00f3s csapata. Test\u00fcleti \u00fcl\u00e9sen is felvetette az mszp frakci\u00f3, hogy a v\u00e1ros p\u00e9nz\u00e9b\u0151l ne jelenjen meg p\u00e1rtkiadv\u00e1ny.<\/p>\n<p>\u00dagy t\u0171nik, hogy Papp P\u00e9ter (t\u00f6bbek k\u00f6z\u00f6tt) alpolg\u00e1rmester m\u00e1ni\u00e1ja, a poz\u00edci\u00f3gy\u0171jt\u00e9s rag\u00e1lyos a polg\u00e1ri frakci\u00f3ban. Az \u00daj K\u00e9thetes c\u00edm\u0171 kiadv\u00e1ny lapozgatva a k\u00f6vetkez\u0151t olvashatjuk: Felel\u0151s kiad\u00f3: Tak\u00e1cs K\u00e1roly, aki polg\u00e1rmester is (m\u00e9g).<\/p>\n<p>Vajon ez a nyilv\u00e1nval\u00f3 t\u00f6rv\u00e9nys\u00e9rt\u00e9s mennyibe ker\u00fclt a v\u00e1rosnak eddig? Mennyi p\u00e9nzt vettek fel a propaganda cikkek szerkeszt\u00e9s\u00e9\u00e9rt?<\/p>\n<p>Ezek ut\u00e1n m\u00e1r csak egy k\u00e9rd\u00e9s van. A Pest megyei korm\u00e1nyhivatal d\u00f6nt\u00e9se \u00e9s az \u00f6nkorm\u00e1nyzati t\u00f6rv\u00e9ny alapj\u00e1n az oroszl\u00e1nyi lap eset\u00e9ben is fenn \u00e1ll az \u00f6sszef\u00e9rhetetlens\u00e9g esete. Vajon meddig t\u0171ri Czunyin\u00e9 dr. Bertalan Judit (t\u00f6bbek k\u00f6z\u00f6tt) korm\u00e1nyhivatal vezet\u0151, hogy ilyen nyilv\u00e1nval\u00f3 t\u00f6rv\u00e9nytelens\u00e9g legyen a j\u00e1r\u00e1sban? Mikor fog megsz\u0171nni Oroszl\u00e1ny Fideszes propaganda \u00fajs\u00e1ga az \u00daj K\u00e9thetes?<\/p>\n<p>Az \u00fcggyel kapcsolatban \u00edrtunk egy levelet az illet\u00e9kes korm\u00e1nyhivatalnak, amint meg\u00e9rkezik a v\u00e1lasz, azt k\u00f6zz\u00e9 tessz\u00fck port\u00e1lunkon!<\/p>\n","protected":false},"excerpt":{"rendered":"<p>2010 \u00f3ta az orsz\u00e1gban olyan hatalmi \u00e1trendez\u0151d\u00e9sek \u00e9s szem\u00e9lycser\u00e9k t\u00f6rt\u00e9ntek, mellyel a k\u00f6zigazgat\u00e1s, a t\u00f6rv\u00e9nyhoz\u00e1s szinte teljes rendszer\u00e9t a Fideszes korm\u00e1ny \u00edzl\u00e9s\u00e9hez igaz\u00edtott\u00e1k. Mindenre azonban \u0151k sem gondolhattak! <a href=\"https:\/\/www.mszporoszlany.hu\/?p=2466\">Egy kattint\u00e1s ide a folytat\u00e1shoz&#8230;. <span class=\"meta-nav\">&rarr;<\/span><\/a><\/p>\n","protected":false},"author":35,"featured_media":0,"comment_status":"open","ping_status":"closed","sticky":false,"template":"","format":"standard","meta":{"footnotes":""},"categories":[194],"tags":[1676,1679,60,1677,1032,1675,1678,70],"class_list":["post-2466","post","type-post","status-publish","format-standard","hentry","category-oroszlany","tag-csobanka","tag-felelos-kiado","tag-fidesz","tag-helyi-ujsag","tag-kormanyhivatal","tag-magyar-narancs","tag-osszeferhetetlenseg","tag-polgarmester"],"_links":{"self":[{"href":"https:\/\/www.mszporoszlany.hu\/index.php?rest_route=\/wp\/v2\/posts\/2466","targetHints":{"allow":["GET"]}}],"collection":[{"href":"https:\/\/www.mszporoszlany.hu\/index.php?rest_route=\/wp\/v2\/posts"}],"about":[{"href":"https:\/\/www.mszporoszlany.hu\/index.php?rest_route=\/wp\/v2\/types\/post"}],"author":[{"embeddable":true,"href":"https:\/\/www.mszporoszlany.hu\/index.php?rest_route=\/wp\/v2\/users\/35"}],"replies":[{"embeddable":true,"href":"https:\/\/www.mszporoszlany.hu\/index.php?rest_route=%2Fwp%2Fv2%2Fcomments&post=2466"}],"version-history":[{"count":0,"href":"https:\/\/www.mszporoszlany.hu\/index.php?rest_route=\/wp\/v2\/posts\/2466\/revisions"}],"wp:attachment":[{"href":"https:\/\/www.mszporoszlany.hu\/index.php?rest_route=%2Fwp%2Fv2%2Fmedia&parent=2466"}],"wp:term":[{"taxonomy":"category","embeddable":true,"href":"https:\/\/www.mszporoszlany.hu\/index.php?rest_route=%2Fwp%2Fv2%2Fcategories&post=2466"},{"taxonomy":"post_tag","embeddable":true,"href":"https:\/\/www.mszporoszlany.hu\/index.php?rest_route=%2Fwp%2Fv2%2Ftags&post=2466"}],"curies":[{"name":"wp","href":"https:\/\/api.w.org\/{rel}","templated":true}]}}