{"id":247,"date":"2011-10-12T12:01:54","date_gmt":"2011-10-12T11:01:54","guid":{"rendered":"http:\/\/www.mszporoszlany.hu\/?p=247"},"modified":"2012-04-06T20:30:38","modified_gmt":"2012-04-06T19:30:38","slug":"ha-nem-jo-a-diagnozis-nem-gyogyul-meg-a-beteg","status":"publish","type":"post","link":"https:\/\/www.mszporoszlany.hu\/?p=247","title":{"rendered":"Ha nem j\u00f3 a diagn\u00f3zis, nem gy\u00f3gyul meg a beteg"},"content":{"rendered":"<p><img loading=\"lazy\" decoding=\"async\" class=\"alignleft size-full wp-image-248\" title=\"gyarapodas\" src=\"https:\/\/www.mszporoszlany.hu\/wp-content\/uploads\/2012\/03\/gyarapodas.jpg\" alt=\"\" width=\"200\" height=\"120\" \/>A FIDESZ rosszul diagnosztiz\u00e1l. Nem az MSZP okozta, okozza az orsz\u00e1g probl\u00e9m\u00e1it. B\u00e1rmennyire is igyekeznek m\u00e9g mindig, koncepci\u00f3s \u00fcgyeket kre\u00e1lva, r\u00e1nk h\u00e1r\u00edtani a felel\u0151ss\u00e9get. Oroszl\u00e1ny eset\u00e9ben a baloldal k\u00e9pvisel\u0151it csak a folytat\u00f3lagosan \u00e9s k\u00f6vetkezetesen elk\u00f6vetett vagyon-gyarap\u00edt\u00e1ssal lehet v\u00e1dolni.<\/p>\n<p><!--more--><\/p>\n<p>A kor\u00e1bbi gyakorlatnak megfelel\u0151en most is csak a p\u00e1rbesz\u00e9d lehetne a megold\u00e1s. Csak a &#8222;mindenki vegyen r\u00e9szt a probl\u00e9ma megold\u00e1s\u00e1ban&#8221; elv hozhatna hossz\u00fa t\u00e1v\u00fa, megnyugtat\u00f3 megold\u00e1st. Csak a p\u00e1rbesz\u00e9d sor\u00e1n kialakul\u00f3, &#8222;a k\u00f6z\u00f6s\u00f6sen okosabbak vagyunk&#8221; alapon lehet hat\u00e9kony, megval\u00f3s\u00edthat\u00f3 terveket kov\u00e1csolni. Az oroszl\u00e1nyi baloldal felaj\u00e1nlotta ezt, erre j\u00f6tt az a nemtelen megold\u00e1s v\u00e1laszul, hogy kollekt\u00edve b\u0171n\u00f6z\u0151k\u00e9nt kezelnek benn\u00fcnket.<\/p>\n<p>Pedig mi megold\u00e1sokat k\u00edn\u00e1ltunk a kor\u00e1bbi bev\u00e1lt elj\u00e1r\u00e1soknak megfelel\u0151en a tov\u00e1bbi fejleszt\u00e9seket is tartalmaz\u00f3 \u00e9s olcs\u00f3 t\u00e1vh\u0151szolg\u00e1ltat\u00e1s ter\u00fclet\u00e9n. Az ut\u00f3bbi 8-12 \u00e9v sor\u00e1n sikerrel m\u0171k\u00f6dtetett ipari parki beruh\u00e1z\u00e1sok tov\u00e1bb gondol\u00e1s\u00e1val munkahelyeket k\u00edv\u00e1ntunk teremteni a v\u00e1rosban \u00e9l\u0151k sz\u00e1m\u00e1ra. A megkezdett helyi v\u00e1llalkoz\u00e1sokat \u00f6szt\u00f6nz\u0151 programot magasabb szintre szerett\u00fck volna emelni. \u00c9s a jelent\u0151sen \u00e1talak\u00edtott, t\u00f6bb ter\u00fcleten is sikeresen fejlesztett, \u00f6nkorm\u00e1nyzati tulajdonban l\u00e9v\u0151 szolg\u00e1ltat\u00f3 t\u00e1rsas\u00e1got (Oroszl\u00e1nyi Szolg\u00e1ltat\u00f3 Zrt) a lakoss\u00e1gi szolg\u00e1ltat\u00e1sok ter\u00fclet\u00e9n k\u00edv\u00e1ntuk er\u0151s\u00edteni, annak \u00e9rdek\u00e9ben, hogy 2012-es \u00e9vben is alacsony k\u00f6zm\u0171d\u00edjakat biztos\u00edthassunk a v\u00e1ros lakosai \u00e9s v\u00e1llalkoz\u00e1sai sz\u00e1m\u00e1ra. A szennyv\u00edzkezel\u00e9s t\u00e9rs\u00e9gi szint\u0171 fejleszt\u00e9s\u00e9vel szerett\u00fck volna er\u0151s\u00edteni Oroszl\u00e1ny v\u00e1ros t\u00e9rs\u00e9gi szerep\u00e9t azzal, hogy a szolg\u00e1ltat\u00e1s biztons\u00e1g\u00e1t is n\u00f6velj\u00fck.<\/p>\n<p>De lehet, hogy \u00e9ppen ez a konstruktivit\u00e1s v\u00e1ltotta ki a t\u00e1mad\u00e1st? Tal\u00e1n elegend\u0151en sok \u00f6tletet adtunk m\u00e1r?<\/p>\n","protected":false},"excerpt":{"rendered":"<p>A FIDESZ rosszul diagnosztiz\u00e1l. Nem az MSZP okozta, okozza az orsz\u00e1g probl\u00e9m\u00e1it. B\u00e1rmennyire is igyekeznek m\u00e9g mindig, koncepci\u00f3s \u00fcgyeket kre\u00e1lva, r\u00e1nk h\u00e1r\u00edtani a felel\u0151ss\u00e9get. Oroszl\u00e1ny eset\u00e9ben a baloldal k\u00e9pvisel\u0151it csak a folytat\u00f3lagosan \u00e9s k\u00f6vetkezetesen elk\u00f6vetett vagyon-gyarap\u00edt\u00e1ssal lehet v\u00e1dolni. <a href=\"https:\/\/www.mszporoszlany.hu\/?p=247\">Egy kattint\u00e1s ide a folytat\u00e1shoz&#8230;. <span class=\"meta-nav\">&rarr;<\/span><\/a><\/p>\n","protected":false},"author":35,"featured_media":0,"comment_status":"open","ping_status":"closed","sticky":false,"template":"","format":"standard","meta":{"footnotes":""},"categories":[194],"tags":[142,141,140,72],"class_list":["post-247","post","type-post","status-publish","format-standard","hentry","category-oroszlany","tag-beteg","tag-diagnozis","tag-fejlodes","tag-gyarapodas"],"_links":{"self":[{"href":"https:\/\/www.mszporoszlany.hu\/index.php?rest_route=\/wp\/v2\/posts\/247","targetHints":{"allow":["GET"]}}],"collection":[{"href":"https:\/\/www.mszporoszlany.hu\/index.php?rest_route=\/wp\/v2\/posts"}],"about":[{"href":"https:\/\/www.mszporoszlany.hu\/index.php?rest_route=\/wp\/v2\/types\/post"}],"author":[{"embeddable":true,"href":"https:\/\/www.mszporoszlany.hu\/index.php?rest_route=\/wp\/v2\/users\/35"}],"replies":[{"embeddable":true,"href":"https:\/\/www.mszporoszlany.hu\/index.php?rest_route=%2Fwp%2Fv2%2Fcomments&post=247"}],"version-history":[{"count":0,"href":"https:\/\/www.mszporoszlany.hu\/index.php?rest_route=\/wp\/v2\/posts\/247\/revisions"}],"wp:attachment":[{"href":"https:\/\/www.mszporoszlany.hu\/index.php?rest_route=%2Fwp%2Fv2%2Fmedia&parent=247"}],"wp:term":[{"taxonomy":"category","embeddable":true,"href":"https:\/\/www.mszporoszlany.hu\/index.php?rest_route=%2Fwp%2Fv2%2Fcategories&post=247"},{"taxonomy":"post_tag","embeddable":true,"href":"https:\/\/www.mszporoszlany.hu\/index.php?rest_route=%2Fwp%2Fv2%2Ftags&post=247"}],"curies":[{"name":"wp","href":"https:\/\/api.w.org\/{rel}","templated":true}]}}