{"id":2479,"date":"2014-02-15T12:46:42","date_gmt":"2014-02-15T11:46:42","guid":{"rendered":"http:\/\/www.mszporoszlany.hu\/?p=2479"},"modified":"2014-03-20T06:36:27","modified_gmt":"2014-03-20T05:36:27","slug":"a-60-eve-tudni-magyar-nyelv","status":"publish","type":"post","link":"https:\/\/www.mszporoszlany.hu\/?p=2479","title":{"rendered":"A 60 \u00e9ve \u2013 tudni magyar nyelv"},"content":{"rendered":"<p><img loading=\"lazy\" decoding=\"async\" class=\"alignleft size-full wp-image-2480\" alt=\"60eves\" src=\"https:\/\/www.mszporoszlany.hu\/wp-content\/uploads\/2014\/02\/60eves.png\" width=\"200\" height=\"120\" \/>&#8222;K\u00e9t f\u00e9nyfelirat tudatja a R\u00e1k\u00f3czi \u00fat k\u00e9t oldal\u00e1n az Oroszl\u00e1nyon \u00e1thalad\u00f3kkal, hogy hatvan \u00e9vesek lett\u00fcnk \u2013 kezd\u0151dik a nagy magyar\u00e1zkod\u00e1s a <a title=\"Forr\u00e1s megtekint\u00e9se\" href=\"https:\/\/www.facebook.com\/media\/set\/?set=a.464166240373407.1073741881.235588759897824&amp;type=1\" target=\"_blank\">Facebook<\/a>-on, s a sz\u00f6veg \u00edgy folytat\u00f3dik: Sokan \u00e9rtetlenkednek azonban a sz\u00f6veg l\u00e1tt\u00e1n, mondv\u00e1n: teljess\u00e9ggel \u00e9rtelmetlen, avagy hib\u00e1s. Nos, tal\u00e1n er\u0151sen (!) szokatlan, de nem \u00e9rtelmetlen. Megfejt\u00e9se: id\u00e9n a HATVAN \u00e9ve van, mert minden a hatvanas sz\u00e1m b\u0171v\u00f6let\u00e9ben zajlik a v\u00e1rosban.<\/p>\n<p><!--more--><\/p>\n<p>Az\u00e9rt tal\u00e1n szerencs\u00e9sebb lett volna \u00fagy ki\u00edrni, hogy: A &#8222;60&#8221; \u00e9ve, vagy esetleg m\u00e1s sz\u00ednnel jel\u00f6lni a hatvanat, hogy az \u00edr\u00e1s \u00e9rtelm\u00e9n t\u00f6prengve kevesebben k\u00e1rhoztass\u00e1k a ki\u00f6tl\u0151k felmen\u0151it. Igaz, az illet\u00e9kes \u00f6nkorm\u00e1nyzati bizotts\u00e1gban azt mondt\u00e1k: nem baj, ha els\u0151re nem \u00e9rthet\u0151, legal\u00e1bb besz\u00e9lnek, vitatkoznak r\u00f3la, \u00edgy a felirat, a megfogalmaz\u00e1s jobban el\u00e9ri c\u00e9lj\u00e1t, azaz a figyelemfelkelt\u00e9st.&#8221;<\/p>\n<p>Miel\u0151tt dobna egy h\u00e1tast a kedves olvas\u00f3, lesz\u00f6gezz\u00fck: t\u00f6bb pedag\u00f3gus is meger\u0151s\u00edtette azon meggy\u0151z\u0151d\u00e9s\u00fcnket, hogy ez a megfogalmaz\u00e1s \u00edgy, ebben a form\u00e1ban tot\u00e1lisan \u00e9rtelmetlen, s akinek m\u00e9gis vannak k\u00e9ts\u00e9gei, az olvasson bele a webes megjegyz\u00e9sekbe.<\/p>\n<p>\u2013 Nem baj, ha els\u0151re nem \u00e9rthet\u0151, legal\u00e1bb besz\u00e9lnek, vitatkoznak r\u00f3la \u2013 hangzott el az illet\u00e9kes bizotts\u00e1gban, ami csup\u00e1n annyit jelent: mondjatok amit akartok, minden marad, ahogy mi akarjuk \u2013 ugye ismer\u0151s a m\u00f3dszer?<\/p>\n<p>Azt\u00e1n minap meg\u00e9rkezett kedvenc lapom is, az \u00daj K\u00e9thetes, s persze a c\u00edmlapon megint az eszement szlogen, ami most kieg\u00e9sz\u00fclt m\u00e9g egy rossz fogalmaz\u00e1ssal: OROSZL\u00c1NY 60 \u00c9VES!<\/p>\n<div id=\"attachment_2482\" style=\"width: 610px\" class=\"wp-caption aligncenter\"><img loading=\"lazy\" decoding=\"async\" aria-describedby=\"caption-attachment-2482\" class=\"size-full wp-image-2482  \" alt=\"A v\u00e1rosvezet\u00e9s ennyire van k\u00e9pben?\" src=\"https:\/\/www.mszporoszlany.hu\/wp-content\/uploads\/2014\/02\/UjKethetes.jpg\" width=\"600\" height=\"385\" srcset=\"https:\/\/www.mszporoszlany.hu\/wp-content\/uploads\/2014\/02\/UjKethetes.jpg 600w, https:\/\/www.mszporoszlany.hu\/wp-content\/uploads\/2014\/02\/UjKethetes-320x205.jpg 320w\" sizes=\"auto, (max-width: 600px) 100vw, 600px\" \/><p id=\"caption-attachment-2482\" class=\"wp-caption-text\">A v\u00e1rosvezet\u00e9s ennyire van k\u00e9pben?<\/p><\/div>\n<p>Nos, kedves szerz\u0151, ez a megfogalmaz\u00e1s megint nem igaz \u2013 mint annyi m\u00e1s az elm\u00falt \u00e9vekb\u0151l. Oroszl\u00e1ny ugyanis sokkal &#8222;\u00f6regebb&#8221; enn\u00e9l. Arra viszont joggal lehet\u00fcnk b\u00fcszk\u00e9k, hogy OROSZL\u00c1NY 60 \u00c9VE V\u00c1ROS, vagy, 60 \u00c9VE V\u00c1ROS OROSZL\u00c1NY!<\/p>\n<p>Az illet\u00e9kes bizotts\u00e1gnak pedig drukkolok: tov\u00e1bbi h\u00fclyes\u00e9gekkel, eszetlens\u00e9gekkel tegy\u00e9k vid\u00e1mm\u00e1 ezt az \u00e9vet \u2013 de meg lehetne pr\u00f3b\u00e1lni azt is, hogy ne ilyen \u00e9s hasonl\u00f3 bakl\u00f6v\u00e9sek miatt legyen eml\u00e9kezetes a jubileum!<\/p>\n","protected":false},"excerpt":{"rendered":"<p>K\u00e9t f\u00e9nyfelirat tudatja a R\u00e1k\u00f3czi \u00fat k\u00e9t oldal\u00e1n az Oroszl\u00e1nyon \u00e1thalad\u00f3kkal, hogy hatvan \u00e9vesek lett\u00fcnk \u2013 kezd\u0151dik a nagy magyar\u00e1zkod\u00e1s a Facebook-on, s a sz\u00f6veg \u00edgy folytat\u00f3dik: Sokan \u00e9rtetlenkednek azonban a sz\u00f6veg l\u00e1tt\u00e1n, mondv\u00e1n: teljess\u00e9ggel \u00e9rtelmetlen, avagy hib\u00e1s. Nos, tal\u00e1n er\u0151sen (!) szokatlan, de nem \u00e9rtelmetlen. Megfejt\u00e9se: id\u00e9n a HATVAN \u00e9ve van, mert minden a hatvanas sz\u00e1m b\u0171v\u00f6let\u00e9ben zajlik a v\u00e1rosban. <a href=\"https:\/\/www.mszporoszlany.hu\/?p=2479\">Egy kattint\u00e1s ide a folytat\u00e1shoz&#8230;. <span class=\"meta-nav\">&rarr;<\/span><\/a><\/p>\n","protected":false},"author":35,"featured_media":0,"comment_status":"open","ping_status":"closed","sticky":false,"template":"","format":"standard","meta":{"footnotes":""},"categories":[194],"tags":[1680,266,1764,105],"class_list":["post-2479","post","type-post","status-publish","format-standard","hentry","category-oroszlany","tag-a-60-eve","tag-facebook","tag-oroszlany","tag-uj-kethetes"],"_links":{"self":[{"href":"https:\/\/www.mszporoszlany.hu\/index.php?rest_route=\/wp\/v2\/posts\/2479","targetHints":{"allow":["GET"]}}],"collection":[{"href":"https:\/\/www.mszporoszlany.hu\/index.php?rest_route=\/wp\/v2\/posts"}],"about":[{"href":"https:\/\/www.mszporoszlany.hu\/index.php?rest_route=\/wp\/v2\/types\/post"}],"author":[{"embeddable":true,"href":"https:\/\/www.mszporoszlany.hu\/index.php?rest_route=\/wp\/v2\/users\/35"}],"replies":[{"embeddable":true,"href":"https:\/\/www.mszporoszlany.hu\/index.php?rest_route=%2Fwp%2Fv2%2Fcomments&post=2479"}],"version-history":[{"count":0,"href":"https:\/\/www.mszporoszlany.hu\/index.php?rest_route=\/wp\/v2\/posts\/2479\/revisions"}],"wp:attachment":[{"href":"https:\/\/www.mszporoszlany.hu\/index.php?rest_route=%2Fwp%2Fv2%2Fmedia&parent=2479"}],"wp:term":[{"taxonomy":"category","embeddable":true,"href":"https:\/\/www.mszporoszlany.hu\/index.php?rest_route=%2Fwp%2Fv2%2Fcategories&post=2479"},{"taxonomy":"post_tag","embeddable":true,"href":"https:\/\/www.mszporoszlany.hu\/index.php?rest_route=%2Fwp%2Fv2%2Ftags&post=2479"}],"curies":[{"name":"wp","href":"https:\/\/api.w.org\/{rel}","templated":true}]}}