{"id":2497,"date":"2014-02-26T06:45:13","date_gmt":"2014-02-26T05:45:13","guid":{"rendered":"http:\/\/www.mszporoszlany.hu\/?p=2497"},"modified":"2014-04-03T15:43:18","modified_gmt":"2014-04-03T14:43:18","slug":"idohuzas-sargalap","status":"publish","type":"post","link":"https:\/\/www.mszporoszlany.hu\/?p=2497","title":{"rendered":"Id\u0151h\u00faz\u00e1s, s\u00e1rgalap!"},"content":{"rendered":"<p><img loading=\"lazy\" decoding=\"async\" class=\"alignleft size-full wp-image-2498\" alt=\"sargalap\" src=\"https:\/\/www.mszporoszlany.hu\/wp-content\/uploads\/2014\/02\/sargalap.png\" width=\"200\" height=\"120\" \/>Az MSZP Oroszl\u00e1nyi Szervezet\u00e9nek Eln\u00f6ks\u00e9ge lev\u00e9lben fordult Czunyin\u00e9 dr. Bertalan Judit (t\u00f6bbek k\u00f6z\u00f6tt) korm\u00e1nymegb\u00edzott asszonyhoz, melyben jelezte, hogy a jelenleg hat\u00e1lyos jogszab\u00e1ly alapj\u00e1n az Oroszl\u00e1nyban megjelen\u0151 \u00daj K\u00e9thetes c\u00edm\u0171 kiadv\u00e1ny felel\u0151s kiad\u00f3ja kapcs\u00e1n \u00f6sszef\u00e9rhetetlens\u00e9g \u00e1ll fenn. Tak\u00e1cs K\u00e1roly ugyanis nem lehet polg\u00e1rmesterk\u00e9nt felel\u0151s kiad\u00f3 is.<\/p>\n<p><!--more--><\/p>\n<p>A Fidesz k\u00e9pvisel\u0151jel\u00f6ltje v\u00e1laszolt is a lev\u00e9lre, persze gondosan kiv\u00e1rva a t\u00f6rv\u00e9nyben szerepl\u0151 maxim\u00e1lis hat\u00e1rid\u0151t. A jogszab\u00e1ly \u00e1ll\u00e1sfoglal\u00e1smegs\u00e9rt\u00e9s\u00e9t illet\u0151en a (t\u00f6bbek k\u00f6z\u00f6tt) korm\u00e1nymegb\u00edzott asszony az \u00f6nkorm\u00e1nyzati t\u00f6rv\u00e9nyt id\u00e9zte, \u00e9s jelezte, hogy \u00e1ll\u00e1sfoglal\u00e1st k\u00e9rt a M\u00e9diahat\u00f3s\u00e1gt\u00f3l.<\/p>\n<p>\u00c9rdekl\u0151dve v\u00e1rjuk, hogy meddig lesz ny\u00fajtva a r\u00e9tes, ugyanis ilyen eset m\u00e1r t\u00f6rt\u00e9nt Pest megy\u00e9ben. Ott azzal v\u00e9gz\u0151d\u00f6tt, hogy a k\u00f6zp\u00e9nzb\u0151l, t\u00f6rv\u00e9nys\u00e9rt\u0151 m\u00f3d\u00f3n megjelen\u0151 kiadv\u00e1nyt meg kellett sz\u00fcntetni. Oroszl\u00e1ny sz\u00ednvonaltalan, t\u00f6rv\u00e9nys\u00e9rt\u0151, k\u00f6zp\u00e9nzb\u0151l megjelen\u0151 postal\u00e1da-t\u00f6ltel\u00e9ke mikor jut erre a sorsa?<\/p>\n<p>Vajon lesz olyan b\u00e1tor Czunyin\u00e9 dr. Bertalan Judit a t\u00e9rs\u00e9g jelenlegi orsz\u00e1ggy\u0171l\u00e9si k\u00e9pvisel\u0151je, korm\u00e1nymegb\u00edzottja, megyei \u00fatbiztosa (bizony \u0151 mind egy szem\u00e9ly, \u00e9s a c\u00edmek\u00e9rt j\u00e1r\u00f3 fizet\u00e9st is egy szem\u00e9ly kapja), hogy betartsa az \u00e1ltala megszavazatott t\u00f6rv\u00e9nyt? Vagy gy\u00e1va m\u00f3don elh\u00fazza a dolgot a v\u00e1laszt\u00e1sokig, \u00e9s az oroszl\u00e1nyi Fideszt \u00e9s saj\u00e1t mag\u00e1t m\u00e9g p\u00e1r h\u00f3napig t\u00f6rv\u00e9nytelen\u00fcl k\u00f6zp\u00e9nzen rekl\u00e1mozza?<\/p>\n","protected":false},"excerpt":{"rendered":"<p>Az MSZP Oroszl\u00e1nyi Szervezet\u00e9nek Eln\u00f6ks\u00e9ge lev\u00e9lben fordult Czunyin\u00e9 dr. Bertalan Judit (t\u00f6bbek k\u00f6z\u00f6tt) korm\u00e1nymegb\u00edzott asszonyhoz, melyben jelezte, hogy a jelenleg hat\u00e1lyos jogszab\u00e1ly alapj\u00e1n az Oroszl\u00e1nyban megjelen\u0151 \u00daj K\u00e9thetes c\u00edm\u0171 kiadv\u00e1ny felel\u0151s kiad\u00f3ja  kapcs\u00e1n \u00f6sszef\u00e9rhetetlens\u00e9g \u00e1ll fenn. Tak\u00e1cs K\u00e1roly ugyanis nem lehet polg\u00e1rmesterk\u00e9nt felel\u0151s kiad\u00f3 is. <a href=\"https:\/\/www.mszporoszlany.hu\/?p=2497\">Egy kattint\u00e1s ide a folytat\u00e1shoz&#8230;. <span class=\"meta-nav\">&rarr;<\/span><\/a><\/p>\n","protected":false},"author":35,"featured_media":0,"comment_status":"open","ping_status":"closed","sticky":false,"template":"","format":"standard","meta":{"footnotes":""},"categories":[194],"tags":[1687,1686,93,60,1685,431,1764,1678,9,436,105],"class_list":["post-2497","post","type-post","status-publish","format-standard","hentry","category-oroszlany","tag-mediahatosag","tag-allasfoglalas","tag-czunyine-dr-bertalan-judit","tag-fidesz","tag-kepviselojelolt","tag-kormanymegbizott","tag-oroszlany","tag-osszeferhetetlenseg","tag-takacs-karoly","tag-torvenyserto","tag-uj-kethetes"],"_links":{"self":[{"href":"https:\/\/www.mszporoszlany.hu\/index.php?rest_route=\/wp\/v2\/posts\/2497","targetHints":{"allow":["GET"]}}],"collection":[{"href":"https:\/\/www.mszporoszlany.hu\/index.php?rest_route=\/wp\/v2\/posts"}],"about":[{"href":"https:\/\/www.mszporoszlany.hu\/index.php?rest_route=\/wp\/v2\/types\/post"}],"author":[{"embeddable":true,"href":"https:\/\/www.mszporoszlany.hu\/index.php?rest_route=\/wp\/v2\/users\/35"}],"replies":[{"embeddable":true,"href":"https:\/\/www.mszporoszlany.hu\/index.php?rest_route=%2Fwp%2Fv2%2Fcomments&post=2497"}],"version-history":[{"count":0,"href":"https:\/\/www.mszporoszlany.hu\/index.php?rest_route=\/wp\/v2\/posts\/2497\/revisions"}],"wp:attachment":[{"href":"https:\/\/www.mszporoszlany.hu\/index.php?rest_route=%2Fwp%2Fv2%2Fmedia&parent=2497"}],"wp:term":[{"taxonomy":"category","embeddable":true,"href":"https:\/\/www.mszporoszlany.hu\/index.php?rest_route=%2Fwp%2Fv2%2Fcategories&post=2497"},{"taxonomy":"post_tag","embeddable":true,"href":"https:\/\/www.mszporoszlany.hu\/index.php?rest_route=%2Fwp%2Fv2%2Ftags&post=2497"}],"curies":[{"name":"wp","href":"https:\/\/api.w.org\/{rel}","templated":true}]}}