{"id":2518,"date":"2014-03-22T14:29:52","date_gmt":"2014-03-22T13:29:52","guid":{"rendered":"http:\/\/www.mszporoszlany.hu\/?p=2518"},"modified":"2014-04-09T07:30:38","modified_gmt":"2014-04-09T06:30:38","slug":"facebukos-gondolatok","status":"publish","type":"post","link":"https:\/\/www.mszporoszlany.hu\/?p=2518","title":{"rendered":"&#8216;Faceb\u00fakos&#8217; gondolatok"},"content":{"rendered":"<p><img loading=\"lazy\" decoding=\"async\" class=\"alignleft size-full wp-image-2519\" alt=\"mennifog\" src=\"https:\/\/www.mszporoszlany.hu\/wp-content\/uploads\/2014\/03\/mennifog.png\" width=\"200\" height=\"120\" \/>\u00daj divat h\u00f3d\u00edt az ellenz\u00e9ki oldalon! &#8211; az emberek egym\u00e1st kedvetlen\u00edtik el azzal, hogy mondogatj\u00e1k, nem lehet nyerni. Fel\u00fclnek hatalmas lelkesed\u00e9s mellett a korm\u00e1ny propagand\u00e1j\u00e1nak \u00e9s a korm\u00e1ny \u00e1ltal megrendelt f\u00fcggetlennek \u00e1lc\u00e1zott, kis mint\u00e1s telefonos k\u00f6zv\u00e9lem\u00e9ny kutat\u00e1si eredm\u00e9nyeknek. Mintha tudatosan az lenne a c\u00e9lunk, hogy saj\u00e1t magunkat r\u00fagjuk t\u00f6k\u00f6n \u00e9s ez okozzon sz\u00e1munkra hatalmas \u00f6r\u00f6m\u00f6t.<\/p>\n<p><!--more--><\/p>\n<p>Lassan mondom, hogy mindenki meg\u00e9rtse:<\/p>\n<p><strong>Orb\u00e1n Viktor \u00e9s diktat\u00far\u00e1ja \u00e1prilis 6-\u00e1n re\u00e1lis es\u00e9llyel lev\u00e1lthat\u00f3!<\/strong><\/p>\n<p>El kell menni a v\u00e1lasztani \u00e9s leadni a szavazatainkat! El\u0151tte meg mindenki legjobb tud\u00e1sa \u00e9s lehet\u0151s\u00e9ge szerint seg\u00edtse az ellenz\u00e9k kamp\u00e1ny\u00e1t. Ak\u00e1r m\u00e1r azzal is seg\u00edteni lehet, hogy nem terjeszt\u00fcnk depresszi\u00f3s j\u00f6vend\u00f6l\u00e9seket.<\/p>\n<p>Ne figyeljetek arra, hogy mit j\u00f6vend\u00f6lnek a k\u00f6zv\u00e9lem\u00e9ny kutat\u00f3k. Norm\u00e1lis esetben, a k\u00f6z v\u00e9lem\u00e9ny\u00e9nek kutat\u00e1sa, egy tudom\u00e1nyos szakma. Csakhogy ma Magyarorsz\u00e1gon m\u00e9g v\u00e9letlen\u00fcl sem besz\u00e9lhet\u00fcnk norm\u00e1lis \u00e1llapotokr\u00f3l. Az emberek egzisztenci\u00e1lis \u00e9s egy\u00e9b okok miatt f\u00e9lnek \u0151szinte v\u00e1laszt adni a k\u00f6zv\u00e9lem\u00e9ny kutat\u00f3knak. Amikor telefonon megk\u00e9rdezik arr\u00f3l \u0151ket, hogy kire szavazn\u00e1nak, azok akik dolgoznak, vagy m\u00e9g van f\u00e9lni val\u00f3juk, hajlamosak arra, hogy a nem sz\u00f3l sz\u00e1m, nem f\u00e1j fejem elv alapj\u00e1n, ink\u00e1bb a Fideszt mondj\u00e1k be v\u00e1lasznak, mert f\u00e9lnek att\u00f3l, hogy ha m\u00e1st tesznek annak k\u00f6vetkezm\u00e9nye lehet. \u00c9s ne legyen senkinek egy pillanatig se k\u00e9ts\u00e9ge azzal kapcsolatban, hogy most megint olyan id\u0151ket kell \u00e9ln\u00fcnk, amikor t\u00e9nyleg lehet is k\u00f6vetkezm\u00e9nye annak, ha valaki felv\u00e1llalja szemben\u00e1ll\u00e1s\u00e1t a regn\u00e1l\u00f3 hatalommal.<\/p>\n<p>A m\u00e9dia az egyik legfontosabb t\u00e1j\u00e9koz\u00f3d\u00e1si eszk\u00f6z az emberek sz\u00e1m\u00e1ra. A m\u00e9dia jelent\u0151sebb r\u00e9sz\u00e9t m\u00e1r felv\u00e1s\u00e1rolta mag\u00e1nak a korm\u00e1ny \u00e9s befoly\u00e1sa alatt tartja, a marad\u00e9k kis r\u00e9sz nagyobb t\u00f6bbs\u00e9g\u00e9t meg a bulv\u00e1r teszi ki. A regn\u00e1l\u00f3 rezsim, minden csatorn\u00e1j\u00e1n kereszt\u00fcl azt igyekszik k\u00f6zvet\u00edteni az emberek fel\u00e9, hogy lev\u00e1lthatatlan a hatalom \u00e9s ezzel el akarj\u00e1k venni az emberek kedv\u00e9t a cselekv\u00e9st\u0151l. Ne d\u0151ljetek be ostob\u00e1n a korm\u00e1ny tudatosan \u00e9s v\u00e9rprofi aljass\u00e1ggal fel\u00e9p\u00edtett propagand\u00e1j\u00e1nak. N\u00e9zz\u00fck ink\u00e1bb a t\u00e9nyeket.<\/p>\n<p>Az ellenz\u00e9ki \u00d6sszefog\u00e1s sz\u00e1m\u00e1ra pillanatok alatt \u00f6sszegy\u0171lt mindenhol az indul\u00e1st t\u00e1mogat\u00f3 al\u00e1\u00edr\u00e1s mennyis\u00e9g r\u00e1ad\u00e1sul a sz\u00fcks\u00e9ges mennyis\u00e9g minimum h\u00e1romszorosa gy\u0171lt \u00f6ssze jellemz\u0151en. \u00c9s azaz \u00e9rdekess\u00e9g ebben, hogy az \u00d6sszefog\u00e1snak nem kellett fizetett aktivist\u00e1k t\u00f6meg\u00e9vel agit\u00e1lni az embereket, hogy j\u00f6jjenek \u00e9s \u00edrjanak al\u00e1, hanem az emberek magukt\u00f3l j\u00f6ttek \u00e9s m\u00e9g most is, amikor m\u00e1r r\u00e9g t\u00fal vagyunk a gy\u0171jt\u00e9sen, al\u00e1\u00edrn\u00e1nak nek\u00fcnk. A Fidesz hatalmas t\u00f6meg\u0171 fizetett gy\u0171jt\u0151vel is szenvedett az\u00e9rt, hogy meglegyen neki. Gyertek el kitelep\u00fcl\u00e9sekre. N\u00e9zz\u00e9tek meg, hogy jellemz\u0151 l\u00e1tk\u00e9p ezeken, hogy a Fidesz standj\u00e1hoz alig megy oda p\u00e1r ember, az ellenz\u00e9ki standokhoz folyamatosan j\u00f6nnek, sok a biztat\u00e1s \u00e9s sz\u00edvesen fogadj\u00e1k anyagainkat. Az ellenz\u00e9k a legkisebb falvakban is mindenhol a legunalmasabb jel\u00f6lt lakoss\u00e1gi f\u00f3rum\u00e1ra is meg tudja t\u00f6lteni a lakoss\u00e1gi f\u00f3rumokat. A Fidesz hi\u00e1ba sz\u00e1ll\u00edtja a rezsi gy\u0171l\u00e9s\u00e9re is m\u00e1s helyekr\u0151l buszokkal az embereket, hi\u00e1ba fizet a f\u00f3rumaikon val\u00f3 r\u00e9szv\u00e9tel\u00e9rt is ak\u00e1r, nem siker\u00fcl telt h\u00e1zat szinte sehol. A kamp\u00e1ny sor\u00e1n az ellenz\u00e9ki oldal t\u00e1mogat\u00f3i egy\u00e9rtelm\u0171en \u00e9s l\u00e1tv\u00e1nyosan alkotj\u00e1k a t\u00f6bbs\u00e9get.<\/p>\n<p>A Fidesz, a t\u00e1rsadalom szinte minden csoportj\u00e1t\u00f3l elvett \u00e9s neh\u00e9z helyzetbe hozta. T\u00f6bb sz\u00e1zezer fiatal menek\u00fclt m\u00e1r el norm\u00e1lis \u00e9let rem\u00e9ny\u00e9ben miattuk az orsz\u00e1gb\u00f3l. 3 milli\u00f3 ember mag\u00e1n-megtakar\u00edt\u00e1s\u00e1t lopt\u00e1k el. T\u00edzezrek trafikj\u00e1t, f\u00f6ldj\u00e9t lopt\u00e1k el \u00e9s osztott\u00e1k sz\u00e9t haverjaiknak. T\u00f6nkre tett\u00e9k a rokkantakat, megfosztott\u00e1k \u0151ket jogos j\u00e1rand\u00f3s\u00e1gaikt\u00f3l. A rendv\u00e9delmi dolgoz\u00f3k, korkedvezm\u00e9nyes nyugd\u00edj\u00e1t a demokr\u00e1cia j\u00e1t\u00e9kszab\u00e1lyait felr\u00fagva megvont\u00e1k. T\u00f6nkre tett\u00e9k gyerekeink oktat\u00e1s\u00e1t, egy r\u00e9gim\u00f3di, poroszos rendszert vezettek be a progressz\u00edv oktat\u00e1si rendszer helyett. A nyugd\u00edjakat nem voltak hajland\u00f3ak az infl\u00e1ci\u00f3 m\u00e9rt\u00e9k\u00e9vel sem emelni. Elvett\u00e9k sok neh\u00e9z helyzet\u0171 gyerek el\u0151l a lehet\u0151s\u00e9get arra, hogy fels\u0151oktat\u00e1sban tanulhasson.<\/p>\n<p>A forinttal val\u00f3 spekul\u00e1ns j\u00e1tszadoz\u00e1sukkal, t\u00f6bb esetben is bed\u00f6nt\u00f6tt\u00e9k a forintot, ami sok v\u00e1llalkoz\u00e1st \u00e9s mag\u00e1nszem\u00e9lyt tett t\u00f6nkre. T\u00f6meg\u00e9vel bocs\u00e1tottak el embereket politikai okok miatt \u00e1ll\u00e1saikb\u00f3l. S\u00falyosan elhib\u00e1zott gazdas\u00e1g politik\u00e1jukkal olyan m\u00e9rt\u00e9kben tett\u00e9k t\u00f6nkre a piacot, hogy t\u00f6megesen mentek cs\u0151dbe v\u00e1llalkoz\u00e1sok, amire el\u0151tte nem igen volt p\u00e9lda, m\u00e9g a legnagyobb v\u00e1ls\u00e1g alatt sem.<\/p>\n<p>Haz\u00e1nkat Eur\u00f3pa sz\u00e9gyenpadj\u00e1ra k\u00e9nyszer\u00edtett\u00e9k, idi\u00f3ta &#8222;szabads\u00e1gharcukkal&#8221; \u00e9s v\u00e1llalhatatlan k\u00fclpolitik\u00e1jukkal. G\u0151zer\u0151vel dolgoznak a Horthy korszak restaur\u00e1ci\u00f3j\u00e1n, ami miatt t\u00f6megek \u00e9lnek ism\u00e9t f\u00e9lelemben. Milli\u00e1rdokat osztogatnak haveroknak, rokonoknak k\u00f6zp\u00e9nzekb\u0151l. Hosszan sorolhatn\u00e1m m\u00e9g azokat az aljas vagy ostoba int\u00e9zked\u00e9seiket, amikkel a t\u00e1rsadalom k\u00fcl\u00f6nb\u00f6z\u0151 csoportjait lehetetlen\u00edtett\u00e9k el. \u00c9s ha senki m\u00e1s, csak az a 3 milli\u00f3 szavaz ellen\u00fck, akiknek a mag\u00e1n megtakar\u00edt\u00e1s\u00e1t ellopt\u00e1k, m\u00e1r az is b\u0151ven el\u00e9g ahhoz, hogy megszabaduljon az orsz\u00e1g a diktat\u00far\u00e1t\u00f3l.<\/p>\n<p>&#8222;Nem lehet, nem lehet, \u00e9rts\u00e9tek meg nem lehet! Hit n\u00e9lk\u00fcl sem alkotni, sem \u00e9lni nem lehet!&#8221; A gy\u0151zelem egyik alapfelt\u00e9tele, hogy mi magunk higgy\u00fcnk a siker lehet\u0151s\u00e9g\u00e9ben. Amit a kamp\u00e1nyban tapasztalok, az alapj\u00e1n a magam r\u00e9sz\u00e9r\u0151l szil\u00e1rdan meg vagyok gy\u0151z\u0151dve arr\u00f3l, hogy az Orb\u00e1n rezsim elnyom\u00e1sa al\u00f3l 2014. \u00e1prilis 6-\u00e1n meg fog szabadulni az orsz\u00e1g, mert elegen vagyunk demokrat\u00e1k ahhoz, hogy meg\u00e1ll\u00edtsuk a t\u00e9bolyult Vez\u00e9r \u00e9s hord\u00e1j\u00e1nak \u00e1mokfut\u00e1s\u00e1t. Tanuljunk m\u00e1r meg v\u00e9gre \u00fajra hinni magunkban \u00e9s egym\u00e1sban.<\/p>\n<p>Bib\u00f3 mondta: &#8222;Demokrat\u00e1nak lenni annyi, mint nem f\u00e9lni.&#8221; Beszarva kedves bar\u00e1taim nem lehet nyerni, el\u0151bb saj\u00e1t kishit\u0171s\u00e9g\u00fcnket gy\u0151zz\u00fck le \u00e9s ha ezt siker\u00fcl el\u00e9rni, m\u00e1r csak laza csukl\u00f3 gyakorlat lesz Orb\u00e1n\u00e9k elzavar\u00e1sa. \u00c9n ebben hiszek. Ha te is hiszel a lehet\u0151s\u00e9gben, akkor legal\u00e1bb annyival seg\u00edts\u00e9l, hogy elmondod m\u00e1soknak is:<\/p>\n<p><strong>Re\u00e1lis es\u00e9ly\u00fcnk van gy\u0151zni!<\/strong><br \/>\n<strong> Orb\u00e1nnak takarodnia kell!<\/strong><\/p>\n<p>Forr\u00e1s: Sz\u00e1munkra Ismeretlen Facebook szerz\u0151!<\/p>\n","protected":false},"excerpt":{"rendered":"<p>\u00daj divat h\u00f3d\u00edt az ellenz\u00e9ki oldalon! &#8211; az emberek egym\u00e1st kedvetlen\u00edtik el azzal, hogy mondogatj\u00e1k, nem lehet nyerni. Fel\u00fclnek hatalmas lelkesed\u00e9s mellett a korm\u00e1ny propagand\u00e1j\u00e1nak \u00e9s a korm\u00e1ny \u00e1ltal megrendelt f\u00fcggetlennek \u00e1lc\u00e1zott, kis mint\u00e1s telefonos k\u00f6zv\u00e9lem\u00e9ny kutat\u00e1si eredm\u00e9nyeknek. Mintha tudatosan az lenne a c\u00e9lunk, hogy saj\u00e1t magunkat r\u00fagjuk t\u00f6k\u00f6n \u00e9s ez okozzon sz\u00e1munkra hatalmas \u00f6r\u00f6m\u00f6t. <a href=\"https:\/\/www.mszporoszlany.hu\/?p=2518\">Egy kattint\u00e1s ide a folytat\u00e1shoz&#8230;. <span class=\"meta-nav\">&rarr;<\/span><\/a><\/p>\n","protected":false},"author":35,"featured_media":0,"comment_status":"open","ping_status":"closed","sticky":false,"template":"","format":"standard","meta":{"footnotes":""},"categories":[1,196],"tags":[1688,60,1637,1332,1689],"class_list":["post-2518","post","type-post","status-publish","format-standard","hentry","category-egyeb","category-magyarorszag","tag-2014-04-06","tag-fidesz","tag-fidesz-csoport-elnok","tag-orban","tag-valasztasok"],"_links":{"self":[{"href":"https:\/\/www.mszporoszlany.hu\/index.php?rest_route=\/wp\/v2\/posts\/2518","targetHints":{"allow":["GET"]}}],"collection":[{"href":"https:\/\/www.mszporoszlany.hu\/index.php?rest_route=\/wp\/v2\/posts"}],"about":[{"href":"https:\/\/www.mszporoszlany.hu\/index.php?rest_route=\/wp\/v2\/types\/post"}],"author":[{"embeddable":true,"href":"https:\/\/www.mszporoszlany.hu\/index.php?rest_route=\/wp\/v2\/users\/35"}],"replies":[{"embeddable":true,"href":"https:\/\/www.mszporoszlany.hu\/index.php?rest_route=%2Fwp%2Fv2%2Fcomments&post=2518"}],"version-history":[{"count":0,"href":"https:\/\/www.mszporoszlany.hu\/index.php?rest_route=\/wp\/v2\/posts\/2518\/revisions"}],"wp:attachment":[{"href":"https:\/\/www.mszporoszlany.hu\/index.php?rest_route=%2Fwp%2Fv2%2Fmedia&parent=2518"}],"wp:term":[{"taxonomy":"category","embeddable":true,"href":"https:\/\/www.mszporoszlany.hu\/index.php?rest_route=%2Fwp%2Fv2%2Fcategories&post=2518"},{"taxonomy":"post_tag","embeddable":true,"href":"https:\/\/www.mszporoszlany.hu\/index.php?rest_route=%2Fwp%2Fv2%2Ftags&post=2518"}],"curies":[{"name":"wp","href":"https:\/\/api.w.org\/{rel}","templated":true}]}}