{"id":2529,"date":"2014-03-27T06:17:08","date_gmt":"2014-03-27T05:17:08","guid":{"rendered":"http:\/\/www.mszporoszlany.hu\/?p=2529"},"modified":"2014-05-06T18:31:12","modified_gmt":"2014-05-06T17:31:12","slug":"hazudozos-osszeferhetetlenek","status":"publish","type":"post","link":"https:\/\/www.mszporoszlany.hu\/?p=2529","title":{"rendered":"Hazudoz\u00f3s \u00f6sszef\u00e9rhetetlenek"},"content":{"rendered":"<p><img loading=\"lazy\" decoding=\"async\" class=\"alignleft size-full wp-image-2467\" alt=\"kethetes\" src=\"https:\/\/www.mszporoszlany.hu\/wp-content\/uploads\/2014\/01\/kethetes.jpg\" width=\"200\" height=\"120\" \/>2014. janu\u00e1r v\u00e9g\u00e9n jelezt\u00fck, hogy az &#8222;\u00daj K\u00e9thetes&#8221;, amely egy oroszl\u00e1nyi ad\u00f3forintokb\u00f3l finansz\u00edrozott fideszes politikai kiadv\u00e1ny, (beazonos\u00edthat\u00f3 m\u00f3don 2011. m\u00e1jus 23-a \u00f3ta, azaz k\u00f6zel h\u00e1rom \u00e9ve) jogszab\u00e1lyellenesen jelenik meg.<\/p>\n<p><!--more--><\/p>\n<p><i>(R\u00f6viden a janu\u00e1ri cikk: A Megyei Korm\u00e1nyhivatalhoz fordult az MSZP helyi szervezet\u00e9nek eln\u00f6ks\u00e9ge, eld\u00f6ntend\u0151: \u00f6sszef\u00e9rhetetlen-e a polg\u00e1rmesteri m\u00e9lt\u00f3s\u00e1ggal az, hogy Tak\u00e1cs K\u00e1roly az \u00daJ K\u00c9THETES c\u00edm\u0171 \u201ek\u00f6z\u00e9leti\u201d \u00fajs\u00e1g felel\u0151s kiad\u00f3ja is egyben?A k\u00e9rd\u00e9s az\u00e9rt aktu\u00e1lis, mert Csob\u00e1nka telep\u00fcl\u00e9sen egy hasonl\u00f3 \u00fcgyben, a helyi kiadv\u00e1nnyal kapcsolatban a Pest Megyei Korm\u00e1nyhivatal a k\u00f6vetkez\u0151 meg\u00e1llap\u00edt\u00e1st tette: az \u00f6nkorm\u00e1nyzati t\u00f6rv\u00e9ny kimondja, \u201ea polg\u00e1rmester illetve \u00f6nkorm\u00e1nyzati k\u00e9pvisel\u0151 nem lehet \u2013 egyebek mellett \u2013 helyi \u00e9s k\u00f6z\u00e9leti m\u00e9diaszolg\u00e1ltat\u00f3, lapkiad\u00f3, lapterjeszt\u0151 vezet\u0151je, vezet\u0151 test\u00fclet\u00e9nek tagja, \u00fcgyvezet\u0151je ezek vezet\u0151 \u00e1ll\u00e1s\u00fa alkalmazottja.\u201d)<\/i><\/p>\n<p>A probl\u00e9m\u00e1ra az MSZP frakci\u00f3ja felh\u00edvta figyelmet egy test\u00fcleti \u00fcl\u00e9sen, tov\u00e1bb\u00e1 ezzel kapcsolatosan hivatalos jelz\u00e9ssel \u00e9lt\u00fcnk a Kom\u00e1rom-Esztergom Megyei Korm\u00e1nyhivatal vezet\u0151j\u00e9hez \u2013 Czunyin\u00e9 dr. Bertalan Judithoz \u2013 (milyen \u00e9rdekes \u0151 is \u00e9ppen fideszes), aki 2014. febru\u00e1r 20-i v\u00e1lasz\u00e1ban teljes t\u00e1j\u00e9kozatlans\u00e1gr\u00f3l \u00e1rulkod\u00f3 v\u00e1laszt adott.<\/p>\n<p>T\u00e1j\u00e9koztatott benn\u00fcnket arr\u00f3l, hogy a t\u00e9m\u00e1ban csak a Nemzeti M\u00e9dia- \u00e9s H\u00edrk\u00f6zl\u00e9si Hat\u00f3s\u00e1g \u00e1ll\u00e1sfoglal\u00e1s\u00e1t k\u00f6vet\u0151en tudja kialak\u00edtani v\u00e9lem\u00e9ny\u00e9t. (Csak \u00e9rdekess\u00e9gk\u00e9nt jegyezz\u00fck meg, janu\u00e1ri cikk\u00fcnkben jelezt\u00fck, hogy hasonl\u00f3 eset t\u00f6rt\u00e9nt m\u00e1r Csob\u00e1nk\u00e1n is, amely esetr\u0151l az ottani korm\u00e1nyhivatal vezet\u0151je \u2013 minden tan\u00e1csk\u00e9r\u00e9s n\u00e9lk\u00fcl, a jogszab\u00e1ly egyszer\u0171 \u00e9rtelmez\u00e9s\u00e9t k\u00f6vet\u0151en \u2013 egy\u00e9rtelm\u0171en kimondta, hogy \u00f6sszef\u00e9rhetetlens\u00e9g esete \u00e1ll fent. Ehhez az oroszl\u00e1nyiakat is k\u00e9pvisel\u0151 orsz\u00e1ggy\u0171l\u00e9si k\u00e9pvisel\u0151-asszonynak, Kom\u00e1rom-Esztergom megyei \u00fatfel\u00fcgyel\u0151nek \u00e9s t\u00f6bbek k\u00f6z\u00f6tt m\u00e9g korm\u00e1nyhivatal vezet\u0151nek is (aki mellesleg saj\u00e1t jogon dr.) szakmai \u00e1ll\u00e1sfoglal\u00e1s kellett. \u0150 tudja!<\/p>\n<p>Persze nem pihent a ny\u00edltan sz\u00e9ls\u0151jobboldali gondolatokkal \u00e9s megnyilatkoz\u00e1sokkal oper\u00e1l\u00f3 helyi lapszerkeszt\u0151 sem, aki cikk\u00fcnkh\u00f6z f\u0171z\u00f6tt kekecked\u0151 hangv\u00e9tel\u0171, jog\u00e1szkod\u00f3 v\u00e9lem\u00e9ny\u00e9ben kioktatott benn\u00fcnket a m\u00e9diat\u00f6rv\u00e9ny ide vonatkoz\u00f3 passzusair\u00f3l \u00e9s term\u00e9szetesen azok megfelel\u0151 \u00e9rtelmez\u00e9s\u00e9r\u0151l is. S\u0151t fest\u00e9ket \u00e9s pap\u00edrt nem k\u00edm\u00e9lve m\u00e9g egy okoskod\u00f3 \u2013 \u00e9s persze a baloldalt s\u00e1rba tipr\u00f3 \u2013 irom\u00e1nyt is kipr\u00e9selt mag\u00e1b\u00f3l, hogy k\u00f6zp\u00e9nzen t\u00e1j\u00e9koztassa az oroszl\u00e1nyiakat arr\u00f3l, itt minden t\u00f6k\u00e9letes, t\u00f6rv\u00e9nyes \u00e9s sz\u00f3 sincs \u00f6sszef\u00e9rhetetlens\u00e9gr\u0151l.<\/p>\n<p><b>No akkor l\u00e1ssuk a csattan\u00f3t!<\/b><\/p>\n<p>A minap (2014. m\u00e1rcius 24.) kaptunk egy levelet a KEM Korm\u00e1nyhivatal nagybecs\u0171 vezet\u0151j\u00e9t\u0151l, amelyben arr\u00f3l t\u00e1j\u00e9koztat benn\u00fcnket, az &#8222;\u00daj K\u00e9thetes&#8221; kiadv\u00e1nnyal kapcsolatosan, hogy azt 2014. m\u00e1rcius 12-\u00e9n a Nemzeti M\u00e9dia- \u00e9s H\u00edrk\u00f6zl\u00e9si Hat\u00f3s\u00e1g t\u00f6r\u00f6lte a nyilv\u00e1ntart\u00e1sb\u00f3l. Vagyis b\u00e1rmennyire is replik\u00e1zunk az \u00f6sszef\u00e9rhetetlens\u00e9g miatt, 1990. \u00e9vi LXV. t\u00f6rv\u00e9ny 33\/A. \u00a7 (1) bekezd\u00e9s\u00e9nek s) pontj\u00e1ban foglaltak alapj\u00e1n \u00f6sszef\u00e9rhetetlens\u00e9g nem \u00e1ll fenn.<\/p>\n<p>\u00dcgyes! Ahogy kedves &#8222;sz\u00e9kely&#8221; bar\u00e1tom szokta mondani: Nem szartak a k\u00fatba, csak a k\u00e1v\u00e1j\u00e1ra, oszt b\u00e9l\u00f6kt\u00e9k! Na ennyit azokr\u00f3l, akiknek alapvet\u0151 feladata a t\u00f6rv\u00e9nyess\u00e9g k\u00e9pviselete \u00e9s fenntart\u00e1sa lenne, \u00e9s nem tesznek egyebet, mint hazudoznak \u00e9s \u00f6sszef\u00e9rhetetlenkednek!<\/p>\n<p>De mint tudjuk a hazugembert hamarabb utol\u00e9rik, mint a s\u00e1nta kuty\u00e1t!<\/p>\n","protected":false},"excerpt":{"rendered":"<p>2014. janu\u00e1r v\u00e9g\u00e9n jelezt\u00fck, hogy az &#8222;\u00daj K\u00e9thetes&#8221;, amely egy oroszl\u00e1nyi ad\u00f3forintokb\u00f3l finansz\u00edrozott fideszes politikai kiadv\u00e1ny, (beazonos\u00edthat\u00f3 m\u00f3don 2011. m\u00e1jus 23-a \u00f3ta, azaz k\u00f6zel h\u00e1rom \u00e9ve) jogszab\u00e1lyellenesen jelenik meg. <a href=\"https:\/\/www.mszporoszlany.hu\/?p=2529\">Egy kattint\u00e1s ide a folytat\u00e1shoz&#8230;. <span class=\"meta-nav\">&rarr;<\/span><\/a><\/p>\n","protected":false},"author":35,"featured_media":0,"comment_status":"open","ping_status":"closed","sticky":false,"template":"","format":"standard","meta":{"footnotes":""},"categories":[194],"tags":[1692,93,320,1678,9,105],"class_list":["post-2529","post","type-post","status-publish","format-standard","hentry","category-oroszlany","tag-adoforint","tag-czunyine-dr-bertalan-judit","tag-kozpenz","tag-osszeferhetetlenseg","tag-takacs-karoly","tag-uj-kethetes"],"_links":{"self":[{"href":"https:\/\/www.mszporoszlany.hu\/index.php?rest_route=\/wp\/v2\/posts\/2529","targetHints":{"allow":["GET"]}}],"collection":[{"href":"https:\/\/www.mszporoszlany.hu\/index.php?rest_route=\/wp\/v2\/posts"}],"about":[{"href":"https:\/\/www.mszporoszlany.hu\/index.php?rest_route=\/wp\/v2\/types\/post"}],"author":[{"embeddable":true,"href":"https:\/\/www.mszporoszlany.hu\/index.php?rest_route=\/wp\/v2\/users\/35"}],"replies":[{"embeddable":true,"href":"https:\/\/www.mszporoszlany.hu\/index.php?rest_route=%2Fwp%2Fv2%2Fcomments&post=2529"}],"version-history":[{"count":0,"href":"https:\/\/www.mszporoszlany.hu\/index.php?rest_route=\/wp\/v2\/posts\/2529\/revisions"}],"wp:attachment":[{"href":"https:\/\/www.mszporoszlany.hu\/index.php?rest_route=%2Fwp%2Fv2%2Fmedia&parent=2529"}],"wp:term":[{"taxonomy":"category","embeddable":true,"href":"https:\/\/www.mszporoszlany.hu\/index.php?rest_route=%2Fwp%2Fv2%2Fcategories&post=2529"},{"taxonomy":"post_tag","embeddable":true,"href":"https:\/\/www.mszporoszlany.hu\/index.php?rest_route=%2Fwp%2Fv2%2Ftags&post=2529"}],"curies":[{"name":"wp","href":"https:\/\/api.w.org\/{rel}","templated":true}]}}