{"id":2539,"date":"2014-04-13T07:09:25","date_gmt":"2014-04-13T06:09:25","guid":{"rendered":"http:\/\/www.mszporoszlany.hu\/?p=2539"},"modified":"2014-05-06T18:31:03","modified_gmt":"2014-05-06T17:31:03","slug":"tisztelt-szavazok","status":"publish","type":"post","link":"https:\/\/www.mszporoszlany.hu\/?p=2539","title":{"rendered":"Tisztelt Szavaz\u00f3k!"},"content":{"rendered":"<p><strong><br \/>\nTisztelt Szavaz\u00f3k!<\/strong><br \/>\n<strong> Kedves T\u00e1mogat\u00f3ink!<\/strong><\/p>\n<p>Lezajlott a 2014. esztend\u0151 els\u0151 nagy jelent\u0151s\u00e9g\u0171 v\u00e1laszt\u00e1sa! A magyar emberek \u00fajabb n\u00e9gy \u00e9vre hat\u00e1rozt\u00e1k meg az orsz\u00e1g m\u0171k\u00f6d\u00e9s\u00e9nek ir\u00e1ny\u00e1t, ezzel annak sors\u00e1t is. Hitt\u00fck \u00e9s hissz\u00fck, hogy az orsz\u00e1g az elm\u00falt n\u00e9gy \u00e9vben rossz ir\u00e1nyba haladt \u00e9s sajnos ma m\u00e1r azt is tudjuk, hogy ez az ir\u00e1ny tov\u00e1bbra is v\u00e1ltozatlan marad.<\/p>\n<p><!--more--><\/p>\n<p>Sajn\u00e1lattal vett\u00fck tudom\u00e1sul, hogy az el\u0151z\u0151 n\u00e9gy \u00e9v &#8222;hangulata&#8221; t\u00f6bb mint 3 milli\u00f3 embert\u00e1rsunknak \u00fczente \u2013 &#8222;Nincs rem\u00e9ny, ne is \u00e1lmodozz!&#8221; T\u00f6bb mint 500 ezer k\u00fclf\u00f6ld\u00f6n \u00e9l\u0151 honfit\u00e1rsunk pedig csak minim\u00e1lis es\u00e9lyt kapott arra, hogy megjelen\u00edthesse v\u00e1laszt\u00f3i akarat\u00e1t. Mindennek ellen\u00e9re, s\u0151t a Fidesz g\u00e9pezet mindenf\u00e9le mesterked\u00e9s\u00e9nek ellen\u00e9re jav\u00edtani tudtunk n\u00e9gy \u00e9vvel ezel\u0151tti eredm\u00e9nyeinken. Ezt azoknak k\u00f6sz\u00f6nhetj\u00fck, akik sz\u00f6vetkeztek vel\u00fcnk \u00e9s t\u00e1mogatt\u00e1k a demokratikusan gondolkod\u00f3 \u00e9s tev\u00e9kenyked\u0151 emberek \u2013 sajnos egyel\u0151re kisebbs\u00e9gben l\u00e9v\u0151 \u2013 csapat\u00e1t. Ez\u00faton is szeretn\u00e9nk mindenkinek megk\u00f6sz\u00f6nni ezt a hihetetlen nagy seg\u00edts\u00e9get \u00e9s lelkesed\u00e9st.<\/p>\n<p>Ugyan ez a fontos csata most elveszett, de ahogy mondani szokt\u00e1k a k\u00fczdelmeknek m\u00e9g nincs v\u00e9ge. A demokr\u00e1cia \u00e9s a demokratikus m\u0171k\u00f6d\u00e9s fontos \u00e9rt\u00e9k, amelyet ebben az \u00e9vben m\u00e9g k\u00e9tszer lehet \u00e9s kell megv\u00e9deni. Az egyik esem\u00e9ny az Eur\u00f3pai Uni\u00f3s v\u00e1laszt\u00e1s, amelynek kamp\u00e1nya m\u00e1r elkezd\u0151d\u00f6tt. A m\u00e1sik pedig az \u00f6nkorm\u00e1nyzati v\u00e1laszt\u00e1s, amely ugyan m\u00e9g messzi feladatnak t\u0171nik, de nagyon hamar itt lesz. Az \u00f6nkorm\u00e1nyzatis\u00e1g a demokr\u00e1cia v\u00e9gs\u0151 v\u00e9dvonala. Ez\u00e9rt k\u00e9r\u00fcnk mindenkit az ellenz\u00e9ki oldalon, hogy az \u00f6nkorm\u00e1nyzati v\u00e1laszt\u00e1sokra tartal\u00e9koljanak mun\u00edci\u00f3t, energi\u00e1t, \u00f6tletet \u00e9s f\u0151leg nagyon sok lelkesed\u00e9st.<\/p>\n<p>Ism\u00e9telten megk\u00f6sz\u00f6nve megtisztel\u0151 t\u00e1mogat\u00e1sukat, \u00fcdv\u00f6zlettel:<\/p>\n<p>Sz\u00e9kely Antal<br \/>\nKEM 3. EO k\u00e9pvisel\u0151jel\u00f6lt<\/p>\n<p>\u00e9s az MSZP Oroszl\u00e1nyi Szervezet\u00e9nek<br \/>\neln\u00f6ks\u00e9gi tagjai<\/p>\n","protected":false},"excerpt":{"rendered":"<p>Tisztelt Szavaz\u00f3k! Kedves T\u00e1mogat\u00f3ink! Lezajlott a 2014. esztend\u0151 els\u0151 nagy jelent\u0151s\u00e9g\u0171 v\u00e1laszt\u00e1sa! A magyar emberek \u00fajabb n\u00e9gy \u00e9vre hat\u00e1rozt\u00e1k meg az orsz\u00e1g m\u0171k\u00f6d\u00e9s\u00e9nek ir\u00e1ny\u00e1t, ezzel annak sors\u00e1t is. Hitt\u00fck \u00e9s hissz\u00fck, hogy az orsz\u00e1g az elm\u00falt n\u00e9gy \u00e9vben rossz ir\u00e1nyba &hellip; <a href=\"https:\/\/www.mszporoszlany.hu\/?p=2539\">Egy kattint\u00e1s ide a folytat\u00e1shoz&#8230;. <span class=\"meta-nav\">&rarr;<\/span><\/a><\/p>\n","protected":false},"author":35,"featured_media":0,"comment_status":"closed","ping_status":"closed","sticky":false,"template":"","format":"aside","meta":{"footnotes":""},"categories":[1],"tags":[],"class_list":["post-2539","post","type-post","status-publish","format-aside","hentry","category-egyeb","post_format-post-format-aside"],"_links":{"self":[{"href":"https:\/\/www.mszporoszlany.hu\/index.php?rest_route=\/wp\/v2\/posts\/2539","targetHints":{"allow":["GET"]}}],"collection":[{"href":"https:\/\/www.mszporoszlany.hu\/index.php?rest_route=\/wp\/v2\/posts"}],"about":[{"href":"https:\/\/www.mszporoszlany.hu\/index.php?rest_route=\/wp\/v2\/types\/post"}],"author":[{"embeddable":true,"href":"https:\/\/www.mszporoszlany.hu\/index.php?rest_route=\/wp\/v2\/users\/35"}],"replies":[{"embeddable":true,"href":"https:\/\/www.mszporoszlany.hu\/index.php?rest_route=%2Fwp%2Fv2%2Fcomments&post=2539"}],"version-history":[{"count":0,"href":"https:\/\/www.mszporoszlany.hu\/index.php?rest_route=\/wp\/v2\/posts\/2539\/revisions"}],"wp:attachment":[{"href":"https:\/\/www.mszporoszlany.hu\/index.php?rest_route=%2Fwp%2Fv2%2Fmedia&parent=2539"}],"wp:term":[{"taxonomy":"category","embeddable":true,"href":"https:\/\/www.mszporoszlany.hu\/index.php?rest_route=%2Fwp%2Fv2%2Fcategories&post=2539"},{"taxonomy":"post_tag","embeddable":true,"href":"https:\/\/www.mszporoszlany.hu\/index.php?rest_route=%2Fwp%2Fv2%2Ftags&post=2539"}],"curies":[{"name":"wp","href":"https:\/\/api.w.org\/{rel}","templated":true}]}}