{"id":2547,"date":"2014-04-17T06:48:57","date_gmt":"2014-04-17T05:48:57","guid":{"rendered":"http:\/\/www.mszporoszlany.hu\/?p=2547"},"modified":"2014-05-06T18:32:11","modified_gmt":"2014-05-06T17:32:11","slug":"ez-a-varosod-vagy-csak-a-lakohelyed","status":"publish","type":"post","link":"https:\/\/www.mszporoszlany.hu\/?p=2547","title":{"rendered":"Ez a v\u00e1rosod, vagy csak a lak\u00f3helyed?"},"content":{"rendered":"<p><img loading=\"lazy\" decoding=\"async\" class=\"alignleft size-full wp-image-322\" src=\"https:\/\/www.mszporoszlany.hu\/wp-content\/uploads\/2012\/03\/szavazas.jpg\" alt=\"szavazas\" width=\"200\" height=\"120\" \/>Tal\u00e1n vannak olvas\u00f3ink k\u00f6z\u00f6tt olyanok, akik \u2013 mint r\u00e9gi internetez\u0151k \u2013 eml\u00e9keznek m\u00e9g arra a kb. t\u00edz \u00e9vvel ezel\u0151tti diskurzusra az egyik v\u00e1rosi f\u00f3rumon, hogy igaz\u00e1n v\u00e1ros-e Oroszl\u00e1ny, vagy csak a b\u00e1nya miatt az orsz\u00e1g sz\u00e1mtalan telep\u00fcl\u00e9s\u00e9r\u0151l \u00e9rkez\u0151k ideiglenes lak\u00f3helye? Hogy milyen itt lok\u00e1lpatri\u00f3t\u00e1nak lenni, van-e egy\u00e1ltal\u00e1n v\u00e9lem\u00e9nyform\u00e1l\u00f3 \u00e9rtelmis\u00e9g? Sz\u00f3val ilyen csacskas\u00e1gokr\u00f3l folyt a vita a vil\u00e1gh\u00e1l\u00f3n, s mindez most az\u00e9rt jutott eszembe, mert \u00f3r\u00e1kig n\u00e9zegettem, hasonl\u00edtgattam a v\u00e1laszt\u00e1s oroszl\u00e1nyi szelet\u00e9t \u00e9s eredm\u00e9nyeit.<\/p>\n<p><!--more--><\/p>\n<p>Nyilv\u00e1nval\u00f3 volt, hogy Czunyin\u00e9 dr. Bertalan Judit a nagyobb v\u00e1laszt\u00e1si k\u00f6rzetben sokkal nagyobb ismerts\u00e9gnek \u00f6rvendett, az elm\u00falt \u00e9vekben, ha kellett, ha nem, szinte mindenhol megjelent, s besz\u00e9det is mondott. Mivel eleve e szempontb\u00f3l lejtett a p\u00e1lya, nem volt k\u00e9ts\u00e9ges, hogy b\u00e1rkinek, aki felveszi a keszty\u0171t, k\u00f3dolva van a buk\u00e1sa, amihez \u2013 term\u00e9szetesen \u2013 a rezsics\u00f6kkent\u00e9st\u0151l kezdve a m\u0171f\u00fcves p\u00e1ly\u00e1kig, a stadionokig sok minden szolg\u00e1ltatta m\u00e9g a mun\u00edci\u00f3t.<\/p>\n<p>Mindezek ellen\u00e9re le a kalappal Sz\u00e9kely Antal el\u0151tt, aki legal\u00e1bb megpr\u00f3b\u00e1lta, s ha gy\u0151zni nem is tudott, sokat dolgozott, s tisztesen helyt\u00e1llt \u2013 legal\u00e1bb is Oroszl\u00e1nyban, hiszen itt minim\u00e1lisan, 6 szavazattal, 3073-3067-re kapott ki. Ugyanakkor tal\u00e1n elgondolkodtat\u00f3 lehet, hogy Sz\u00e9kely \u00fagy maradt alul, hogy \u00e9vtizedek \u00f3ta a k\u00f6z\u00e9rt dolgozik itt helyben pedag\u00f3gusk\u00e9nt, k\u00f6z\u00e9leti emberk\u00e9nt, s 4 \u00e9vig (1994-1998) polg\u00e1rmesterk\u00e9nt.<\/p>\n<p>A sz\u00e1mokat tov\u00e1bb b\u00f6ng\u00e9szve k\u00e9t dolog t\u0171nik fel: a jobboldal \u00e9s a baloldal \u00f6sszevet\u00e9s\u00e9b\u0151l az der\u00fcl ki, hogy az egykori szocialista v\u00e1ros igencsak eltol\u00f3dott, hiszen mintegy 5 ezren a Fidesz-KDNP-re, vagy a JOBBIK-ra adt\u00e1k voksukat, az MSZP-re 3 ezren. A m\u00e1sodik, hogy az orsz\u00e1gos \u00e1tlag alatt j\u00e1rultak urna el\u00e9 a telep\u00fcl\u00e9s polg\u00e1rai, azaz t\u00f6bb mint 40 %-uk otthonr\u00f3l, vagy a kiskertb\u0151l k\u00f6vette az esem\u00e9nyeket. Hogy kik \u0151k? Tal\u00e1n a der\u00e9kban kett\u00e9t\u00f6rt fegyveres test\u00fcletek tagjai, a megal\u00e1zott pedag\u00f3gusok, vagy a kisemmizett rokkantnyugd\u00edjasok, nem tudni. Csak azt, hogy a v\u00e1roslak\u00f3k j\u00f3 r\u00e9sze hallgat. A m\u00e1sik sarkalatos pont viszont az, hogy a jobboldal megosztott, azaz p\u00e1rtonk\u00e9nti \u00f6sszehasonl\u00edt\u00e1sban m\u00e1r az MSZP nyerte az oroszl\u00e1nyi v\u00e1laszt\u00e1st, mintegy 260 szavazattal, s hogy ez nem v\u00e9letlen, azt az igazolja, hogy a korm\u00e1nyv\u00e1lt\u00f3 er\u0151k k\u00f6zel 200-al tudt\u00e1k n\u00f6velni szavazataik sz\u00e1m\u00e1t a v\u00e1rosban 2010-hez k\u00e9pest. Ez tal\u00e1n v\u00e1lasz arra az imm\u00e1r nem titkolt \u00e9s nem tiltott praktik\u00e1ra, hogy a helyi jobbos hatalom rendre utaztatja a rom\u00e1kat a szavaz\u00f3f\u00fclk\u00e9be, de v\u00e9lem\u00e9nyem szerint hi\u00e1ba a vurstli, a s\u00f6r, a zene-bona, ez mind ritk\u00e1bban j\u00f6n be. M\u00e9g akkor sem, ha mint olvasom: <em>Az Orsz\u00e1gos Roma \u00d6nkorm\u00e1nyzat (OR\u00d6) szerint k\u00e9pvisel\u0151inek telep\u00fcl\u00e9si \u00e9s megyei \u00f6sszes\u00edtett gyorsjelent\u00e9sei alapj\u00e1n val\u00f3sz\u00edn\u0171s\u00edthet\u0151, hogy az 1990-es demokratikus v\u00e1laszt\u00e1sok \u00f3ta soha annyi roma nem vett r\u00e9szt v\u00e1laszt\u00e1son, mint 2014. \u00e1prilis 6-\u00e1n. El\u0151zetes becsl\u00e9seik szerint &#8222;a roma szavaz\u00f3k k\u00f6zel 90 sz\u00e1zal\u00e9ka, vagyis k\u00f6zel 260-270 ezer f\u0151 a Fidesz-KDNP korm\u00e1ny munk\u00e1j\u00e1nak folytat\u00e1s\u00e1ra voksolt&#8221;<\/em>.<\/p>\n<p>Persze az eredm\u00e9nyeket mindenki a sz\u00e1j\u00edze szerint komment\u00e1lja. Van, aki a polg\u00e1ri oldal er\u0151s\u00f6d\u00e9s\u00e9r\u0151l reg\u00e9l, \u00e9s van, aki csak rosszul eml\u00e9kezik, mint Czunyin\u00e9 dr. Bertalan Judit, aki azt mondta a helyi TV-ben, hogy most \u00f6tsz\u00e1zzal t\u00f6bb szavazatot kapott, mint 2010-ben. H\u00e1t ez nem igaz, pont 500-al kevesebbet (2010: 3533 szavazat, 2014-ben: 3073 szavazat)! S, ha m\u00e1r a z\u00e1rsz\u00e1mad\u00e1sn\u00e1l tartunk, a Fidesz-KDNP is kb. 500-al kapott kevesebbet \u00e1prilis 6-\u00e1n, mint 4 \u00e9ve.<br \/>\nA v\u00e1laszt\u00e1si ker\u00e9k pedig p\u00f6r\u00f6g tov\u00e1bb, m\u00e1jus v\u00e9g\u00e9n az Uni\u00f3ba k\u00fcldj\u00fck k\u00e9pvisel\u0151inket, r\u00f6vid ny\u00e1ri sz\u00fcnetet k\u00f6vet\u0151en pedig arr\u00f3l is \u00e1ll\u00e1st foglalhatunk, hogy tetszett az elm\u00fal 4 \u00e9v helyi \u00f6nkorm\u00e1nyzati munk\u00e1ja, a polg\u00e1rmester tev\u00e9kenys\u00e9ge.<\/p>\n<p>Addig pedig sokan elgondolkodhatnak azon, hogy merre halad az orsz\u00e1g, a v\u00e1ros, milyen j\u00f6v\u0151je lesz gyermekeinek, unok\u00e1inak, s tal\u00e1n azon is elm\u00e9lkednek \u2013 k\u00fcl\u00f6n\u00f6sen a v\u00e1laszt\u00e1st\u00f3l rendre t\u00e1volmarad\u00f3k: ez a v\u00e1rosuk-e, vagy csak a lak\u00f3hely\u00fck. Mert a kett\u0151 nem ugyanaz!<\/p>\n","protected":false},"excerpt":{"rendered":"<p>Tal\u00e1n vannak olvas\u00f3ink k\u00f6z\u00f6tt olyanok, akik \u2013 mint r\u00e9gi internetez\u0151k \u2013 eml\u00e9keznek m\u00e9g arra a kb. t\u00edz \u00e9vvel ezel\u0151tti diskurzusra az egyik v\u00e1rosi f\u00f3rumon, hogy igaz\u00e1n v\u00e1ros-e Oroszl\u00e1ny, vagy csak a b\u00e1nya miatt az orsz\u00e1g sz\u00e1mtalan telep\u00fcl\u00e9s\u00e9r\u0151l \u00e9rkez\u0151k ideiglenes lak\u00f3helye? Hogy milyen itt lok\u00e1lpatri\u00f3t\u00e1nak lenni, van-e egy\u00e1ltal\u00e1n v\u00e9lem\u00e9nyform\u00e1l\u00f3 \u00e9rtelmis\u00e9g? Sz\u00f3val ilyen csacskas\u00e1gokr\u00f3l folyt a vita a vil\u00e1gh\u00e1l\u00f3n, s mindez most az\u00e9rt jutott eszembe, mert \u00f3r\u00e1kig n\u00e9zegettem, hasonl\u00edtgattam a v\u00e1laszt\u00e1s oroszl\u00e1nyi szelet\u00e9t \u00e9s eredm\u00e9nyeit. <a href=\"https:\/\/www.mszporoszlany.hu\/?p=2547\">Egy kattint\u00e1s ide a folytat\u00e1shoz&#8230;. <span class=\"meta-nav\">&rarr;<\/span><\/a><\/p>\n","protected":false},"author":35,"featured_media":0,"comment_status":"open","ping_status":"closed","sticky":false,"template":"","format":"standard","meta":{"footnotes":""},"categories":[195,58,194],"tags":[93,151,152,1695,1763,1764,61,1694],"class_list":["post-2547","post","type-post","status-publish","format-standard","hentry","category-komarom-esztergom-megye","category-mszp","category-oroszlany","tag-czunyine-dr-bertalan-judit","tag-fidesz-kdnp","tag-jobbik","tag-lakohely","tag-mszp","tag-oroszlany","tag-szekely-antal","tag-varos"],"_links":{"self":[{"href":"https:\/\/www.mszporoszlany.hu\/index.php?rest_route=\/wp\/v2\/posts\/2547","targetHints":{"allow":["GET"]}}],"collection":[{"href":"https:\/\/www.mszporoszlany.hu\/index.php?rest_route=\/wp\/v2\/posts"}],"about":[{"href":"https:\/\/www.mszporoszlany.hu\/index.php?rest_route=\/wp\/v2\/types\/post"}],"author":[{"embeddable":true,"href":"https:\/\/www.mszporoszlany.hu\/index.php?rest_route=\/wp\/v2\/users\/35"}],"replies":[{"embeddable":true,"href":"https:\/\/www.mszporoszlany.hu\/index.php?rest_route=%2Fwp%2Fv2%2Fcomments&post=2547"}],"version-history":[{"count":0,"href":"https:\/\/www.mszporoszlany.hu\/index.php?rest_route=\/wp\/v2\/posts\/2547\/revisions"}],"wp:attachment":[{"href":"https:\/\/www.mszporoszlany.hu\/index.php?rest_route=%2Fwp%2Fv2%2Fmedia&parent=2547"}],"wp:term":[{"taxonomy":"category","embeddable":true,"href":"https:\/\/www.mszporoszlany.hu\/index.php?rest_route=%2Fwp%2Fv2%2Fcategories&post=2547"},{"taxonomy":"post_tag","embeddable":true,"href":"https:\/\/www.mszporoszlany.hu\/index.php?rest_route=%2Fwp%2Fv2%2Ftags&post=2547"}],"curies":[{"name":"wp","href":"https:\/\/api.w.org\/{rel}","templated":true}]}}