{"id":2558,"date":"2014-05-01T14:33:20","date_gmt":"2014-05-01T13:33:20","guid":{"rendered":"http:\/\/www.mszporoszlany.hu\/?p=2558"},"modified":"2014-06-06T05:35:04","modified_gmt":"2014-06-06T04:35:04","slug":"bezar-a-markushegyi-banyauzem","status":"publish","type":"post","link":"https:\/\/www.mszporoszlany.hu\/?p=2558","title":{"rendered":"Bez\u00e1r a M\u00e1rkushegyi B\u00e1nya\u00fczem"},"content":{"rendered":"<p><em>Tatab\u00e1nya, 2013. m\u00e1jus 1. &#8211; cs\u00fct\u00f6rt\u00f6k (MTI)<\/em><\/p>\n<p>Az \u00e9v v\u00e9g\u00e9n megsz\u00fcnteti termel\u00e9s\u00e9t Magyarorsz\u00e1g utols\u00f3 m\u00e9lym\u0171vel\u00e9s\u0171 sz\u00e9nb\u00e1ny\u00e1ja, a M\u00e1rkushegyi B\u00e1nya\u00fczem. A bez\u00e1r\u00e1s \u00f6sszesen 675 ember munkahely\u00e9t \u00e9rinti, de egy jelent\u0151s l\u00e9tsz\u00e1m r\u00e9szt vesz majd a b\u00e1ny\u00e1szkod\u00e1ssal \u00e9rintett ter\u00fcletek 2018-ig tart\u00f3 helyre\u00e1ll\u00edt\u00e1s\u00e1ban &#8211; mondta el az MTI-nek a b\u00e1ny\u00e1t m\u0171k\u00f6dtet\u0151 V\u00e9rtesi Er\u0151m\u0171 vez\u00e9rigazgat\u00f3ja.<\/p>\n<p><!--more--><\/p>\n<p>Kov\u00e1cs Andr\u00e1s Zolt\u00e1n t\u00e1j\u00e9koztat\u00e1sa szerint Magyarorsz\u00e1g k\u00f6telezetts\u00e9get v\u00e1llalt a b\u00e1nya bez\u00e1r\u00e1s\u00e1ra, amikor az Eur\u00f3pai Uni\u00f3t\u00f3l enged\u00e9lyt k\u00e9rt a 2002 \u00f3ta fenn\u00e1ll\u00f3 sz\u00e9nfill\u00e9r t\u00e1mogat\u00e1s folytat\u00e1s\u00e1ra.<br \/>\nA sz\u00e9nfill\u00e9r a versenyk\u00e9ptelen sz\u00e9nb\u00e1ny\u00e1k bez\u00e1r\u00e1s\u00e1ra adott t\u00e1mogat\u00e1s, melyet m\u00e1r 2002-t\u0151l be\u00e9p\u00edtettek az \u00e1ram \u00e1r\u00e1ba. Ez egyenl\u00edti ki a V\u00e9rtesi Er\u0151m\u0171 b\u00e1ny\u00e1szati tev\u00e9kenys\u00e9g\u00e9nek vesztes\u00e9geit, mely \u00e9vente mintegy hat milli\u00e1rd forint, a sz\u00e9nfill\u00e9r n\u00e9lk\u00fcl az er\u0151m\u0171 cs\u0151dbe menne.<\/p>\n<p>A vez\u00e9rigazgat\u00f3 hozz\u00e1tette, a b\u00e1nya bez\u00e1r\u00e1s\u00e1hoz, a ter\u00fclet helyre\u00e1ll\u00edt\u00e1s\u00e1hoz \u00e9s a munka\u00fcgyi int\u00e9zked\u00e9sek fedezet\u00e9re \u00f6sszesen 42,2 milli\u00e1rd forintot kell ford\u00edtani. Ez az \u00f6sszeg az \u00e1ram \u00e1r\u00e1ba be\u00e9p\u00edtett sz\u00e9nfill\u00e9r t\u00e1mogat\u00e1sb\u00f3l k\u00e9pz\u0151d\u00f6tt, illetve k\u00e9pz\u0151dik 2018-ig, a helyre\u00e1ll\u00edt\u00e1s ut\u00e1n a t\u00e1mogat\u00e1s m\u00e1r nem terheli a fogyaszt\u00f3kat.<\/p>\n<p>A b\u00e1ny\u00e1ban jelenleg 525 saj\u00e1t dolgoz\u00f3t \u00e9s 150 k\u00fcls\u0151s munkav\u00e1llal\u00f3t foglalkoztatnak. A k\u00fcls\u0151s\u00f6k egy b\u00e1ny\u00e1szati t\u00e1rsas\u00e1g alkalmazottai, \u0151k hat\u00e1rozott id\u0151re, 2014 v\u00e9g\u00e9ig v\u00e1llalt\u00e1k a munk\u00e1t. A saj\u00e1t dolgoz\u00f3k k\u00f6z\u00fcl 280 ember m\u00e1r most is jogosult \u00e1tmeneti b\u00e1ny\u00e1szj\u00e1rad\u00e9kra, azaz \u00f6tezer m\u0171szakot, vagy 25 \u00e9vet t\u00f6lt\u00f6tt f\u00f6ldalatti munk\u00e1n.<\/p>\n<p>Kov\u00e1cs Andr\u00e1s Zolt\u00e1n elmondta, jelenleg is folyik egy felm\u00e9r\u00e9s, mellyel vizsg\u00e1lj\u00e1k, hogy h\u00e1nyan, milyen felt\u00e9telekkel szerezhetnek jogosults\u00e1got b\u00e1ny\u00e1szj\u00e1rad\u00e9kra, illetve a munka\u00fcgyi k\u00f6zponttal egy\u00fcttm\u0171k\u00f6dve hogyan biztos\u00edthat\u00f3 a foglalkoztat\u00e1suk.<\/p>\n<p>&#8222;Csak annyi saj\u00e1t ember\u00fcnknek lesz\u00fcnk k\u00e9nytelenek felmondani, akik m\u00e1r nem sz\u00fcks\u00e9gesek a f\u00f6ldalatti rekultiv\u00e1ci\u00f3s munk\u00e1hoz. Az els\u0151 csoportos l\u00e9tsz\u00e1mle\u00e9p\u00edt\u00e9s nem \u00e9ri el majd a 100 f\u0151t.<br \/>\nA f\u00f6ldalatti munk\u00e1k befejez\u00e9se ut\u00e1n 2016-ban \u00fajabb csoportos l\u00e9tsz\u00e1mcs\u00f6kkent\u00e9s v\u00e1rhat\u00f3, mivel az eszk\u00f6z\u00f6k \u00e9s haszonanyagok kiment\u00e9se ut\u00e1n bez\u00e1rnak a f\u00f6ldalatti l\u00e9tes\u00edtm\u00e9nyek&#8221; &#8211; tette hozz\u00e1 a vez\u00e9rigazgat\u00f3.<\/p>\n<p>A bez\u00e1r\u00e1sra ford\u00edtott \u00f6sszeg munka\u00fcgyi k\u00f6lts\u00e9geket is tartalmaz. Minden saj\u00e1t dolgoz\u00f3nak &#8211; a v\u00e9gkiel\u00e9g\u00edt\u00e9s mellett \u2013 alanyi jogon j\u00e1r 1,6 milli\u00f3 forint \u00fajrakezd\u00e9si t\u00e1mogat\u00e1s, valamint \u00e1tk\u00e9pz\u00e9si t\u00e1mogat\u00e1st vehet ig\u00e9nybe olyan szakma elsaj\u00e1t\u00edt\u00e1s\u00e1hoz, mellyel biztos munkahelyet tal\u00e1lhat.<\/p>\n<p>A V\u00e9rtesi Er\u0151m\u0171 biztos\u00edtja Oroszl\u00e1ny \u00e9s Bokod h\u0151ell\u00e1t\u00e1s\u00e1t, az itt elt\u00fczelt sz\u00e9nnel termelt villany\u00e1ram marad\u00e9k h\u0151j\u00e9vel. Az er\u0151m\u0171vet fokozatosan meg\u00fajul\u00f3 er\u0151forr\u00e1sok \u00e9get\u00e9s\u00e9re \u00e1ll\u00edtj\u00e1k \u00e1t, de 2015-ben m\u00e9g jelent\u0151s marad a sz\u00e9nt\u00fczel\u00e9s ar\u00e1nya, amit v\u00e1s\u00e1rolt t\u00fczel\u0151anyaggal kell megoldani.<\/p>\n<p>&#8222;A jelenlegi aj\u00e1nlatok szerint a v\u00e1s\u00e1rolt sz\u00e9n az er\u0151m\u0171 kapuj\u00e1ig sz\u00e1ll\u00edtva olcs\u00f3bb, mint amit b\u00e1ny\u00e1szunk. A megtakar\u00edt\u00e1s \u00e9vente 1,3 milli\u00e1rd forint is lehet &#8211; tette hozz\u00e1 a vez\u00e9rigazgat\u00f3.<\/p>\n<p>Az \u00e9vi 640 ezer tonn\u00e1s sz\u00e9nfelhaszn\u00e1l\u00e1s 25 sz\u00e1zal\u00e9k\u00e1t fedezik a tartal\u00e9kok \u00e9s a magyarorsz\u00e1gi beszerz\u00e9s, a sz\u00fcks\u00e9gletek 75 sz\u00e1zal\u00e9k\u00e1t k\u00fclf\u00f6ldr\u0151l kell beszerezni.<\/p>\n","protected":false},"excerpt":{"rendered":"<p>Az \u00e9v v\u00e9g\u00e9n megsz\u00fcnteti termel\u00e9s\u00e9t Magyarorsz\u00e1g utols\u00f3 m\u00e9lym\u0171vel\u00e9s\u0171 sz\u00e9nb\u00e1ny\u00e1ja, a M\u00e1rkushegyi B\u00e1nya\u00fczem. A bez\u00e1r\u00e1s \u00f6sszesen 675 ember munkahely\u00e9t \u00e9rinti, de egy jelent\u0151s l\u00e9tsz\u00e1m r\u00e9szt vesz majd a b\u00e1ny\u00e1szkod\u00e1ssal \u00e9rintett ter\u00fcletek 2018-ig tart\u00f3 helyre\u00e1ll\u00edt\u00e1s\u00e1ban &#8211; mondta el az MTI-nek a b\u00e1ny\u00e1t m\u0171k\u00f6dtet\u0151 V\u00e9rtesi Er\u0151m\u0171 vez\u00e9rigazgat\u00f3ja. <a href=\"https:\/\/www.mszporoszlany.hu\/?p=2558\">Egy kattint\u00e1s ide a folytat\u00e1shoz&#8230;. <span class=\"meta-nav\">&rarr;<\/span><\/a><\/p>\n","protected":false},"author":35,"featured_media":0,"comment_status":"open","ping_status":"closed","sticky":false,"template":"","format":"standard","meta":{"footnotes":""},"categories":[200,195,196,194],"tags":[834,1697,334,1696,114,240,1764,1005,110],"class_list":["post-2558","post","type-post","status-publish","format-standard","hentry","category-kisterseg","category-komarom-esztergom-megye","category-magyarorszag","category-oroszlany","tag-bokod","tag-csoportos-letszamcsokkentes","tag-europai-unio","tag-kovacs-andras-zoltan","tag-markushegyi-banyauzem","tag-mti","tag-oroszlany","tag-szenfiller","tag-vertesi-eromu-zrt"],"_links":{"self":[{"href":"https:\/\/www.mszporoszlany.hu\/index.php?rest_route=\/wp\/v2\/posts\/2558","targetHints":{"allow":["GET"]}}],"collection":[{"href":"https:\/\/www.mszporoszlany.hu\/index.php?rest_route=\/wp\/v2\/posts"}],"about":[{"href":"https:\/\/www.mszporoszlany.hu\/index.php?rest_route=\/wp\/v2\/types\/post"}],"author":[{"embeddable":true,"href":"https:\/\/www.mszporoszlany.hu\/index.php?rest_route=\/wp\/v2\/users\/35"}],"replies":[{"embeddable":true,"href":"https:\/\/www.mszporoszlany.hu\/index.php?rest_route=%2Fwp%2Fv2%2Fcomments&post=2558"}],"version-history":[{"count":0,"href":"https:\/\/www.mszporoszlany.hu\/index.php?rest_route=\/wp\/v2\/posts\/2558\/revisions"}],"wp:attachment":[{"href":"https:\/\/www.mszporoszlany.hu\/index.php?rest_route=%2Fwp%2Fv2%2Fmedia&parent=2558"}],"wp:term":[{"taxonomy":"category","embeddable":true,"href":"https:\/\/www.mszporoszlany.hu\/index.php?rest_route=%2Fwp%2Fv2%2Fcategories&post=2558"},{"taxonomy":"post_tag","embeddable":true,"href":"https:\/\/www.mszporoszlany.hu\/index.php?rest_route=%2Fwp%2Fv2%2Ftags&post=2558"}],"curies":[{"name":"wp","href":"https:\/\/api.w.org\/{rel}","templated":true}]}}