{"id":2566,"date":"2014-05-18T16:19:08","date_gmt":"2014-05-18T15:19:08","guid":{"rendered":"http:\/\/www.mszporoszlany.hu\/?p=2566"},"modified":"2014-06-06T05:34:49","modified_gmt":"2014-06-06T04:34:49","slug":"beetetes","status":"publish","type":"post","link":"https:\/\/www.mszporoszlany.hu\/?p=2566","title":{"rendered":"(Be)etet\u00e9s"},"content":{"rendered":"<p><img loading=\"lazy\" decoding=\"async\" class=\"alignleft size-full wp-image-2567\" src=\"https:\/\/www.mszporoszlany.hu\/wp-content\/uploads\/2014\/05\/szemet.png\" alt=\"szemet\" width=\"200\" height=\"120\" \/>Nem lesz szem\u00e9td\u00edjemel\u00e9s, jelentette ki Tak\u00e1cs K\u00e1roly polg\u00e1rmester, s ez nagyon j\u00f3 h\u00edr. De a hirtelen r\u00e1mt\u00f6r\u0151 \u00f6r\u00f6m mellett az a bizonyos kis\u00f6rd\u00f6g is elkezdett bennem r\u00f6gt\u00f6n motoszk\u00e1lni. Az elm\u00falt id\u0151szakban volt r\u00e1 p\u00e9lda, hogy az \u00e1llam \u2013 mint j\u00f3 gazda \u2013 elvett t\u0151l\u00fcnk valamit, megt\u00f6rt\u00e9nt a beetet\u00e9s, hogy milyen j\u00f3 lesz nek\u00fcnk, azt\u00e1n \u2013 NEM lett olyan nagyon j\u00f3. Gondoljon a kedves olvas\u00f3 a teljesen fel\u00faj\u00edtott iskolarendszer\u00fcnk \u00e1tszervez\u00e9s\u00e9re, vagy a Rendel\u0151int\u00e9zet elv\u00e9tel\u00e9re \u2013 amire azt\u00e1n m\u00e9gis adunk havonta 1 milli\u00f3 forintot, hogy rendesen m\u0171k\u00f6dj\u00f6n az addig j\u00f3l prosper\u00e1l\u00f3 labor.<\/p>\n<p><!--more--><\/p>\n<p>Sz\u00f3val \u2013 a szem\u00e9t\u00fcgyn\u00e9l maradva -, annyit az\u00e9rt sz\u00f6gezz\u00fcnk le: 600 milli\u00f3t elk\u00f6lt\u00f6tt\u00fcnk egy olyan c\u00e9g 75 %-\u00e1nak a megv\u00e1s\u00e1rl\u00e1s\u00e1ra, ami 300 milli\u00f3t sem \u00e9rt. Csak az id\u00e9n 100-200 milli\u00f3 megy el az Oroszl\u00e1nyi K\u00f6rnyezetgazd\u00e1lkod\u00e1si Zrt. (OK\u00d6) vesztes\u00e9geinek cs\u00f6kkent\u00e9s\u00e9re. Egy\u00e9bk\u00e9nt ennyi volt Oroszl\u00e1ny \u00e9ves ad\u00f3ss\u00e1gszolg\u00e1lata, magyar\u00e1n hi\u00e1ba engedt\u00e9k el az ad\u00f3ss\u00e1gunkat, a zseni\u00e1lis fideszes vezet\u00e9snek k\u00f6sz\u00f6nhet\u0151en semmivel sem lesz t\u00f6bb p\u00e9nz\u00fcnk, s\u0151t! R\u00e1ad\u00e1sul megint a mi forr\u00e1sainkb\u00f3l b\u0151v\u00fcl a lerak\u00f3, amit 4 \u00e9v alatt ism\u00e9t telehordanak a k\u00f6rnyez\u0151 telep\u00fcl\u00e9sek szemet\u00e9vel, \u00e9s ut\u00e1na megint a mi p\u00e9nz\u00fcnk\u00f6n kell \u00faj lerak\u00f3t \u00e9p\u00edteni, hogy azt\u00e1n megint telehordhass\u00e1k m\u00e1sok szemet\u00e9vel, amit r\u00e1ad\u00e1sul meg sem fizetnek, mert rezsics\u00f6kkent\u00e9s van.<\/p>\n<p>De szem\u00e9td\u00edjemel\u00e9s az nem lesz! Pedig egy 10%-os emel\u00e9s csak kb. 2.500-3.000 Ft pluszk\u00f6lts\u00e9g lenne \u00e9vente h\u00e1ztart\u00e1sonk\u00e9nt. \u00cdgy viszont egyed\u00fcl az oroszl\u00e1nyiaknak kell megfizetni az OK\u00d6 vesztes\u00e9geit, \u00edgy egy oroszl\u00e1nyi h\u00e1ztart\u00e1sra \u00e9vi 12.500-25.000 Ft vesztes\u00e9g jut, amit a v\u00e1rosnak kell kifizetni!<\/p>\n<p>A fentiekkel kapcsolatban megk\u00e9rdezt\u00fck Laz\u00f3k Zolt\u00e1nt, a telep\u00fcl\u00e9s Szolg\u00e1ltat\u00f3 Zrt-j\u00e9nek egykori vez\u00e9rigazgat\u00f3j\u00e1t, aki indul Oroszl\u00e1ny polg\u00e1rmesteri sz\u00e9k\u00e9\u00e9rt az \u0151szi \u00f6nkorm\u00e1nyzati v\u00e1laszt\u00e1son.<\/p>\n<p>Mint elmondta, nyilv\u00e1nos az a jelent\u00e9s, ami az \u00f6nkorm\u00e1nyzat megb\u00edz\u00e1s\u00e1b\u00f3l k\u00e9sz\u00fclt az Oroszl\u00e1nyi K\u00f6rnyezetgazd\u00e1lkod\u00e1si Nonprofit Zrt. gazd\u00e1lkod\u00e1s\u00e1r\u00f3l. Ebben feket\u00e9n-feh\u00e9ren meg\u00e1llap\u00edt\u00e1st nyert:<\/p>\n<p style=\"padding-left: 30px;\"><em>A T\u00e1rsas\u00e1g szervezett gazd\u00e1lkod\u00e1st folytat. A jogi k\u00f6rnyezet v\u00e1ltoz\u00e1s\u00e1nak k\u00e9t hat\u00e1s\u00e1t azonban a T\u00e1rsas\u00e1g a m\u0171k\u00f6d\u00e9s\u00e9ben lek\u00f6vetni nem k\u00e9pes. A lakoss\u00e1gi szolg\u00e1ltat\u00e1si d\u00edjak cs\u00f6kkent\u00e9s\u00e9re a nyeres\u00e9ges m\u0171k\u00f6d\u00e9s r\u00e9szben adott tartal\u00e9kot, de az elmaradt d\u00edj nagys\u00e1grendj\u00e9hez (kb. 70 MFt) csak tov\u00e1bbi k\u00f6lts\u00e9gsz\u0171k\u00edt\u00e9ssel, indokolt szakmai kiad\u00e1sok visszaszor\u00edt\u00e1s\u00e1val tudott alkalmazkodni. Visszafogta a beruh\u00e1z\u00e1si beszerz\u00e9seit, a p\u00e9nztartal\u00e9kait k\u00edm\u00e9lte. A lerak\u00e1si j\u00e1rul\u00e9k kigazd\u00e1lkod\u00e1s\u00e1ra nem k\u00e9pes, k\u00fcl\u00f6n\u00f6sen annak dinamikus emelked\u00e9se miatt. A T\u00e1rsas\u00e1g \u00edgy jelenleg csak vesztes\u00e9get tud tervezni, m\u00e1r 2013-ban is.<\/em><\/p>\n<p style=\"padding-left: 30px;\"><em>Az Oroszl\u00e1nyi hullad\u00e9klerak\u00f3 szabad kapacit\u00e1sainak kimer\u00fcl\u00e9se miatt a hullad\u00e9klerak\u00f3 b\u0151v\u00edt\u00e9s\u00e9ig rendk\u00edv\u00fcli k\u00f6lts\u00e9gei mer\u00fclnek fel, amely a 2014-es \u00e9vet tov\u00e1bb terheli. Rendk\u00edv\u00fcli k\u00f6lts\u00e9gfegyelem mellett is a 2014-es \u00e9v vesztes\u00e9g\u00e9t k\u00f6zel 100 MFt-ban becs\u00fclt\u00fck. Ennek elker\u00fcl\u00e9s\u00e9re legal\u00e1bb 15 %-os d\u00edjemel\u00e9sre lenne 2015-t\u0151l sz\u00fcks\u00e9g, \u00e9s a tov\u00e1bbi \u00e9vekben is csak akkor lehet a vesztes\u00e9g elker\u00fcl\u00e9s\u00e9t biztos\u00edtani, ha 2016-t\u00f3l ism\u00e9telten lehet\u0151s\u00e9ge lesz legal\u00e1bb 5%-os lakoss\u00e1gi d\u00edjemel\u00e9sre. A vesztes\u00e9g elker\u00fcl\u00e9s\u00e9hez arra is sz\u00fcks\u00e9g van, hogy minden tov\u00e1bbi tev\u00e9kenys\u00e9gre el lehessen \u00e9rni 5%-os d\u00edjemel\u00e9st, bele\u00e9rtve az \u00f6nkorm\u00e1nyzat \u00e1ltal megrendelt park- \u00e9s k\u00f6zter\u00fclet-fenntart\u00e1st, \u00fatfenntart\u00e1st. Ha ezt nem lehet tartani, a vesztes\u00e9gek tov\u00e1bb fognak n\u0151ni.<\/em><\/p>\n<p>A fentiekb\u0151l mindenki sz\u00e1m\u00e1ra nyilv\u00e1nval\u00f3v\u00e1 v\u00e1lt \u2013 fogalmazott Laz\u00f3k Zolt\u00e1n\u00a0\u2013, hogy a rezsics\u00f6kkent\u00e9snek semmilyen alapja nincs, hiszen az OK\u00d6 Zrt. eset\u00e9ben m\u00e1r a 10%-os cs\u00f6kkent\u00e9s is cs\u0151dk\u00f6zeli helyzetbe juttatta a c\u00e9get. Tov\u00e1bb\u00e1 sajnos a k\u00e9pvisel\u0151-test\u00fclet baloldali frakci\u00f3j\u00e1nak teljes m\u00e9rt\u00e9kben igaza volt, amikor tavaly szinte k\u00f6ny\u00f6rg\u00f6tt a fideszes v\u00e1rosvezet\u00e9snek, hogy ne v\u00e1s\u00e1rolj\u00e1k meg a Remondist, mert azzal t\u00f6bbsz\u00e1zmilli\u00f3s k\u00e1rt okoznak a v\u00e1rosnak. Azt azonban senki nem gondolta volna, hogy kidobunk sz\u00e1zmilli\u00f3kat az ablakon, \u00e9s a hullad\u00e9kelsz\u00e1ll\u00edt\u00e1s\u00e9rt v\u00e9g\u00fcl egy polg\u00e1rdi c\u00e9gnek fogunk fizetni \u2013 fogalmazott a gazdas\u00e1gi \u00e9s m\u0171szaki szakember.<\/p>\n<p>Laz\u00f3k Zolt\u00e1n polg\u00e1rmesterjel\u00f6lt azt is hangs\u00falyozta: s\u00fcrg\u0151s teend\u0151ink vannak, mert a vesztes\u00e9g\u00fcnk napr\u00f3l-napra n\u0151. Ar\u00e1nyos tehervisel\u00e9st kell megval\u00f3s\u00edtani a k\u00f6zrem\u0171k\u00f6d\u0151 \u00f6nkorm\u00e1nyzatok r\u00e9sz\u00e9r\u0151l lakoss\u00e1gar\u00e1nyosan, valamint fel\u00fcl kell vizsg\u00e1lni a Vertik\u00e1l-OK\u00d6 szerz\u0151d\u00e9st. (Mi\u00e9rt is nem indulhatott a k\u00f6zbeszerz\u00e9sen az OK\u00d6 ZRT? Mi\u00e9rt is vett\u00fck meg a Remondist, ha nem indulhatott?) \u00c1t kell alak\u00edtani a hullad\u00e9kv\u00e1logat\u00f3 rendszert. (Nedves-sz\u00e1raz hullad\u00e9k k\u00fcl\u00f6n gy\u0171jt\u00e9se.) Meg kell \u00e9p\u00edteni a hullad\u00e9kv\u00e1logat\u00f3t, a kiv\u00e1logatott alapanyagok elad\u00e1si-\u00e1tad\u00e1si szerz\u0151d\u00e9seit pedig fel\u00fcl kell vizsg\u00e1lni.<\/p>\n<p>Felh\u00edvjuk Czunyin\u00e9 dr. Bertalan Judit orsz\u00e1ggy\u0171l\u00e9si k\u00e9pvisel\u0151 figyelm\u00e9t, hogy a kialak\u00edtott szerencs\u00e9tlen helyzet kezel\u00e9s\u00e9hez \u00e1llami p\u00e9nzeket rendeljenek hozz\u00e1. P\u00e1ly\u00e1zati lehet\u0151s\u00e9get kell tal\u00e1lni a v\u00e1logat\u00f3m\u0171 beruh\u00e1z\u00e1s megval\u00f3s\u00edt\u00e1s\u00e1hoz, a deficit cs\u00f6kkent\u00e9se \u00e9rdek\u00e9ben, \u00e9s ezt a v\u00e1logat\u00f3m\u0171vet saj\u00e1t beruh\u00e1z\u00e1sban kell meg\u00e9p\u00edteni mi\u00e1ltal jelent\u0151sen cs\u00f6kkenthetj\u00fck a hi\u00e1nyt nem besz\u00e9lve 40-45 \u00faj munkahely teremt\u00e9s\u00e9r\u0151l \u2013 nyilatkozta Laz\u00f3k Zolt\u00e1n.<\/p>\n","protected":false},"excerpt":{"rendered":"<p>Nem lesz szem\u00e9td\u00edjemel\u00e9s, jelentette ki Tak\u00e1cs K\u00e1roly polg\u00e1rmester, s ez nagyon j\u00f3 h\u00edr. De a hirtelen r\u00e1mt\u00f6r\u0151 \u00f6r\u00f6m mellett az a bizonyos kis\u00f6rd\u00f6g is elkezdett bennem r\u00f6gt\u00f6n motoszk\u00e1lni.<br \/>\nAz elm\u00falt id\u0151szakban volt r\u00e1 p\u00e9lda, hogy az \u00e1llam \u2013 mint j\u00f3 gazda \u2013 elvett t\u0151l\u00fcnk valamit, megt\u00f6rt\u00e9nt a beetet\u00e9s, hogy milyen j\u00f3 lesz nek\u00fcnk, azt\u00e1n \u2013 NEM lett olyan nagyon j\u00f3. Gondoljon a kedves olvas\u00f3 a teljesen fel\u00faj\u00edtott iskolarendszer\u00fcnk \u00e1tszrvez\u00e9s\u00e9re, vagy a Rendel\u0151int\u00e9zet elv\u00e9tel\u00e9re \u2013 amire azt\u00e1n m\u00e9gis adunk havonta 1 milli\u00f3 forintot, hogy rendesen m\u0171k\u00f6dj\u00f6n az addig j\u00f3l prosper\u00e1l\u00f3 labor. <a href=\"https:\/\/www.mszporoszlany.hu\/?p=2566\">Egy kattint\u00e1s ide a folytat\u00e1shoz&#8230;. <span class=\"meta-nav\">&rarr;<\/span><\/a><\/p>\n","protected":false},"author":35,"featured_media":0,"comment_status":"open","ping_status":"closed","sticky":false,"template":"","format":"standard","meta":{"footnotes":""},"categories":[200,195,194],"tags":[93,1699,1701,65,1704,1702,1580,126,1703,1698,9,1705,80,1700],"class_list":["post-2566","post","type-post","status-publish","format-standard","hentry","category-kisterseg","category-komarom-esztergom-megye","category-oroszlany","tag-czunyine-dr-bertalan-judit","tag-felujitott-iskolarendszer","tag-fideszes-vezetes","tag-lazok-zoltan","tag-legalabb-15-os-dijemeles","tag-lerakasi-jarulek","tag-oroszlanyi-kornyezetgazdalkodasi-zrt","tag-rendelointezet","tag-rendkivuli-koltsegek","tag-szemetdijemeles","tag-takacs-karoly","tag-valogatomu","tag-veszteseg","tag-veszteseg-csokkentes"],"_links":{"self":[{"href":"https:\/\/www.mszporoszlany.hu\/index.php?rest_route=\/wp\/v2\/posts\/2566","targetHints":{"allow":["GET"]}}],"collection":[{"href":"https:\/\/www.mszporoszlany.hu\/index.php?rest_route=\/wp\/v2\/posts"}],"about":[{"href":"https:\/\/www.mszporoszlany.hu\/index.php?rest_route=\/wp\/v2\/types\/post"}],"author":[{"embeddable":true,"href":"https:\/\/www.mszporoszlany.hu\/index.php?rest_route=\/wp\/v2\/users\/35"}],"replies":[{"embeddable":true,"href":"https:\/\/www.mszporoszlany.hu\/index.php?rest_route=%2Fwp%2Fv2%2Fcomments&post=2566"}],"version-history":[{"count":0,"href":"https:\/\/www.mszporoszlany.hu\/index.php?rest_route=\/wp\/v2\/posts\/2566\/revisions"}],"wp:attachment":[{"href":"https:\/\/www.mszporoszlany.hu\/index.php?rest_route=%2Fwp%2Fv2%2Fmedia&parent=2566"}],"wp:term":[{"taxonomy":"category","embeddable":true,"href":"https:\/\/www.mszporoszlany.hu\/index.php?rest_route=%2Fwp%2Fv2%2Fcategories&post=2566"},{"taxonomy":"post_tag","embeddable":true,"href":"https:\/\/www.mszporoszlany.hu\/index.php?rest_route=%2Fwp%2Fv2%2Ftags&post=2566"}],"curies":[{"name":"wp","href":"https:\/\/api.w.org\/{rel}","templated":true}]}}