{"id":2574,"date":"2014-06-06T05:30:38","date_gmt":"2014-06-06T04:30:38","guid":{"rendered":"http:\/\/www.mszporoszlany.hu\/?p=2574"},"modified":"2014-07-14T13:18:43","modified_gmt":"2014-07-14T12:18:43","slug":"az-oroszlanyi-varkert-bazar","status":"publish","type":"post","link":"https:\/\/www.mszporoszlany.hu\/?p=2574","title":{"rendered":"Az oroszl\u00e1nyi V\u00e1rkert baz\u00e1r"},"content":{"rendered":"<p><img loading=\"lazy\" decoding=\"async\" class=\"alignleft size-full wp-image-2575\" src=\"https:\/\/www.mszporoszlany.hu\/wp-content\/uploads\/2014\/06\/szokokut.png\" alt=\"szokokut\" width=\"200\" height=\"120\" \/>Az orsz\u00e1ggy\u0171l\u00e9si kamp\u00e1nyban m\u00e1r szembes\u00fclhett\u00fcnk azzal, hogy a Fidesz kisebb-nagyobb vezet\u0151i mindent \u00e1tadtak, mindennel a c\u00edmlapra ker\u00fcltek. Legyen sz\u00f3 5 m\u00e9ter j\u00e1rd\u00e1r\u00f3l, 200 m\u00e9ter \u00fatburkolatr\u00f3l, vagy ak\u00e1r f\u00e9lk\u00e9sz l\u00e9tes\u00edtm\u00e9nyekr\u0151l.<\/p>\n<p><!--more--><\/p>\n<p>Orb\u00e1n Viktor a budai v\u00e1rban adta \u00e1t a V\u00e1rkert baz\u00e1rt, amit m\u00e1snap lez\u00e1rtak \u00e9s folytatt\u00e1k az \u00e9p\u00edtkez\u00e9st. A 4-es metr\u00f3ban is egym\u00e1st \u00e9rik az \u00fczemzavarok, az er\u0151ltetett temp\u00f3 miatt. A heves \u00e1tad\u00e1si v\u00e1gy \u00e9rthet\u0151. Valamivel c\u00edmlapra kellett ker\u00fclni, l\u00e1ttatni kellett az embereknek, hogy \u0151k milyen dics\u0151 \u00e9s milyen l\u00e1tv\u00e1nyos dolgokat visznek v\u00e9ghez a Nemzeti Egy\u00fcttm\u0171k\u00f6d\u00e9s Rendszer\u00e9nek negyedik esztendej\u00e9ben. A legszomor\u00fabb ebben a t\u00f6rt\u00e9netben az, hogy f\u00e9lk\u00e9sz l\u00e9tes\u00edtm\u00e9nyek \u00e1tad\u00e1s\u00e1val nem csak magukat min\u0151s\u00edtik, hanem a v\u00e1laszt\u00f3polg\u00e1rokat is h\u00fcly\u00e9nek n\u00e9zik!<\/p>\n<p>Oroszl\u00e1nyban is hasonl\u00f3 a helyzet. \u00c9rdemi v\u00e1ltoz\u00e1sok nem igen t\u00f6rt\u00e9ntek. F\u0151k\u00e9pp l\u00e1tv\u00e1nyberuh\u00e1z\u00e1sokat val\u00f3s\u00edtottak meg, amik azon k\u00edv\u00fcl, hogy sz\u00e9pek \u00e9s sokba ker\u00fclnek, m\u00e1s hasznot nem igen hoznak. P\u00e9ld\u00e1ul, ha valaki nem a k\u00f6zpontban lakik, \u00e9s meg szeretn\u00e9 tekinteni a t\u00f6bb t\u00edzmilli\u00f3 forint\u00e9rt fel\u00faj\u00edtott (vagy ink\u00e1bb \u00fajraalkotott) Sgraffit\u00f3kat, akkor nagyon kell \u00fcgyelnie, nehogy beszakadjon az aut\u00f3ja alatt az \u00fat, vagy nehogy kit\u00f6rje a l\u00e1b\u00e1t a j\u00e1rd\u00e1n, am\u00edg oda\u00e9r.<\/p>\n<p>A leg\u00fajabb \u00e1tad\u00e1s az egykori F\u0151 t\u00e9ren (a NER \u00f3ta Szent Borb\u00e1la t\u00e9r) t\u00f6rt\u00e9nt j\u00fanius 4-\u00e9n. Nem k\u00e9sz\u00fclt m\u00e9g el ugyan a sz\u00f6k\u0151k\u00fat, de lehet k\u00f6r\u00e9 nemzetsz\u00edn\u0171 szalagot h\u00fazni \u00e9s \u00e1t lehet v\u00e1gni, be lehet ker\u00fclni a helyi TV-kbe, felker\u00fclhet a v\u00e1ros honlapj\u00e1ra, megjelenhet az \u00daj K\u00e9thetesben. Mindezzel azt az ill\u00fazi\u00f3t keltve, hogy v\u00e1rosunk jelenlegi vezet\u0151i magukat nem k\u00edm\u00e9lve \u00e9p\u00edtik Oroszl\u00e1nyt!<\/p>\n<p>Ami persze nem igaz!<\/p>\n<p>Az \u00f6nkorm\u00e1nyzati v\u00e1laszt\u00e1sok k\u00f6zeledt\u00e9vel minden eszk\u00f6zt megragadnak ahhoz, hogy c\u00edmlapra ker\u00fcljenek, hogy tetszelegjenek a v\u00e1ros lak\u00f3i el\u0151tt. Ha komolyan veszik a felhatalmaz\u00e1sukat 2010-ben, akkor minderre nem lenne sz\u00fcks\u00e9g, hiszen mindenki \u00e9rezn\u00e9, hogy j\u00f3l vezetik Oroszl\u00e1nyt. De most valahogy nem ezt lehet \u00e9rezni, most egy kicsit mintha a Fidesz megint h\u00fcly\u00e9nek n\u00e9zn\u00e9 az embereket. Komolyan gondolj\u00e1k, hogy nem t\u0171nik fel senkinek, hogy f\u00e9lig van k\u00e9sz?<\/p>\n<p>Summ\u00e1zva a dolgot: kicsi is, dr\u00e1ga is, el sem k\u00e9sz\u00fclt, de legal\u00e1bb a mi\u00e9nk!<\/p>\n","protected":false},"excerpt":{"rendered":"<p>Az orsz\u00e1ggy\u0171l\u00e9si kamp\u00e1nyban m\u00e1r szembes\u00fclhett\u00fcnk azzal, hogy a Fidesz kisebb-nagyobb vezet\u0151i mindent \u00e1tadtak, mindennel a c\u00edmlapra ker\u00fcltek. Legyen sz\u00f3 5 m\u00e9ter j\u00e1rd\u00e1r\u00f3l, 200 m\u00e9ter \u00fatburkolatr\u00f3l, vagy ak\u00e1r f\u00e9lk\u00e9sz l\u00e9tes\u00edtm\u00e9nyekr\u0151l. <a href=\"https:\/\/www.mszporoszlany.hu\/?p=2574\">Egy kattint\u00e1s ide a folytat\u00e1shoz&#8230;. <span class=\"meta-nav\">&rarr;<\/span><\/a><\/p>\n","protected":false},"author":35,"featured_media":0,"comment_status":"open","ping_status":"closed","sticky":false,"template":"","format":"standard","meta":{"footnotes":""},"categories":[194],"tags":[1707,1708,1036,184,1709,1710,1706],"class_list":["post-2574","post","type-post","status-publish","format-standard","hentry","category-oroszlany","tag-4-es-metro","tag-felkesz-letesitmeny","tag-kampany","tag-nemzeti-egyuttmukodes-rendszere","tag-sgraffito","tag-szokokut","tag-varkert-bazar"],"_links":{"self":[{"href":"https:\/\/www.mszporoszlany.hu\/index.php?rest_route=\/wp\/v2\/posts\/2574","targetHints":{"allow":["GET"]}}],"collection":[{"href":"https:\/\/www.mszporoszlany.hu\/index.php?rest_route=\/wp\/v2\/posts"}],"about":[{"href":"https:\/\/www.mszporoszlany.hu\/index.php?rest_route=\/wp\/v2\/types\/post"}],"author":[{"embeddable":true,"href":"https:\/\/www.mszporoszlany.hu\/index.php?rest_route=\/wp\/v2\/users\/35"}],"replies":[{"embeddable":true,"href":"https:\/\/www.mszporoszlany.hu\/index.php?rest_route=%2Fwp%2Fv2%2Fcomments&post=2574"}],"version-history":[{"count":0,"href":"https:\/\/www.mszporoszlany.hu\/index.php?rest_route=\/wp\/v2\/posts\/2574\/revisions"}],"wp:attachment":[{"href":"https:\/\/www.mszporoszlany.hu\/index.php?rest_route=%2Fwp%2Fv2%2Fmedia&parent=2574"}],"wp:term":[{"taxonomy":"category","embeddable":true,"href":"https:\/\/www.mszporoszlany.hu\/index.php?rest_route=%2Fwp%2Fv2%2Fcategories&post=2574"},{"taxonomy":"post_tag","embeddable":true,"href":"https:\/\/www.mszporoszlany.hu\/index.php?rest_route=%2Fwp%2Fv2%2Ftags&post=2574"}],"curies":[{"name":"wp","href":"https:\/\/api.w.org\/{rel}","templated":true}]}}