{"id":2582,"date":"2014-06-13T05:48:13","date_gmt":"2014-06-13T04:48:13","guid":{"rendered":"http:\/\/www.mszporoszlany.hu\/?p=2582"},"modified":"2014-07-14T13:18:34","modified_gmt":"2014-07-14T12:18:34","slug":"megvan-a-neger","status":"publish","type":"post","link":"https:\/\/www.mszporoszlany.hu\/?p=2582","title":{"rendered":"Megvan a n\u00e9ger!"},"content":{"rendered":"<p><img loading=\"lazy\" decoding=\"async\" class=\"alignleft size-full wp-image-2584\" src=\"https:\/\/www.mszporoszlany.hu\/wp-content\/uploads\/2014\/06\/pmj.png\" alt=\"pmj\" width=\"200\" height=\"120\" \/>D\u00f6nt\u00f6ttek! Varg\u00e1n\u00e9 Vojn\u00e1r Katalin lesz a Fidesz helyi csoportj\u00e1nak polg\u00e1rmesterjel\u00f6ltje &#8211; olvashat\u00f3 a k\u00f6z\u00f6ss\u00e9gi port\u00e1lon. Teh\u00e1t m\u00e1r biztos, hogy Tak\u00e1cs K\u00e1roly befejezte, ami \u0151szint\u00e9n sz\u00f3lva melegs\u00e9ggel t\u00f6ltheti el a sz\u00edveket, mert sokakkal egyet\u00e9rtve a mi K\u00e1rolyunkra \u00fagy tekinthet\u00fcnk, mint a Fidesz b\u00fcntet\u00e9s\u00e9re, ami\u00e9rt 2002-2010 k\u00f6z\u00f6tt balos vezet\u00e9st v\u00e1lasztottak maguknak Oroszl\u00e1ny lak\u00f3i.<\/p>\n<p><!--more--><\/p>\n<p>A tal\u00e1lgat\u00e1s m\u00e1r hetekkel ezel\u0151tt megindult: Varg\u00e1n\u00e9 Vojn\u00e1r Katalin, Gyuga Mih\u00e1ly \u00e9s Kov\u00e1csn\u00e9 dr. Tr\u00e1zsi Csilla neve r\u00f6pk\u00f6d\u00f6tt a leveg\u0151ben. Egyik jobb, mint a m\u00e1sik! Persze a v\u00e9gs\u0151 d\u00f6nt\u00e9st nem kis haz\u00e1nkban hozz\u00e1k meg, hanem a Fidesz k\u00f6zponti laborj\u00e1ban, s tulajdonk\u00e9ppen t\u00f6k mindegy, kis is lesz szem\u00e9ly szerint a fideszes polg\u00e1rmesterjel\u00f6lt, mert az \u00e9rdemi ir\u00e1ny\u00edt\u00e1s \u2013 mint eddig is, a mi trafiktulajdonos, alpolg\u00e1rmester, fel\u00fcgyel\u0151 bizotts\u00e1gi eln\u00f6k, melegkonyh\u00e1s Papp P\u00e9ter\u00fcnk kez\u00e9ben \u00f6sszpontosul. Azaz, csak kell egy n\u00e9ger, aki sz\u00ednleg viszi a v\u00e1ros \u00fcgyeit. Eddig ez Tak\u00e1cs K\u00e1roly volt, most pedig Varg\u00e1n\u00e9 Vojn\u00e1r Katalin lesz, m\u00e1r ha m\u00e9g egyszer ezt a tr\u00fckk\u00f6t le lehet tolni Oroszl\u00e1ny lak\u00f3inak tork\u00e1n.<\/p>\n<p>No, de mi\u00e9rt nem a mi P\u00e9ter\u00fcnk aspir\u00e1l a nagy vezet\u0151 c\u00edmre? Tal\u00e1n eml\u00e9keznek, 4 \u00e9vvel ezel\u0151tt m\u00e1r megpr\u00f3b\u00e1lta \u2013 nem siker\u00fclt. De ez m\u00e1r egy m\u00e1sik t\u00f6rt\u00e9net, mint ahogyan az is: hogyan lesz az egykor MSZP \u00e1ltal t\u00e1mogatott \u00f6nkorm\u00e1nyzati k\u00e9pvisel\u0151b\u0151l fideszes polg\u00e1rmesterjel\u00f6lt.<\/p>\n","protected":false},"excerpt":{"rendered":"<p>D\u00f6nt\u00f6ttek! Varg\u00e1n\u00e9 Vojn\u00e1r Katalin lesz a Fidesz helyi csoportj\u00e1nak polg\u00e1rmesterjel\u00f6ltje  &#8211; olvashat\u00f3 a k\u00f6z\u00f6ss\u00e9gi port\u00e1lon. Teh\u00e1t m\u00e1r biztos, hogy Tak\u00e1cs K\u00e1roly befejezte, ami \u0151szint\u00e9n sz\u00f3lva melegs\u00e9ggel t\u00f6ltheti el a sz\u00edveket, mert sokakkal egyet\u00e9rtve a mi K\u00e1rolyunkra \u00fagy tekinthet\u00fcnk, mint a Fidesz b\u00fcntet\u00e9s\u00e9re, ami\u00e9rt 2002-2010 k\u00f6z\u00f6tt balos vezet\u00e9st v\u00e1lasztottak maguknak Oroszl\u00e1ny lak\u00f3i. <a href=\"https:\/\/www.mszporoszlany.hu\/?p=2582\">Egy kattint\u00e1s ide a folytat\u00e1shoz&#8230;. <span class=\"meta-nav\">&rarr;<\/span><\/a><\/p>\n","protected":false},"author":35,"featured_media":0,"comment_status":"open","ping_status":"closed","sticky":false,"template":"","format":"standard","meta":{"footnotes":""},"categories":[194],"tags":[1405,9,1711],"class_list":["post-2582","post","type-post","status-publish","format-standard","hentry","category-oroszlany","tag-papp-peter-attila","tag-takacs-karoly","tag-vargane-vojnar-katalin"],"_links":{"self":[{"href":"https:\/\/www.mszporoszlany.hu\/index.php?rest_route=\/wp\/v2\/posts\/2582","targetHints":{"allow":["GET"]}}],"collection":[{"href":"https:\/\/www.mszporoszlany.hu\/index.php?rest_route=\/wp\/v2\/posts"}],"about":[{"href":"https:\/\/www.mszporoszlany.hu\/index.php?rest_route=\/wp\/v2\/types\/post"}],"author":[{"embeddable":true,"href":"https:\/\/www.mszporoszlany.hu\/index.php?rest_route=\/wp\/v2\/users\/35"}],"replies":[{"embeddable":true,"href":"https:\/\/www.mszporoszlany.hu\/index.php?rest_route=%2Fwp%2Fv2%2Fcomments&post=2582"}],"version-history":[{"count":0,"href":"https:\/\/www.mszporoszlany.hu\/index.php?rest_route=\/wp\/v2\/posts\/2582\/revisions"}],"wp:attachment":[{"href":"https:\/\/www.mszporoszlany.hu\/index.php?rest_route=%2Fwp%2Fv2%2Fmedia&parent=2582"}],"wp:term":[{"taxonomy":"category","embeddable":true,"href":"https:\/\/www.mszporoszlany.hu\/index.php?rest_route=%2Fwp%2Fv2%2Fcategories&post=2582"},{"taxonomy":"post_tag","embeddable":true,"href":"https:\/\/www.mszporoszlany.hu\/index.php?rest_route=%2Fwp%2Fv2%2Ftags&post=2582"}],"curies":[{"name":"wp","href":"https:\/\/api.w.org\/{rel}","templated":true}]}}