{"id":2587,"date":"2014-07-02T07:03:52","date_gmt":"2014-07-02T06:03:52","guid":{"rendered":"http:\/\/www.mszporoszlany.hu\/?p=2587"},"modified":"2014-07-14T13:18:27","modified_gmt":"2014-07-14T12:18:27","slug":"mienk-itt-a-ter","status":"publish","type":"post","link":"https:\/\/www.mszporoszlany.hu\/?p=2587","title":{"rendered":"Mi\u00e9nk itt a t\u00e9r\u2026??"},"content":{"rendered":"<p><img loading=\"lazy\" decoding=\"async\" class=\"alignleft size-full wp-image-2588\" src=\"https:\/\/www.mszporoszlany.hu\/wp-content\/uploads\/2014\/07\/kutikon.png\" alt=\"kutikon\" width=\"200\" height=\"120\" \/>F\u00fclembe cseng a Locomot\u00edv GT egy\u00fcttes nagy sl\u00e1gere \u00e9s eml\u00e9kezem. Eml\u00e9kezem 2006. augusztus 20-ra, v\u00e1rosunk F\u0151 ter\u00e9nek \u00fcnnep\u00e9lyes \u00e1tad\u00e1s\u00e1ra. Az akkori polg\u00e1rmester \u2013 Rajnai G\u00e1bor \u2013 kitart\u00e1s\u00e1nak k\u00f6sz\u00f6nhet\u0151en, nagy ellenz\u00e9ki sz\u00e9lben \u00faj t\u00e9rk\u00f6vet kapott a ter\u00fclet. A gr\u00e1n\u00e1t sz\u00edn\u0171 k\u00f6vezet v\u00e9gett a jobboldali agytr\u00f6szt\u00f6k azonnal elnevezt\u00e9k \u201eV\u00f6r\u00f6s t\u00e9rnek\u201d.<\/p>\n<p><!--more--><\/p>\n<p>Eml\u00e9kszem, hatalmas t\u00f6meg volt az \u00e1tad\u00e1skor \u00e9s az eml\u00edtett dal sz\u00f3lt a hangsz\u00f3r\u00f3kb\u00f3l. Az emberek el\u00e9gedetten nyugt\u00e1zt\u00e1k, hogy v\u00e1rosunk egyik szimbolikus eml\u00e9km\u0171v\u00e9t, a B\u00e1ny\u00e1sz szobrot sz\u00e9p k\u00f6rnyezet veszi k\u00f6r\u00fcl. A t\u00e9rre tilos volt b\u00e1rmit is elhelyezni, m\u00e9g a hagyom\u00e1nyos Mikul\u00e1s h\u00e1z is a szomsz\u00e9dos parkr\u00e9szre szorult ki december elej\u00e9n. Azt\u00e1n 2010-ben j\u00f6tt a politikai v\u00e1lt\u00e1s, \u00e9s az addigi ellenz\u00e9kben l\u00e9v\u0151 f\u0151kritikusok ker\u00fcltek a v\u00e1ros \u00e9l\u00e9re. Hirtelen megv\u00e1ltozott minden, a fricsk\u00e1z\u00f3k szellemi g\u00e9niuszokk\u00e1 n\u0151tt\u00e9k ki magukat.<\/p>\n<p>A t\u00e9r k\u00e1lv\u00e1ri\u00e1ja \u00fagy kezd\u0151d\u00f6tt, mint a mes\u00e9ben: borosty\u00e1nos \u00faton \u00e9rkezett Don Carlo, a teljhatalm\u00fa kult\u00far-p\u00e1pa, akinek minden \u00f3haj\u00e1t, szellemileg megk\u00e9rd\u0151jelezhet\u0151 \u00f6tlet\u00e9t az \u00fajonnan fel\u00e1ll\u00f3 v\u00e1rosvezet\u00e9s kontroll n\u00e9lk\u00fcl t\u00e1mogatta. A t\u00e9rre ker\u00fclt egy vend\u00e9gl\u00e1t\u00f3 egys\u00e9gnek nevezett fab\u00f3d\u00e9, mely igaz\u00e1b\u00f3l juhakolra hasonl\u00edt legink\u00e1bb.<\/p>\n<div id=\"attachment_2589\" style=\"width: 610px\" class=\"wp-caption aligncenter\"><img loading=\"lazy\" decoding=\"async\" aria-describedby=\"caption-attachment-2589\" class=\"size-full wp-image-2589\" src=\"https:\/\/www.mszporoszlany.hu\/wp-content\/uploads\/2014\/07\/kut2.png\" alt=\"Nek\u00fcnk ilyen k\u00fat jutott!\" width=\"600\" height=\"400\" srcset=\"https:\/\/www.mszporoszlany.hu\/wp-content\/uploads\/2014\/07\/kut2.png 600w, https:\/\/www.mszporoszlany.hu\/wp-content\/uploads\/2014\/07\/kut2-320x213.png 320w\" sizes=\"auto, (max-width: 600px) 100vw, 600px\" \/><p id=\"caption-attachment-2589\" class=\"wp-caption-text\">K\u00fat, amelyb\u0151l nem j\u00f6n a v\u00edz&#8230;<\/p><\/div>\n<p>Majd el\u00e9rkezett a nagy nap is, 2014. j\u00fanius 4-e. A K\u00f6lcsey Ferenc M\u0171vel\u0151d\u00e9si K\u00f6zpont \u00e1ltal kiadott megh\u00edv\u00f3kon, plak\u00e1tokon hirdett\u00e9k, hogy a Nemzeti \u00d6sszetartoz\u00e1s Napja keret\u00e9n bel\u00fcl \u00e1tad\u00e1sra ker\u00fcl az Oroszl\u00e1nos sz\u00f6k\u0151k\u00fat, mely v\u00e1rosunk 60 \u00e9ves \u00e9vfordul\u00f3j\u00e1nak \u00e1ll\u00edt eml\u00e9ket. B\u00e1r a k\u00fat nem k\u00e9sz\u00fclt el teljes eg\u00e9sz\u00e9ben, m\u00e9gis \u00fcnnep\u00e9lyesen \u00e1tv\u00e1gta a nemzeti szalagot Tak\u00e1cs K\u00e1roly polg\u00e1rmester. Az m\u00e1r csak hab a tort\u00e1n, hogy a f\u0151 kezdem\u00e9nyez\u0151, a 60 \u00e9ves bizotts\u00e1g eln\u00f6ke Papp P\u00e9ter alpolg\u00e1rmester ink\u00e1bb \u00e1tment a dadi eml\u00e9km\u0171avat\u00e1sra, \u00edgy menek\u00fclv\u00e9n az esetleges k\u00e9nyes k\u00e9rd\u00e9sek el\u0151l. A k\u00fat f\u00e9lig k\u00e9szen \u00e1llt \u00e9s nem m\u0171k\u00f6d\u00f6tt \u2013 teh\u00e1t lek\u00e9pezte Oroszl\u00e1ny elm\u00falt 4 \u00e9v\u00e9t. De nem sz\u00e1m\u00edt, az emberek \u00fagyis hamar felejtenek, azaz nem felejtenek, hiszen most m\u00e1r mindenki gy\u00f6ny\u00f6rk\u00f6dhet a teret elcs\u00faf\u00edt\u00f3 namtudom\u00e9nmiben. Ennek als\u00f3 r\u00e9sz\u00e9n gusztusos pap\u00edrt\u00e1bla hirdeti: Nem iv\u00f3v\u00edz! De mint fot\u00f3nkon is l\u00e1that\u00f3, nem hogy iv\u00f3, semmilyen v\u00edz nem folyik!<\/p>\n<p>Oroszl\u00e1ny, h\u00e1rom \u00e9s f\u00e9l h\u00f3nappal a helyhat\u00f3s\u00e1gi v\u00e1laszt\u00e1sok el\u0151tt!<\/p>\n","protected":false},"excerpt":{"rendered":"<p>F\u00fclembe cseng a Locomot\u00edv GT egy\u00fcttes nagy sl\u00e1gere \u00e9s eml\u00e9kezem. Eml\u00e9kezem 2006. augusztus 20-ra, v\u00e1rosunk F\u0151 ter\u00e9nek \u00fcnnep\u00e9lyes \u00e1tad\u00e1s\u00e1ra. Az akkori polg\u00e1rmester \u2013 Rajnai G\u00e1bor \u2013 kitart\u00e1s\u00e1nak k\u00f6sz\u00f6nhet\u0151en, nagy ellenz\u00e9ki sz\u00e9lben \u00faj t\u00e9rk\u00f6vet kapott a ter\u00fclet. A gr\u00e1n\u00e1t sz\u00edn\u0171 k\u00f6vezet v\u00e9gett a jobboldali agytr\u00f6szt\u00f6k azonnal elnevezt\u00e9k \u201eV\u00f6r\u00f6s t\u00e9rnek\u201d. Eml\u00e9kszem, hatalmas t\u00f6meg volt az \u00e1tad\u00e1skor \u00e9s az eml\u00edtett dal sz\u00f3lt a hangsz\u00f3r\u00f3kb\u00f3l. Az emberek el\u00e9gedetten nyugt\u00e1zt\u00e1k, hogy v\u00e1rosunk egyik szimbolikus eml\u00e9km\u0171v\u00e9t, a B\u00e1ny\u00e1sz szobrot sz\u00e9p k\u00f6rnyezet veszi k\u00f6r\u00fcl. A t\u00e9rre tilos volt b\u00e1rmit is elhelyezni, m\u00e9g a hagyom\u00e1nyos Mikul\u00e1s h\u00e1z is a szomsz\u00e9dos parkr\u00e9szre szorult ki december elej\u00e9n. Azt\u00e1n 2010-ben j\u00f6tt a politikai v\u00e1lt\u00e1s, \u00e9s az addigi ellenz\u00e9kben l\u00e9v\u0151 f\u0151kritikusok ker\u00fcltek a v\u00e1ros \u00e9l\u00e9re. Hirtelen megv\u00e1ltozott minden, a fricsk\u00e1z\u00f3k szellemi g\u00e9niuszokk\u00e1 n\u0151tt\u00e9k ki magukat.  <a href=\"https:\/\/www.mszporoszlany.hu\/?p=2587\">Egy kattint\u00e1s ide a folytat\u00e1shoz&#8230;. <span class=\"meta-nav\">&rarr;<\/span><\/a><\/p>\n","protected":false},"author":35,"featured_media":0,"comment_status":"open","ping_status":"closed","sticky":false,"template":"","format":"standard","meta":{"footnotes":""},"categories":[194],"tags":[412,1712,1714,1715,1716,1713,1717,1718,56,70,69,9,1719],"class_list":["post-2587","post","type-post","status-publish","format-standard","hentry","category-oroszlany","tag-alpolgarmester","tag-banyasz-szobor","tag-don-carlo","tag-fabode","tag-kolcsey-ferenc-muvelodesi-kozpont","tag-mikulas-haz","tag-nemzeti-osszetartozas-napja","tag-oroszlanos-szokokut","tag-papp-peter","tag-polgarmester","tag-rajnai-gabor","tag-takacs-karoly","tag-varosunk-60-eves-evforduloja"],"_links":{"self":[{"href":"https:\/\/www.mszporoszlany.hu\/index.php?rest_route=\/wp\/v2\/posts\/2587","targetHints":{"allow":["GET"]}}],"collection":[{"href":"https:\/\/www.mszporoszlany.hu\/index.php?rest_route=\/wp\/v2\/posts"}],"about":[{"href":"https:\/\/www.mszporoszlany.hu\/index.php?rest_route=\/wp\/v2\/types\/post"}],"author":[{"embeddable":true,"href":"https:\/\/www.mszporoszlany.hu\/index.php?rest_route=\/wp\/v2\/users\/35"}],"replies":[{"embeddable":true,"href":"https:\/\/www.mszporoszlany.hu\/index.php?rest_route=%2Fwp%2Fv2%2Fcomments&post=2587"}],"version-history":[{"count":0,"href":"https:\/\/www.mszporoszlany.hu\/index.php?rest_route=\/wp\/v2\/posts\/2587\/revisions"}],"wp:attachment":[{"href":"https:\/\/www.mszporoszlany.hu\/index.php?rest_route=%2Fwp%2Fv2%2Fmedia&parent=2587"}],"wp:term":[{"taxonomy":"category","embeddable":true,"href":"https:\/\/www.mszporoszlany.hu\/index.php?rest_route=%2Fwp%2Fv2%2Fcategories&post=2587"},{"taxonomy":"post_tag","embeddable":true,"href":"https:\/\/www.mszporoszlany.hu\/index.php?rest_route=%2Fwp%2Fv2%2Ftags&post=2587"}],"curies":[{"name":"wp","href":"https:\/\/api.w.org\/{rel}","templated":true}]}}