{"id":2598,"date":"2014-07-14T13:14:45","date_gmt":"2014-07-14T12:14:45","guid":{"rendered":"http:\/\/www.mszporoszlany.hu\/?p=2598"},"modified":"2014-07-28T10:30:07","modified_gmt":"2014-07-28T09:30:07","slug":"mi-is-az-a-neger","status":"publish","type":"post","link":"https:\/\/www.mszporoszlany.hu\/?p=2598","title":{"rendered":"Mi is az a n\u00e9ger?"},"content":{"rendered":"<p><img loading=\"lazy\" decoding=\"async\" class=\"alignleft size-full wp-image-2599\" src=\"https:\/\/www.mszporoszlany.hu\/wp-content\/uploads\/2014\/07\/20140711-MiIsAzANeger.png\" alt=\"\" width=\"200\" height=\"120\" \/>Gondolta volna a kedves olvas\u00f3, hogy j\u00fanius 13-i cikk\u00fcnket, amit &#8222;Megvan a n\u00e9ger!&#8221; c\u00edmen tett\u00fcnk k\u00f6zz\u00e9, ekkora n\u00e9pszer\u0171s\u00e9gre tesz szert? T\u00f6bb mint k\u00e9tezren olvast\u00e1k mintegy 20 nap alatt! Ennek a tisztes sz\u00e1mnak a z\u00f6me azonban az\u00f3ta keletkezett, amikor is v\u00e1rosunk &#8222;hivatalos&#8221; telev\u00edzi\u00f3j\u00e1ban k\u00e9tszer is id\u00e9z\u00e9sre ker\u00fclt, vagy t\u00e1n h\u00e1romszor is? K\u00fcl\u00f6n\u00f6sen a n\u00e9ger kifejez\u00e9s tetszett a m\u0171sor vezet\u0151j\u00e9nek, s ezen j\u00f3 hosszan elcs\u00e1mcsogott, el\u0151revet\u00edtve m\u00e9g az \u00f6nkorm\u00e1nyzati v\u00e1laszt\u00e1si kamp\u00e1ny eldurvul\u00e1s\u00e1nak vesz\u00e9ly\u00e9t is.<\/p>\n<p><!--more--><\/p>\n<p>Nem ez az els\u0151 eset, hogy nem \u00e9rt\u00fcnk vele egyet valamiben: febru\u00e1rban elm\u00e9lkedt\u00fcnk a v\u00e1ros \u00fatjai f\u00f6l\u00f6tt lengedez\u0151, az Oroszl\u00e1ny v\u00e1ross\u00e1 v\u00e1l\u00e1s\u00e1nak 60 \u00e9ves jubileuma alkalm\u00e1b\u00f3l ki\u00f6tl\u00f6tt szlogen tot\u00e1lis magyartalans\u00e1g\u00e1n, \u00e9rtelmetlens\u00e9g\u00e9n, s b\u00e1torkodtunk egy Facebook magyar\u00e1zat \u00e1ltalunk tarthatatlan volt\u00e1ra is felh\u00edvni a figyelmet.<\/p>\n<p>Az oldal k\u00f6zismert riporter szerkeszt\u0151je azonban v\u00e9delm\u00e9be vette a megfogalmaz\u00e1st: \u201eEz\u00faton is le\u00edrjuk (ak\u00e1rh\u00e1ny komment is v\u00e9lekedik m\u00e1sk\u00e9pp \u2013 kit \u00e9rdekel?), szerint\u00fcnk az omin\u00f3zus f\u00e9nyfelirat nem \u00e9rtelmetlen. Aki ilyet \u00e1ll\u00edt, egyszer\u0171en nem ismeri a magyar nyelvet, hi\u00e1ba tetszeleg ilyen szerepben, \u00e9s hi\u00e1ba pedag\u00f3gus, ha az.\u201d \u2013 Csak mell\u00e9kesk\u00e9nt jegyezz\u00fck meg, hogy a Magyar Tudom\u00e1nyos Akad\u00e9mia (MTA) Nyelvtudom\u00e1nyi Int\u00e9zet\u00e9nek nyelvi tan\u00e1csad\u00f3 szolg\u00e1lat\u00e1nak v\u00e9lem\u00e9nye azonban nem ez volt.<\/p>\n<p>S akkor most t\u00e1rjuk fel v\u00e9gre a mostani vita t\u00e1rgy\u00e1nak egy m\u00e1sfajta, (ezek szerint) nem annyira k\u00f6zismert jelent\u00e9s\u00e9t is: n\u00e9ger (f\u0151n\u00e9v) \u00e1tvitt, r\u00e9gies \u00e9rtelemben: fizetett \u00edr\u00f3, aki ar\u00e1nylag csek\u00e9ly p\u00e9nz\u00e9rt m\u00e1s neve alatt megjelen\u0151 \u00edr\u00e1sm\u0171vet vagy ford\u00edt\u00e1st nyers form\u00e1ban elk\u00e9sz\u00edt, vagy hozz\u00e1 anyagot, adatokat gy\u0171jt. A kifejez\u00e9st azokra is alkalmazni szokt\u00e1k, akit n\u00e9vlegesen neveznek ki egy adott beoszt\u00e1sba, mik\u00f6zben az adott szervezet (appar\u00e1tus) operat\u00edv igazgat\u00e1s\u00e1t m\u00e1s v\u00e9gzi a kinevezett nev\u00e9ben \u00e9s helyette.<\/p>\n<p>Sz\u00f3val, j\u00faniusi \u00edr\u00e1sunkban csak arra h\u00edvtuk fel a figyelmet, hogy mik\u00f6zben Tak\u00e1cs K\u00e1roly polg\u00e1rmester\u00fcnk n\u00e9ha annyira \u00e1ldozatosan v\u00e9gezte munk\u00e1j\u00e1t, hogy k\u00e9pes volt napi 274 kilom\u00e9teres \u00e1tlagot is aut\u00f3zni, ami mellett m\u00e1r fizikailag is lehetetlen volt ir\u00e1ny\u00edtani az appar\u00e1tust, alpolg\u00e1rmestere sz\u00e9pen beletanult az embert pr\u00f3b\u00e1l\u00f3 \u00e9s sok \u00e1ldozattal j\u00e1r\u00f3 szervezeti ir\u00e1ny\u00edt\u00e1sba.<\/p>\n<p>S, ha ez \u00fcgyben valakinek lenn\u00e9nek m\u00e9g k\u00e9ts\u00e9gei, \u00fclj\u00f6n le besz\u00e9lgetni p\u00e1r percet valamelyik ismer\u0151s k\u00f6ztisztvisel\u0151vel, s k\u00e9rdezze meg, ki is mozgatja a polg\u00e1rmesteri hivatal csapat\u00e1t val\u00f3j\u00e1ban. Nem fog meglep\u0151dni!<\/p>\n","protected":false},"excerpt":{"rendered":"<p>Gondolta volna a kedves olvas\u00f3, hogy j\u00fanius 13-i cikk\u00fcnket, amit &#8222;Megvan a n\u00e9ger!&#8221; c\u00edmen tett\u00fcnk k\u00f6zz\u00e9, ekkora n\u00e9pszer\u0171s\u00e9gre tesz szert? T\u00f6bb mint k\u00e9tezren olvast\u00e1k mintegy 20 nap alatt! Ennek a tisztes sz\u00e1mnak a z\u00f6me azonban az\u00f3ta keletkezett, amikor is v\u00e1rosunk &#8222;hivatalos&#8221; telev\u00edzi\u00f3j\u00e1ban k\u00e9tszer is id\u00e9z\u00e9sre ker\u00fclt, vagy t\u00e1n h\u00e1romszor is? K\u00fcl\u00f6n\u00f6sen a n\u00e9ger kifejez\u00e9s tetszett a m\u0171sor vezet\u0151j\u00e9nek, s ezen j\u00f3 hosszan elcs\u00e1mcsogott, el\u0151revet\u00edtve m\u00e9g az \u00f6nkorm\u00e1nyzati v\u00e1laszt\u00e1si kamp\u00e1ny eldurvul\u00e1s\u00e1nak vesz\u00e9ly\u00e9t is. <a href=\"https:\/\/www.mszporoszlany.hu\/?p=2598\">Egy kattint\u00e1s ide a folytat\u00e1shoz&#8230;. <span class=\"meta-nav\">&rarr;<\/span><\/a><\/p>\n","protected":false},"author":35,"featured_media":0,"comment_status":"open","ping_status":"closed","sticky":false,"template":"","format":"standard","meta":{"footnotes":""},"categories":[194],"tags":[412,1764,1405,1720,9],"class_list":["post-2598","post","type-post","status-publish","format-standard","hentry","category-oroszlany","tag-alpolgarmester","tag-oroszlany","tag-papp-peter-attila","tag-polgarmesteri-hivatal","tag-takacs-karoly"],"_links":{"self":[{"href":"https:\/\/www.mszporoszlany.hu\/index.php?rest_route=\/wp\/v2\/posts\/2598","targetHints":{"allow":["GET"]}}],"collection":[{"href":"https:\/\/www.mszporoszlany.hu\/index.php?rest_route=\/wp\/v2\/posts"}],"about":[{"href":"https:\/\/www.mszporoszlany.hu\/index.php?rest_route=\/wp\/v2\/types\/post"}],"author":[{"embeddable":true,"href":"https:\/\/www.mszporoszlany.hu\/index.php?rest_route=\/wp\/v2\/users\/35"}],"replies":[{"embeddable":true,"href":"https:\/\/www.mszporoszlany.hu\/index.php?rest_route=%2Fwp%2Fv2%2Fcomments&post=2598"}],"version-history":[{"count":0,"href":"https:\/\/www.mszporoszlany.hu\/index.php?rest_route=\/wp\/v2\/posts\/2598\/revisions"}],"wp:attachment":[{"href":"https:\/\/www.mszporoszlany.hu\/index.php?rest_route=%2Fwp%2Fv2%2Fmedia&parent=2598"}],"wp:term":[{"taxonomy":"category","embeddable":true,"href":"https:\/\/www.mszporoszlany.hu\/index.php?rest_route=%2Fwp%2Fv2%2Fcategories&post=2598"},{"taxonomy":"post_tag","embeddable":true,"href":"https:\/\/www.mszporoszlany.hu\/index.php?rest_route=%2Fwp%2Fv2%2Ftags&post=2598"}],"curies":[{"name":"wp","href":"https:\/\/api.w.org\/{rel}","templated":true}]}}