{"id":2605,"date":"2014-07-28T10:28:52","date_gmt":"2014-07-28T09:28:52","guid":{"rendered":"http:\/\/www.mszporoszlany.hu\/?p=2605"},"modified":"2014-11-01T11:57:52","modified_gmt":"2014-11-01T10:57:52","slug":"igy-mennek-a-dolgaink","status":"publish","type":"post","link":"https:\/\/www.mszporoszlany.hu\/?p=2605","title":{"rendered":"\u00cdgy mennek a dolgaink&#8230;"},"content":{"rendered":"<p><img loading=\"lazy\" decoding=\"async\" class=\"alignleft size-full wp-image-2606\" src=\"https:\/\/www.mszporoszlany.hu\/wp-content\/uploads\/2014\/07\/foter.png\" alt=\"foter\" width=\"200\" height=\"120\" \/>A fej\u00e9re csap a k\u00f6zt\u00e1rsas\u00e1gi eln\u00f6k \u00e9s gyorsan ki\u00edrja a helyhat\u00f3s\u00e1gi v\u00e1laszt\u00e1sokat. Na! \u2013 elindul erre a verkli, k\u00fcl\u00f6n\u00f6sen a gy\u0151zelmi es\u00e9lyek latolgat\u00e1sa \u00e9s hogy mit k\u00e9ne tenni a v\u00e1laszt\u00f3k megnyer\u00e9s\u00e9\u00e9rt. Az ellenz\u00e9k eleve h\u00e1tr\u00e1nnyal indul, hiszen nincsenek az &#8222;eszk\u00f6z\u00f6k&#8221; a kez\u00e9ben, viszont oper\u00e1lhat a &#8222;sz\u00e9kben \u00fcl\u0151k&#8221; gyenges\u00e9geivel \u00e9s &#8216;elm\u00fat&#8217; \u00e9veivel, meg \u00edg\u00e9rhet ezt-azt.<\/p>\n<p><!--more--><\/p>\n<p>A &#8222;sz\u00e9kben \u00fcl\u0151k&#8221; is a fej\u00fckh\u00f6z kapnak! \u2013 Nyakunkon a v\u00e1laszt\u00e1s \u00e9s m\u00e9g alig csin\u00e1ltunk valamit! &#8222;De gyorsan elment ez a n\u00e9gy \u00e9v a durva \u00e9letbe!&#8221; &#8216;Ny\u00fajon m\u00e1&#8217; mag\u00e1hoz a hivatal, &#8216;oszt&#8217; int\u00e9zzen valamit, de \u00edzibe! Semmi sem sz\u00e1m\u00edt, csak hogy id\u0151ben k\u00e9sz legyen, ami lesz. Gyorsan el\u0151szedj\u00fck, hogy mi mit is \u00edg\u00e9rt\u00fcnk anno. Ebb\u0151l persze semmi sem lett szinte, de \u00f6tlet\u00fcnk nincs, akkor azonban musz\u00e1j volt meger\u0151ltetni magunkat. Igaz, hogy \u00f6tlet\u00fcnk akkor sem volt, de leny\u00falhattuk a &#8216;szocik\u00e9t&#8217;.<\/p>\n<p>A tan\u00e1cseln\u00f6k helyettes is a fej\u00e9hez kap, hogy az \u0151 k\u00f6rny\u00e9k\u00e9n valamit elfelejtett, ez\u00e9rt sebt\u00e9ben kital\u00e1l hangulatjav\u00edt\u00f3 int\u00e9zked\u00e9seket \u2013 j\u00e1rda\u00e9p\u00edt\u00e9s a Pet\u0151fi utc\u00e1ban, a N\u00e9pek bar\u00e1ts\u00e1ga utca (\u00e9rdekes, hogy ezt nem keresztelt\u00e9k \u00e1t) ment\u00e9n; \u2013 parkol\u00f3k egy gy\u00f3gyszert\u00e1r el\u0151tt. Igen \u00e1m, de \u2013 Mib\u0151l Ubul? Sebaj, maradt egy jelent\u0151sebb \u00f6sszeg egy m\u00e1sik elsz\u00e1molt beruh\u00e1z\u00e1sb\u00f3l, azaz, mehet a k\u00f6zbeszerz\u00e9s.<\/p>\n<p>Sajnos, marha gyorsan kider\u00fcl a bizotts\u00e1gi \u00fcl\u00e9sen, hogy ez a maradv\u00e1ny erre a h\u00e1rom dologra semmik\u00e9ppen nem lehet elegend\u0151, csak akkor, ha megint olcs\u00f3bb megold\u00e1sokat v\u00e1laszt a &#8222;szakmai&#8221; zs\u0171ri, azaz ebb\u0151l is csak g\u00e1nyol\u00e1s lesz. Egy\u00e9bk\u00e9nt sem lesz teljes, csak a rond\u00e1bb r\u00e9szeket akarj\u00e1k leaszfaltozni. Nem baj, csak a &#8216;zemberek&#8217; l\u00e1ssanak valamit.<\/p>\n<p>K\u00f6zben a koll\u00e9g\u00e1i is a hasukat fogj\u00e1k a r\u00f6h\u00f6g\u00e9st\u0151l. Annyira vicces egyeseknek a t\u00e9ma, hogy felmer\u00fclnek \u00fajabb \u00e9s \u00fajabb gondolatok: \u2013 Mi\u00e9rt aszfalt, mi\u00e9rt nem t\u00e9rk\u0151? Eur\u00f3p\u00e1ban rajtunk k\u00edv\u00fcl m\u00e1r senki sem aszfaltozik, (egy kor\u00e1bbi kalkul\u00e1ci\u00f3b\u00f3l maradt 5 milla \u00e9rt\u00e9k\u0171 t\u00e9rk\u0151, de az j\u00f3 lesz m\u00e1shova). Mi lesz a f\u0151ter\u00fcnk\u00f6n ideiglenesen 40 \u00e9vig \u00e1llom\u00e1soz\u00f3 fab\u00f3d\u00e9val? Kell-e foglalkoznunk a f\u0151t\u00e9ri zajszint n\u00f6veked\u00e9si beadv\u00e1nnyal? Borzaszt\u00f3 ez a koordin\u00e1ci\u00f3s hi\u00e1ny a szabadt\u00e9ri meg a parkol\u00f3 k\u00f6z\u00f6tt \u00e9s jaj! \u2013 hogy nem lesz mindez k\u00e9szen B\u00e1ny\u00e1sznapra!?<\/p>\n<p>Kellemesen elbesz\u00e9lget\u00fcnk \u00e9s megszavazzuk, hogy a ki\u00edr\u00e1s t\u00f6rt\u00e9njen meg, az aj\u00e1nlatok \u00fagyis t\u00fal fogj\u00e1k haladni a lehet\u0151s\u00e9geket, legal\u00e1bb kider\u00fcl az igazs\u00e1gunk. M\u00e9gis el\u00e9gedett lehet a kezdem\u00e9nyez\u0151, mert mondhatja, hogy \u0150 megpr\u00f3b\u00e1lta, de a szemetek miatt meghi\u00fasult.<\/p>\n<p>Semmi gond! &#8211; csak a k\u00f6z k\u00e1rosodhat \u00fagy, hogy \u00e9szre sem veszi!<\/p>\n","protected":false},"excerpt":{"rendered":"<p>A fej\u00e9re csap a k\u00f6zt\u00e1rsas\u00e1gi eln\u00f6k \u00e9s gyorsan ki\u00edrja a helyhat\u00f3s\u00e1gi v\u00e1laszt\u00e1sokat. Na! \u2013 elindul erre a verkli, k\u00fcl\u00f6n\u00f6sen a gy\u0151zelmi es\u00e9lyek latolgat\u00e1sa \u00e9s hogy mit k\u00e9ne tenni a v\u00e1laszt\u00f3k megnyer\u00e9s\u00e9\u00e9rt. Az ellenz\u00e9k eleve h\u00e1tr\u00e1nnyal indul, hiszen nincsenek az &#8222;eszk\u00f6z\u00f6k&#8221; a kez\u00e9ben, viszont oper\u00e1lhat a &#8222;sz\u00e9kben \u00fcl\u0151k&#8221; gyenges\u00e9geivel \u00e9s &#8216;elm\u00fat&#8217; \u00e9veivel, meg \u00edg\u00e9rhet ezt-azt. <a href=\"https:\/\/www.mszporoszlany.hu\/?p=2605\">Egy kattint\u00e1s ide a folytat\u00e1shoz&#8230;. <span class=\"meta-nav\">&rarr;<\/span><\/a><\/p>\n","protected":false},"author":35,"featured_media":0,"comment_status":"open","ping_status":"closed","sticky":false,"template":"","format":"standard","meta":{"footnotes":""},"categories":[194],"tags":[1721,1600,256,277,1722,551,700],"class_list":["post-2605","post","type-post","status-publish","format-standard","hentry","category-oroszlany","tag-a-tanacselnok-helyettes","tag-banyasznap","tag-ellenzek","tag-hivatal","tag-nepek-baratsaga-utca","tag-szocik","tag-valaszto"],"_links":{"self":[{"href":"https:\/\/www.mszporoszlany.hu\/index.php?rest_route=\/wp\/v2\/posts\/2605","targetHints":{"allow":["GET"]}}],"collection":[{"href":"https:\/\/www.mszporoszlany.hu\/index.php?rest_route=\/wp\/v2\/posts"}],"about":[{"href":"https:\/\/www.mszporoszlany.hu\/index.php?rest_route=\/wp\/v2\/types\/post"}],"author":[{"embeddable":true,"href":"https:\/\/www.mszporoszlany.hu\/index.php?rest_route=\/wp\/v2\/users\/35"}],"replies":[{"embeddable":true,"href":"https:\/\/www.mszporoszlany.hu\/index.php?rest_route=%2Fwp%2Fv2%2Fcomments&post=2605"}],"version-history":[{"count":0,"href":"https:\/\/www.mszporoszlany.hu\/index.php?rest_route=\/wp\/v2\/posts\/2605\/revisions"}],"wp:attachment":[{"href":"https:\/\/www.mszporoszlany.hu\/index.php?rest_route=%2Fwp%2Fv2%2Fmedia&parent=2605"}],"wp:term":[{"taxonomy":"category","embeddable":true,"href":"https:\/\/www.mszporoszlany.hu\/index.php?rest_route=%2Fwp%2Fv2%2Fcategories&post=2605"},{"taxonomy":"post_tag","embeddable":true,"href":"https:\/\/www.mszporoszlany.hu\/index.php?rest_route=%2Fwp%2Fv2%2Ftags&post=2605"}],"curies":[{"name":"wp","href":"https:\/\/api.w.org\/{rel}","templated":true}]}}