{"id":2609,"date":"2014-07-28T11:50:45","date_gmt":"2014-07-28T10:50:45","guid":{"rendered":"http:\/\/www.mszporoszlany.hu\/?p=2609"},"modified":"2014-11-01T11:57:46","modified_gmt":"2014-11-01T10:57:46","slug":"elso-a-csalad","status":"publish","type":"post","link":"https:\/\/www.mszporoszlany.hu\/?p=2609","title":{"rendered":"Els\u0151 a csal\u00e1d"},"content":{"rendered":"<p><strong><img loading=\"lazy\" decoding=\"async\" class=\"alignleft size-full wp-image-2610\" src=\"https:\/\/www.mszporoszlany.hu\/wp-content\/uploads\/2014\/07\/csalad.png\" alt=\"csalad\" width=\"200\" height=\"120\" \/>avagy a nihilizmus gy\u00f6ngyszemei\u2026<\/strong><\/p>\n<p>Minden esztend\u0151ben nagy \u00e9rdekl\u0151d\u00e9s \u00f6vezi a v\u00e1rosi kit\u00fcntet\u00e9sre javasoltak n\u00e9vsor\u00e1t. Hol meglepet\u00e9s, hol d\u00f6bbenet, hol egyet\u00e9rt\u00e9s p\u00e1rosul nev\u00fck hallat\u00e1n. De az \u00e9ppen regn\u00e1l\u00f3 k\u00e9pvisel\u0151-test\u00fcletek kompromisszum\u00e1nak k\u00f6sz\u00f6nhet\u0151en sokszor siker\u00fclt az elismer\u00e9seket a v\u00e1ros\u00e9rt v\u00e9gzett tev\u00e9kenys\u00e9g\u00e9rt oda\u00edt\u00e9lni a d\u00edjazottaknak.<\/p>\n<p><!--more--><\/p>\n<p>Az ut\u00f3bbi id\u0151ben azonban l\u00e1tv\u00e1nyosan \u201ek\u00f6zbe sz\u00f3l\u201d a politika, a p\u00e1rthovatartoz\u00e1s. Mi\u00e9rt is?<br \/>\n2013-ban aranygy\u0171r\u0171 kit\u00fcntet\u00e9st kapott L\u00e1z\u00e1r Katalin, aki k\u00f6ztudottan a helyi Fidesz vez\u00e9ralakj\u00e1nak, L\u00e1z\u00e1r M\u00f3zesnek a feles\u00e9ge. Lehet vitatkozni, hogy m\u00e9lt\u00e1n \u00e9rdemelte-e ki, de a hatalmi t\u00f6bbs\u00e9g megszavazta. Tetszik, nem tetszik, ez van! A d\u00f6nt\u00e9ssel k\u00e9nytelenek voltak megb\u00e9k\u00e9lni a tisztelt v\u00e1roslak\u00f3k.<\/p>\n<p>Hamarosan ism\u00e9t kit\u00fcntet\u00e9sek \u00e1tad\u00e1s\u00e1ra ker\u00fcl sor, m\u00e9gpedig augusztus 20-\u00e1n. K\u00f6zz\u00e9tett\u00e9k a n\u00e9vsort. Aranygy\u0171r\u0171 kit\u00fcntet\u00e9st kap Csizmazia Imr\u00e9n\u00e9. Ha esetleg valaki nem tudn\u00e1, \u0150 a &#8222;mi&#8221; alpolg\u00e1rmester\u00fcnk (vagy ink\u00e1bb tan\u00e1cseln\u00f6k-helyettes\u00fcnk, ahogy mag\u00e1t titul\u00e1lja) Papp P\u00e9ter \u00e9desanyja. Itt m\u00e1r felesleges feltenni b\u00e1rmilyen k\u00e9rd\u00e9st is, p\u00e9ld\u00e1ul azt, hogy Panni n\u00e9ni milyen t\u00e1rsadalmi, k\u00f6z\u00e9leti tev\u00e9kenys\u00e9ge alapj\u00e1n \u00e9rdemes az elismer\u00e9sre. Az \u00e1ltaluk fel\u00e9p\u00edtett erk\u00f6lcsi szem\u00e9tdombra felhelyezik a koron\u00e1t.<\/p>\n<p>Gratul\u00e1lunk a v\u00e1rosvezet\u0151k d\u00f6nt\u00e9s\u00e9hez, ilyenre Magyarorsz\u00e1gon utolj\u00e1ra az \u201950-es \u00e9vek els\u0151 fel\u00e9ben volt p\u00e9lda. Az elm\u00falt 40 \u00e9vben a k\u00f6rny\u00e9k\u00fcnk\u00f6n csak Rom\u00e1ni\u00e1ban fordulhatott el\u0151 ilyesmi. Igen, a rom\u00e1n dikt\u00e1tor, Ceausescu csal\u00e1dj\u00e1nak tagjai t\u00fcntett\u00e9k ki egym\u00e1st \u00e1lland\u00f3an, \u00e9s adom\u00e1nyoztak egym\u00e1snak t\u00f6bbek k\u00f6z\u00f6tt doktori c\u00edmeket\u2026<\/p>\n","protected":false},"excerpt":{"rendered":"<p>Minden esztend\u0151ben nagy \u00e9rdekl\u0151d\u00e9s \u00f6vezi a v\u00e1rosi kit\u00fcntet\u00e9sre javasoltak n\u00e9vsor\u00e1t. Hol meglepet\u00e9s, hol d\u00f6bbenet, hol egyet\u00e9rt\u00e9s p\u00e1rosul nev\u00fck hallat\u00e1n. De az \u00e9ppen regn\u00e1l\u00f3 k\u00e9pvisel\u0151-test\u00fcletek kompromisszum\u00e1nak k\u00f6sz\u00f6nhet\u0151en sokszor siker\u00fclt az elismer\u00e9seket a v\u00e1ros\u00e9rt v\u00e9gzett tev\u00e9kenys\u00e9g\u00e9rt oda\u00edt\u00e9lni a d\u00edjazottaknak. <a href=\"https:\/\/www.mszporoszlany.hu\/?p=2609\">Egy kattint\u00e1s ide a folytat\u00e1shoz&#8230;. <span class=\"meta-nav\">&rarr;<\/span><\/a><\/p>\n","protected":false},"author":35,"featured_media":0,"comment_status":"open","ping_status":"closed","sticky":false,"template":"","format":"standard","meta":{"footnotes":""},"categories":[194],"tags":[1728,1730,1727,1731,839,1732,1726,1725,1729,1724,1723],"class_list":["post-2609","post","type-post","status-publish","format-standard","hentry","category-oroszlany","tag-aranygyuru","tag-ceausescu-csalad","tag-csizmazia-imrene-papp-peter","tag-doktori-cim","tag-kepviselo-testulet","tag-kituntetes","tag-lazar-katalin-lazar-mozes","tag-parthovatartozas","tag-romania","tag-varosert-vegzett-tevekenyseg","tag-varosi-kituntetes"],"_links":{"self":[{"href":"https:\/\/www.mszporoszlany.hu\/index.php?rest_route=\/wp\/v2\/posts\/2609","targetHints":{"allow":["GET"]}}],"collection":[{"href":"https:\/\/www.mszporoszlany.hu\/index.php?rest_route=\/wp\/v2\/posts"}],"about":[{"href":"https:\/\/www.mszporoszlany.hu\/index.php?rest_route=\/wp\/v2\/types\/post"}],"author":[{"embeddable":true,"href":"https:\/\/www.mszporoszlany.hu\/index.php?rest_route=\/wp\/v2\/users\/35"}],"replies":[{"embeddable":true,"href":"https:\/\/www.mszporoszlany.hu\/index.php?rest_route=%2Fwp%2Fv2%2Fcomments&post=2609"}],"version-history":[{"count":0,"href":"https:\/\/www.mszporoszlany.hu\/index.php?rest_route=\/wp\/v2\/posts\/2609\/revisions"}],"wp:attachment":[{"href":"https:\/\/www.mszporoszlany.hu\/index.php?rest_route=%2Fwp%2Fv2%2Fmedia&parent=2609"}],"wp:term":[{"taxonomy":"category","embeddable":true,"href":"https:\/\/www.mszporoszlany.hu\/index.php?rest_route=%2Fwp%2Fv2%2Fcategories&post=2609"},{"taxonomy":"post_tag","embeddable":true,"href":"https:\/\/www.mszporoszlany.hu\/index.php?rest_route=%2Fwp%2Fv2%2Ftags&post=2609"}],"curies":[{"name":"wp","href":"https:\/\/api.w.org\/{rel}","templated":true}]}}