{"id":2614,"date":"2014-07-29T20:00:48","date_gmt":"2014-07-29T19:00:48","guid":{"rendered":"http:\/\/www.mszporoszlany.hu\/?p=2614"},"modified":"2014-08-19T05:17:52","modified_gmt":"2014-08-19T04:17:52","slug":"meghalt-kiss-peter","status":"publish","type":"post","link":"https:\/\/www.mszporoszlany.hu\/?p=2614","title":{"rendered":"Meghalt KISS P\u00c9TER"},"content":{"rendered":"<p><img loading=\"lazy\" decoding=\"async\" class=\"alignleft size-full wp-image-2615\" src=\"https:\/\/www.mszporoszlany.hu\/wp-content\/uploads\/2014\/07\/kisspeter.jpg\" alt=\"kisspeter\" width=\"280\" height=\"420\" srcset=\"https:\/\/www.mszporoszlany.hu\/wp-content\/uploads\/2014\/07\/kisspeter.jpg 280w, https:\/\/www.mszporoszlany.hu\/wp-content\/uploads\/2014\/07\/kisspeter-160x240.jpg 160w\" sizes=\"auto, (max-width: 280px) 100vw, 280px\" \/>Kiss P\u00e9ter magyar politikus<br \/>\n(Celld\u00f6m\u00f6lk, 1959. j\u00fanius 11. \u2013 Budapest,2014. j\u00falius 29.)<\/p>\n<p>Hosszan tart\u00f3 s\u00falyos betegs\u00e9g ut\u00e1n 55 \u00e9ves kor\u00e1ban kedden elhunyt Kiss P\u00e9ter volt kancell\u00e1riaminiszter, az MSZP alap\u00edt\u00f3ja, volt aleln\u00f6ke. Kiss P\u00e9ter 1980-ban l\u00e9pett be a Magyar Szocialista Munk\u00e1sp\u00e1rtba. 1989-ben az MSZP alap\u00edt\u00f3 tagja \u00e9s a Baloldali Ifj\u00fas\u00e1gi T\u00e1rsul\u00e1s (BIT) alap\u00edt\u00f3 budapesti eln\u00f6ke volt. 1990-ben orsz\u00e1ggy\u0171l\u00e9si k\u00e9pvisel\u0151jel\u00f6lt volt, illetzve az \u0151szi \u00f6nkorm\u00e1nyzati v\u00e1laszt\u00e1son beker\u00fclt a F\u0151v\u00e1rosi K\u00f6zgy\u0171l\u00e9sbe. 1992-ben a BIT orsz\u00e1gos eln\u00f6k\u00e9v\u00e9, illetve a p\u00e1rt orsz\u00e1gos v\u00e1lasztm\u00e1ny\u00e1nak tagj\u00e1v\u00e1 v\u00e1lasztott\u00e1k.<\/p>\n","protected":false},"excerpt":{"rendered":"<p>Kiss P\u00e9ter magyar politikus (Celld\u00f6m\u00f6lk, 1959. j\u00fanius 11. \u2013 Budapest,2014. j\u00falius 29.) Hosszan tart\u00f3 s\u00falyos betegs\u00e9g ut\u00e1n 55 \u00e9ves kor\u00e1ban kedden elhunyt Kiss P\u00e9ter volt kancell\u00e1riaminiszter, az MSZP alap\u00edt\u00f3ja, volt aleln\u00f6ke. Kiss P\u00e9ter 1980-ban l\u00e9pett be a Magyar Szocialista Munk\u00e1sp\u00e1rtba. &hellip; <a href=\"https:\/\/www.mszporoszlany.hu\/?p=2614\">Egy kattint\u00e1s ide a folytat\u00e1shoz&#8230;. <span class=\"meta-nav\">&rarr;<\/span><\/a><\/p>\n","protected":false},"author":35,"featured_media":0,"comment_status":"closed","ping_status":"closed","sticky":false,"template":"","format":"standard","meta":{"footnotes":""},"categories":[1],"tags":[],"class_list":["post-2614","post","type-post","status-publish","format-standard","hentry","category-egyeb"],"_links":{"self":[{"href":"https:\/\/www.mszporoszlany.hu\/index.php?rest_route=\/wp\/v2\/posts\/2614","targetHints":{"allow":["GET"]}}],"collection":[{"href":"https:\/\/www.mszporoszlany.hu\/index.php?rest_route=\/wp\/v2\/posts"}],"about":[{"href":"https:\/\/www.mszporoszlany.hu\/index.php?rest_route=\/wp\/v2\/types\/post"}],"author":[{"embeddable":true,"href":"https:\/\/www.mszporoszlany.hu\/index.php?rest_route=\/wp\/v2\/users\/35"}],"replies":[{"embeddable":true,"href":"https:\/\/www.mszporoszlany.hu\/index.php?rest_route=%2Fwp%2Fv2%2Fcomments&post=2614"}],"version-history":[{"count":0,"href":"https:\/\/www.mszporoszlany.hu\/index.php?rest_route=\/wp\/v2\/posts\/2614\/revisions"}],"wp:attachment":[{"href":"https:\/\/www.mszporoszlany.hu\/index.php?rest_route=%2Fwp%2Fv2%2Fmedia&parent=2614"}],"wp:term":[{"taxonomy":"category","embeddable":true,"href":"https:\/\/www.mszporoszlany.hu\/index.php?rest_route=%2Fwp%2Fv2%2Fcategories&post=2614"},{"taxonomy":"post_tag","embeddable":true,"href":"https:\/\/www.mszporoszlany.hu\/index.php?rest_route=%2Fwp%2Fv2%2Ftags&post=2614"}],"curies":[{"name":"wp","href":"https:\/\/api.w.org\/{rel}","templated":true}]}}