{"id":2627,"date":"2014-08-24T07:02:08","date_gmt":"2014-08-24T06:02:08","guid":{"rendered":"http:\/\/www.mszporoszlany.hu\/?p=2627"},"modified":"2014-08-24T07:02:08","modified_gmt":"2014-08-24T06:02:08","slug":"on-is-jobban-el","status":"publish","type":"post","link":"https:\/\/www.mszporoszlany.hu\/?p=2627","title":{"rendered":"\u00d6n is jobban \u00e9l?"},"content":{"rendered":"<p><img loading=\"lazy\" decoding=\"async\" class=\"alignleft size-full wp-image-2628\" src=\"https:\/\/www.mszporoszlany.hu\/wp-content\/uploads\/2014\/08\/ado.png\" alt=\"ado\" width=\"200\" height=\"120\" \/>Egyszer\u0171en el vagyok \u00e1julva \u2013 na, nem magamt\u00f3l, hanem att\u00f3l a m\u00e9rhetetlen cinizmust\u00f3l, ahogyan nap, mint nap sulykolj\u00e1k bel\u00e9m \u00fajs\u00e1gok, t\u00e9v\u00e9k, r\u00e1di\u00f3k, hogy milyen j\u00f3l \u00e9lek. A rezsics\u00f6kkent\u00e9s, meg a csal\u00e1di ad\u00f3kedvezm\u00e9ny annyi p\u00e9nzt hagyott a zsebemben, meg az \u00d6n\u00e9ben is, hogy megn\u00f6vekedett v\u00e1s\u00e1rl\u00e1sainkkal rak\u00e9tasebess\u00e9ggel seg\u00edtj\u00fck a gazdas\u00e1g imm\u00e1r hat \u00e9ve tart\u00f3 talpra \u00e1ll\u00e1s\u00e1t.<\/p>\n<p><!--more--><\/p>\n<p>A bajom csak az mindezzel, hogy nem \u00edgy \u00e9rz\u00e9kelem. S, hogy mi\u00e9rt? \u00c1lljon itt eml\u00e9keztet\u0151\u00fcl \u2013 a teljess\u00e9g ig\u00e9nye n\u00e9lk\u00fcl &#8211; annak a t\u00f6bb mint k\u00e9ttucat ad\u00f3nemnek a list\u00e1ja, amelyeket &#8222;az ad\u00f3cs\u00f6kkent\u00e9s korm\u00e1nya&#8221;, vagyis Orb\u00e1n kabinetje vezetett be &#8222;azem\u00fatn\u00e9gy\u00e9v&#8221; alatt:<\/p>\n<ul>\n<li>bankad\u00f3,<\/li>\n<li>energetikai k\u00fcl\u00f6nad\u00f3,<\/li>\n<li>kereskedelmi l\u00e1ncok k\u00fcl\u00f6nad\u00f3ja,<\/li>\n<li>t\u00e1vk\u00f6zl\u00e9si- \u00e9s telekommunik\u00e1ci\u00f3s k\u00fcl\u00f6nad\u00f3,<\/li>\n<li>n\u00e9peg\u00e9szs\u00e9g\u00fcgyi term\u00e9kad\u00f3 (chipsad\u00f3),<\/li>\n<li>kommersz szeszek b\u00fcntet\u0151ad\u00f3ja,<\/li>\n<li>k\u00fclf\u00f6ldi rendsz\u00e1m\u00fa aut\u00f3k ad\u00f3ja,<\/li>\n<li>j\u00e1t\u00e9kg\u00e9p ad\u00f3,<\/li>\n<li>d\u00edzel ad\u00f3,<\/li>\n<li>energiaell\u00e1t\u00f3k j\u00f6vedelemad\u00f3j\u00e1nak fenntart\u00e1sa,<\/li>\n<li>baleseti ad\u00f3,<\/li>\n<li>ingatlanspekul\u00e1ci\u00f3s ad\u00f3,<\/li>\n<li>kamarai regisztr\u00e1ci\u00f3s hozz\u00e1j\u00e1rul\u00e1s,<\/li>\n<li>szoci\u00e1lis hozz\u00e1j\u00e1rul\u00e1si ad\u00f3,<\/li>\n<li>nyugd\u00edjad\u00f3 (volt munk\u00e1ltat\u00f3i j\u00e1rul\u00e9k),<\/li>\n<li>online szerencsej\u00e1t\u00e9k ad\u00f3,<\/li>\n<li>porn\u00f3ad\u00f3,<\/li>\n<li>igazgat\u00e1si szolg\u00e1ltat\u00e1si p\u00f3td\u00edj,<\/li>\n<li>katasztr\u00f3fav\u00e9delmi hozz\u00e1j\u00e1rul\u00e1s,<\/li>\n<li>p\u00e9nz\u00fcgyi tranzakci\u00f3s illet\u00e9k,<\/li>\n<li>egys\u00e9ges biztos\u00edt\u00e1si ad\u00f3,<\/li>\n<li>t\u00e1vk\u00f6zl\u00e9si szolg\u00e1ltat\u00e1si ad\u00f3 (mobilad\u00f3),<\/li>\n<li>k\u00f6zm\u0171 ad\u00f3,<\/li>\n<li>ford\u00edtott \u00e1ltal\u00e1nos forgalmaz\u00e1si ad\u00f3 a mez\u0151gazdas\u00e1gban,<\/li>\n<li>e-\u00fatd\u00edj emelt szint\u0171 ind\u00edt\u00e1sa,<\/li>\n<li>\u00e9lelmiszerl\u00e1nc-fel\u00fcgyeleti d\u00edj.<\/li>\n<\/ul>\n","protected":false},"excerpt":{"rendered":"<p>Egyszer\u0171en el vagyok \u00e1julva \u2013 na, nem magamt\u00f3l, hanem att\u00f3l a m\u00e9rhetetlen cinizmust\u00f3l, ahogyan nap, mint nap sulykolj\u00e1k bel\u00e9m \u00fajs\u00e1gok, t\u00e9v\u00e9k, r\u00e1di\u00f3k, hogy milyen j\u00f3l \u00e9lek. A rezsics\u00f6kkent\u00e9s, meg a csal\u00e1di ad\u00f3kedvezm\u00e9ny annyi p\u00e9nzt hagyott a zsebemben, meg az \u00d6n\u00e9ben is, hogy megn\u00f6vekedett v\u00e1s\u00e1rl\u00e1sainkkal rak\u00e9tasebess\u00e9ggel seg\u00edtj\u00fck a gazdas\u00e1g imm\u00e1r hat \u00e9ve tart\u00f3 talpra \u00e1ll\u00e1s\u00e1t. <a href=\"https:\/\/www.mszporoszlany.hu\/?p=2627\">Egy kattint\u00e1s ide a folytat\u00e1shoz&#8230;. <span class=\"meta-nav\">&rarr;<\/span><\/a><\/p>\n","protected":false},"author":35,"featured_media":0,"comment_status":"open","ping_status":"closed","sticky":false,"template":"","format":"standard","meta":{"footnotes":""},"categories":[196],"tags":[1735,1736,60,1737],"class_list":["post-2627","post","type-post","status-publish","format-standard","hentry","category-magyarorszag","tag-ado","tag-azemutnegyev","tag-fidesz","tag-orban-kabinet"],"_links":{"self":[{"href":"https:\/\/www.mszporoszlany.hu\/index.php?rest_route=\/wp\/v2\/posts\/2627","targetHints":{"allow":["GET"]}}],"collection":[{"href":"https:\/\/www.mszporoszlany.hu\/index.php?rest_route=\/wp\/v2\/posts"}],"about":[{"href":"https:\/\/www.mszporoszlany.hu\/index.php?rest_route=\/wp\/v2\/types\/post"}],"author":[{"embeddable":true,"href":"https:\/\/www.mszporoszlany.hu\/index.php?rest_route=\/wp\/v2\/users\/35"}],"replies":[{"embeddable":true,"href":"https:\/\/www.mszporoszlany.hu\/index.php?rest_route=%2Fwp%2Fv2%2Fcomments&post=2627"}],"version-history":[{"count":0,"href":"https:\/\/www.mszporoszlany.hu\/index.php?rest_route=\/wp\/v2\/posts\/2627\/revisions"}],"wp:attachment":[{"href":"https:\/\/www.mszporoszlany.hu\/index.php?rest_route=%2Fwp%2Fv2%2Fmedia&parent=2627"}],"wp:term":[{"taxonomy":"category","embeddable":true,"href":"https:\/\/www.mszporoszlany.hu\/index.php?rest_route=%2Fwp%2Fv2%2Fcategories&post=2627"},{"taxonomy":"post_tag","embeddable":true,"href":"https:\/\/www.mszporoszlany.hu\/index.php?rest_route=%2Fwp%2Fv2%2Ftags&post=2627"}],"curies":[{"name":"wp","href":"https:\/\/api.w.org\/{rel}","templated":true}]}}