{"id":2654,"date":"2015-01-22T13:23:52","date_gmt":"2015-01-22T12:23:52","guid":{"rendered":"http:\/\/www.mszporoszlany.hu\/?p=2654"},"modified":"2015-01-22T13:35:03","modified_gmt":"2015-01-22T12:35:03","slug":"a-jo-politikai-memoria","status":"publish","type":"post","link":"https:\/\/www.mszporoszlany.hu\/?p=2654","title":{"rendered":"A j\u00f3 politikai mem\u00f3ria"},"content":{"rendered":"<p><em><img loading=\"lazy\" decoding=\"async\" class=\"alignleft size-full wp-image-2655\" src=\"https:\/\/www.mszporoszlany.hu\/wp-content\/uploads\/2015\/01\/PappPeter.png\" alt=\"PappPeter\" width=\"200\" height=\"120\" \/>\u201e\u00d6nnek tal\u00e1n m\u00e9g az ellenfelei \u00e1ltal is becs\u00fclt, j\u00f3 politikai mem\u00f3ri\u00e1ja van\u201d<\/em> \u2013 ezekkel a kedves szavakkal fordult a helyi TV riportere Papp P\u00e9terhez a janu\u00e1r 12-i ad\u00e1sban, majd a test\u00fclet p\u00e9nz\u00fcgyi bizotts\u00e1g\u00e1nak vezet\u0151j\u00e9t, a Fidesz volt v\u00e1rosi eln\u00f6k\u00e9t arra buzd\u00edtotta, hogy reag\u00e1ljon arra a v\u00e1laszt\u00e1si kijelent\u00e9sre, amely szerint 2010. ut\u00e1n megtorpant az int\u00e9zm\u00e9nyi fel\u00faj\u00edt\u00e1si program.<\/p>\n<p><!--more--><\/p>\n<p>Papp P\u00e9ter v\u00e1lasza: &#8222;<em>Ez egyszer\u0171en nem igaz. Val\u00f3j\u00e1ban el kell ismerni, akkor t\u00f6rt\u00e9ntek az iskola fel\u00faj\u00edt\u00e1sok, illetve megkezd\u0151d\u00f6tt az \u00f3voda fel\u00faj\u00edt\u00e1sa, ez mintegy 900 milli\u00f3 forintba ker\u00fclt az akkori 4 \u00e9vben. \u00d6sszeszedtem a sz\u00e1mokat. A teljess\u00e9g ig\u00e9nye n\u00e9lk\u00fcl felsoroln\u00e9k n\u00e9h\u00e1nyat:<\/em><\/p>\n<p style=\"padding-left: 30px; background-color: #e8e8e8;\"><em>A G\u00e1rdonyi beruh\u00e1z\u00e1sa 500 milli\u00f3 forint volt \u00e9s nemcsak fel\u00faj\u00edtottuk az int\u00e9zm\u00e9nyt, hanem \u00fajranyitottuk. Arany J\u00e1nos iskola fel\u00faj\u00edt\u00e1s 500 milli\u00f3 forintot meghalad\u00f3 beruh\u00e1z\u00e1s, s nemcsak fel\u00faj\u00edtottuk az int\u00e9zm\u00e9ny egy r\u00e9sz\u00e9t, hanem \u00fajranyitottuk.<\/em><br \/>\n<em>Strand fel\u00faj\u00edt\u00e1s 200 milli\u00f3 forint, nemcsak fel\u00faj\u00edtottuk, hanem \u00fajra nyitottuk.<\/em><br \/>\n<em>Mindenki l\u00e1thatta, hogy az \u00f6sszes \u00f3vod\u00e1n\u00e1l \u00e9vente egy kb. 10-15 milli\u00f3s fejleszt\u00e9st hajtottunk v\u00e9gre, illetve az \u00f6sszes \u00f3voda j\u00e1tsz\u00f3tere, plusz a Hunyadi iskola j\u00e1tsz\u00f3tere teljesen meg\u00fajult.<\/em><br \/>\n<em>\u00d6tmilli\u00f3t adtunk a sportcsarnokra, legal\u00e1bb 30 milli\u00f3s fel\u00faj\u00edt\u00e1s volt a focist\u00e1k \u00f6lt\u00f6z\u0151i, de sorolhatn\u00e1m. Ha \u00f6sszehasonl\u00edtjuk az el\u0151z\u0151 ciklussal az int\u00e9zm\u00e9ny fel\u00faj\u00edt\u00e1si keretet, 40 %-kal t\u00f6bbet k\u00f6lt\u00f6tt\u00fcnk ezekre a dolgokra.&#8221;<\/em><\/p>\n<p>H\u00e1t, mi is kigy\u0171jt\u00f6tt\u00fck a pontos adatokat, \u00e9s lenne p\u00e1r megjegyz\u00e9s\u00fcnk a j\u00f3 politikai mem\u00f3ri\u00e1val kapcsolatban: a G\u00e1rdonyi teljes beruh\u00e1z\u00e1sa 500 helyett, \u201ecsak\u201d 225,5 milli\u00f3 forint volt, m\u00edg a strand fel\u00faj\u00edt\u00e1sa is 30 milli\u00f3val kevesebb volt a 200 milli\u00f3n\u00e1l, amire Papp \u00far eml\u00e9kezik. Az \u00f3vod\u00e1kra 2013-2014-ben val\u00f3ban elk\u00f6lt\u00f6ttek mintegy 10-12 milli\u00f3t, de el\u0151tte, 2012-ben ez mind\u00f6ssze 2 \u00e9s f\u00e9lmilli\u00f3 volt.<\/p>\n<p>Elhangzott az is, hogy legal\u00e1bb 30 milli\u00f3s fel\u00faj\u00edt\u00e1s volt a focist\u00e1k \u00f6lt\u00f6z\u0151in\u00e9l, \u00e9s bizony itt csapta be legjobban mem\u00f3ri\u00e1ja az egykori alpolg\u00e1rmestert, hiszen ez az \u00f6sszeg 3,6 milli\u00f3 volt. Teh\u00e1t a strand \u00e9s az \u00f6sszes sportl\u00e9tes\u00edtm\u00e9ny beruh\u00e1z\u00e1s 2010-2014 k\u00f6z\u00f6tt 403 milli\u00f3 forinttal, az \u00f3vodai beruh\u00e1z\u00e1sok 2012-2014 k\u00f6z\u00f6tt 24 milli\u00f3 forinttal terhelt\u00e9k a k\u00f6lts\u00e9gvet\u00e9st, s ehhez persze j\u00f6n m\u00e9g a volt Arany iskola k\u00f6zel 530 milli\u00f3s nagyberuh\u00e1z\u00e1s\u00e1nak r\u00e9sze, illetve a m\u00e1ig vitatott szabadt\u00e9ri sz\u00ednpad \u00e9s t\u00e9r 120 milli\u00f3ja. Sz\u00f3val 1,1 milli\u00e1rd k\u00f6r\u00fcl vagyunk, ami komoly summa, de hogy 40 %-kal t\u00f6bb, mint az el\u0151z\u0151 4 \u00e9vben, arra \u00e9rdemes visszat\u00e9rni.<\/p>\n<p>Mint azt Papp P\u00e9ter is elismerte, 2010-ben a teljes iskolarendszer meg\u00fajult k\u00f6zel 900 milli\u00f3b\u00f3l. Az \u00e9v m\u00e1jus\u00e1ban a T\u00e1ncsics \u00fati \u00f3voda is megfiatalodott 30 milli\u00f3b\u00f3l, valamint okt\u00f3berben az oroszl\u00e1nyi M\u0171vel\u0151d\u00e9si K\u00f6zpont rekonstrukci\u00f3j\u00e1nak els\u0151 \u00fcteme szint\u00e9n 30 milli\u00f3b\u00f3l.<\/p>\n<p>De ne feledkezz\u00fcnk meg a ciklus elej\u00e9n, 2007-ben az uszoda rekonstrukci\u00f3r\u00f3l 320 milli\u00f3s t\u00e9telben, az oktat\u00e1si int\u00e9zm\u00e9nyek energia-megtakar\u00edt\u00e1st eredm\u00e9nyez\u0151 fel\u00faj\u00edt\u00e1s\u00e1r\u00f3l 220 milli\u00f3 forintb\u00f3l, \u00e9s 100 milli\u00f3 forintba ker\u00fclt a b\u00f6lcs\u0151dei szolg\u00e1lat egyik \u00e9p\u00fclet\u00e9nek teljes rekonstrukci\u00f3ja 2007 okt\u00f3ber\u00e9ben.<\/p>\n<p>2009-ben 22,5 milli\u00f3 forintos beruh\u00e1z\u00e1s keret\u00e9ben meg\u00fajult a n\u00e9gys\u00e1vos tekep\u00e1lya, a sportcsarnokban 18 milli\u00f3b\u00f3l kicser\u00e9lt\u00e9k a k\u00fczd\u0151t\u00e9r teljes padl\u00f3zat\u00e1t, 5,3 milli\u00f3s beruh\u00e1z\u00e1ssal elk\u00e9sz\u00fclt a harmadik sz\u00e1m\u00edt\u00f3g\u00e9p-terem a gimn\u00e1ziumban, s nem utols\u00f3 sorban 18 milli\u00f3 forintra p\u00e1ly\u00e1zott sikerrel a polg\u00e1rmesteri hivatal, seg\u00edtve az \u00fcgyf\u00e9lkiszolg\u00e1l\u00e1st.<\/p>\n<p>Nem akarunk mi sz\u00e1mh\u00e1bor\u00fazni, \u00e9s ez az anyag is ink\u00e1bb a pontos t\u00e1j\u00e9koztat\u00e1s \u00e9rdek\u00e9ben sz\u00fcletett, valamint az\u00e9rt, hogy vegye m\u00e1r mindenki \u00e9szre: v\u00e9get \u00e9rt a kamp\u00e1ny, dolgozni kellene, nem panaszkodni, s k\u00fcl\u00f6n\u00f6sen nem hamis, hazug inform\u00e1ci\u00f3k sz\u00f3cs\u00f6vek\u00e9nt haszn\u00e1lni a telev\u00edzi\u00f3t.<\/p>\n","protected":false},"excerpt":{"rendered":"<p>\u201e\u00d6nnek tal\u00e1n m\u00e9g az ellenfelei \u00e1ltal is becs\u00fclt, j\u00f3 politikai mem\u00f3ri\u00e1ja van\u201d \u2013 ezekkel a kedves szavakkal fordult a helyi TV riportere Papp P\u00e9terhez a janu\u00e1r 12-i ad\u00e1sban, majd a test\u00fclet p\u00e9nz\u00fcgyi bizotts\u00e1g\u00e1nak vezet\u0151j\u00e9t, a Fidesz volt v\u00e1rosi eln\u00f6k\u00e9t arra buzd\u00edtotta, hogy reag\u00e1ljon arra a v\u00e1laszt\u00e1si kijelent\u00e9sre, amely szerint 2010. ut\u00e1n megtorpant az int\u00e9zm\u00e9nyi fel\u00faj\u00edt\u00e1si program. <a href=\"https:\/\/www.mszporoszlany.hu\/?p=2654\">Egy kattint\u00e1s ide a folytat\u00e1shoz&#8230;. <span class=\"meta-nav\">&rarr;<\/span><\/a><\/p>\n","protected":false},"author":35,"featured_media":0,"comment_status":"open","ping_status":"closed","sticky":false,"template":"","format":"standard","meta":{"footnotes":""},"categories":[194],"tags":[1744,60,1746,1743,1740,1745,1751,1750,1742,56,1741,1747,1394,1748,1749],"class_list":["post-2654","post","type-post","status-publish","format-standard","hentry","category-oroszlany","tag-arany-janos-iskola-felujitas","tag-fidesz","tag-focistak-oltozoinek-felujitasa","tag-gardonyi-beruhazas","tag-helyi-tv","tag-hunyadi-iskola-jatszoter-felujitasa","tag-negysavos-tekepalya-felujitasa","tag-oktatasi-intezmenyek-energetikai-felujitasa","tag-ovoda-felujitas","tag-papp-peter","tag-penzugyi-bizottsag-vezeto","tag-sportletesitmenyek-fejlesztese","tag-strand-felujitas","tag-szabadteri-szinpad","tag-uszoda-rekonstrukcio"],"_links":{"self":[{"href":"https:\/\/www.mszporoszlany.hu\/index.php?rest_route=\/wp\/v2\/posts\/2654","targetHints":{"allow":["GET"]}}],"collection":[{"href":"https:\/\/www.mszporoszlany.hu\/index.php?rest_route=\/wp\/v2\/posts"}],"about":[{"href":"https:\/\/www.mszporoszlany.hu\/index.php?rest_route=\/wp\/v2\/types\/post"}],"author":[{"embeddable":true,"href":"https:\/\/www.mszporoszlany.hu\/index.php?rest_route=\/wp\/v2\/users\/35"}],"replies":[{"embeddable":true,"href":"https:\/\/www.mszporoszlany.hu\/index.php?rest_route=%2Fwp%2Fv2%2Fcomments&post=2654"}],"version-history":[{"count":0,"href":"https:\/\/www.mszporoszlany.hu\/index.php?rest_route=\/wp\/v2\/posts\/2654\/revisions"}],"wp:attachment":[{"href":"https:\/\/www.mszporoszlany.hu\/index.php?rest_route=%2Fwp%2Fv2%2Fmedia&parent=2654"}],"wp:term":[{"taxonomy":"category","embeddable":true,"href":"https:\/\/www.mszporoszlany.hu\/index.php?rest_route=%2Fwp%2Fv2%2Fcategories&post=2654"},{"taxonomy":"post_tag","embeddable":true,"href":"https:\/\/www.mszporoszlany.hu\/index.php?rest_route=%2Fwp%2Fv2%2Ftags&post=2654"}],"curies":[{"name":"wp","href":"https:\/\/api.w.org\/{rel}","templated":true}]}}