{"id":2661,"date":"2015-02-02T06:58:54","date_gmt":"2015-02-02T05:58:54","guid":{"rendered":"http:\/\/www.mszporoszlany.hu\/?p=2661"},"modified":"2015-02-02T07:06:33","modified_gmt":"2015-02-02T06:06:33","slug":"felmentettek-a-polgarmestert","status":"publish","type":"post","link":"https:\/\/www.mszporoszlany.hu\/?p=2661","title":{"rendered":"Felmentett\u00e9k a polg\u00e1rmestert"},"content":{"rendered":"<p><img loading=\"lazy\" decoding=\"async\" class=\"alignleft size-full wp-image-2662\" src=\"https:\/\/www.mszporoszlany.hu\/wp-content\/uploads\/2015\/02\/schwartz.png\" alt=\"Schwartz B\u00e9la\" width=\"200\" height=\"120\" \/>Ma m\u00e1r szinte bizonyoss\u00e1 v\u00e1lt, hogy bizonyos fels\u0151bb elv\u00e1r\u00e1soknak kellett megfelelni\u00fck a 2010-es v\u00e1laszt\u00e1sok gy\u0151zteseinek, ha baloldali v\u00e1rosvezet\u0151 ellen szerezt\u00e9k meg a voksok t\u00f6bbs\u00e9g\u00e9t. \u00cdgy volt ez Miskolcon, Kom\u00e1romban \u00e9s persze Oroszl\u00e1nyban is. De a legjobban szeg\u00e9ny Schwartz B\u00e9la ajkai polg\u00e1rmesterre m\u00e1sztak r\u00e1, hiszen az elm\u00falt \u00f6t esztend\u0151ben 21 elj\u00e1r\u00e1st folytattak ellene, melyek nagy r\u00e9sze b\u0171ncselekm\u00e9ny hi\u00e1ny\u00e1ban lez\u00e1rult.<\/p>\n<p><!--more--><\/p>\n<p>A napokban is minden v\u00e1dpont al\u00f3l felmentette a Veszpr\u00e9mi J\u00e1r\u00e1sb\u00edr\u00f3s\u00e1g a baloldali v\u00e1rosvezet\u0151t, aki ellen jelent\u0151s vagyoni h\u00e1tr\u00e1nyt okoz\u00f3 h\u0171tlen kezel\u00e9s \u00e9s zsarol\u00e1s miatt indult b\u00fcntet\u0151per 2013 tavasz\u00e1n a megyesz\u00e9khelyen \u2013 adta h\u00edr\u00fcl az <a title=\"ATV.HU h\u00edrad\u00e1s aynaga\" href=\"http:\/\/www.atv.hu\/videok\/video-20150123-felmentettek-az-ajkai-polgarmestert\" target=\"_blank\">atv.hu<\/a>.<\/p>\n<p>Aradi-Kiss Zita b\u00edr\u00f3 az \u00edt\u00e9let indokak\u00e9nt azt mondta, hogy nem \u00e1llap\u00edthat\u00f3 meg h\u0171tlen kezel\u00e9s \u00e9s zsarol\u00e1s sem a v\u00e1dlott tev\u00e9kenys\u00e9ge kapcs\u00e1n. Mindezt egy politikai lej\u00e1rat\u00f3 kamp\u00e1ny r\u00e9sz\u00e9nek tekinti \u2013 tette hozz\u00e1 a polg\u00e1rmester.<\/p>\n<p>Az \u00fcgy m\u00e1sod- \u00e9s harmadrend\u0171 v\u00e1dlottj\u00e1t szint\u00e9n felmentette a b\u00edr\u00f3s\u00e1g els\u0151 fokon. Az MTI-nek nyilatkozva <a title=\"Nyilv\u00e1nos anyag az ATV.HU oldal\u00e1n\" href=\"http:\/\/www.atv.hu\/videok\/video-20150131-eloszor-allt-nyilvanossag-ele-a-felmentett-ajkai-polgarmester\" target=\"_blank\">Schwartz B\u00e9la<\/a> kijelentette: <em>az ellene folyamatban l\u00e9v\u0151 k\u00f6zel k\u00e9t tucat \u00fcgy k\u00f6z\u00fcl ez t\u0171nt a &#8222;legs\u00falyosabbnak&#8221;, de \u00f6r\u00fcl annak, hogy a szak\u00e9rt\u0151i v\u00e9lem\u00e9nyeket figyelembe v\u00e9ve v\u00e9g\u00fcl felment\u0151 \u00edt\u00e9let sz\u00fcletett.<\/em><\/p>\n<p>H\u00e1t, ennyit a lelki szennyekr\u0151l, amelyek ma is teljes nyugalommal hajtj\u00e1k nyugalomra fej\u00fcket az orsz\u00e1g sok hely\u00e9n, s persze Oroszl\u00e1nyban is.<\/p>\n","protected":false},"excerpt":{"rendered":"<p>Ma m\u00e1r szinte bizonyoss\u00e1 v\u00e1lt, hogy bizonyos fels\u0151bb elv\u00e1r\u00e1soknak kellett megfelelni\u00fck a 2010-es v\u00e1laszt\u00e1sok gy\u0151zteseinek, ha baloldali v\u00e1rosvezet\u0151 ellen szerezt\u00e9k meg a voksok t\u00f6bbs\u00e9g\u00e9t. \u00cdgy volt ez Miskolcon, Kom\u00e1romban \u00e9s persze Oroszl\u00e1nyban is. De a legjobban szeg\u00e9ny Schwartz B\u00e9la ajkai &hellip; <a href=\"https:\/\/www.mszporoszlany.hu\/?p=2661\">Egy kattint\u00e1s ide a folytat\u00e1shoz&#8230;. <span class=\"meta-nav\">&rarr;<\/span><\/a><\/p>\n","protected":false},"author":35,"featured_media":0,"comment_status":"open","ping_status":"closed","sticky":false,"template":"","format":"standard","meta":{"footnotes":""},"categories":[196,58],"tags":[1752,1755,1312,735,1764,1753,1754],"class_list":["post-2661","post","type-post","status-publish","format-standard","hentry","category-magyarorszag","category-mszp","tag-ajka","tag-buncselekmeny-hianyaban","tag-komarom","tag-miskolc","tag-oroszlany","tag-schwartz-bela","tag-veszpremi-jarasbirosag"],"_links":{"self":[{"href":"https:\/\/www.mszporoszlany.hu\/index.php?rest_route=\/wp\/v2\/posts\/2661","targetHints":{"allow":["GET"]}}],"collection":[{"href":"https:\/\/www.mszporoszlany.hu\/index.php?rest_route=\/wp\/v2\/posts"}],"about":[{"href":"https:\/\/www.mszporoszlany.hu\/index.php?rest_route=\/wp\/v2\/types\/post"}],"author":[{"embeddable":true,"href":"https:\/\/www.mszporoszlany.hu\/index.php?rest_route=\/wp\/v2\/users\/35"}],"replies":[{"embeddable":true,"href":"https:\/\/www.mszporoszlany.hu\/index.php?rest_route=%2Fwp%2Fv2%2Fcomments&post=2661"}],"version-history":[{"count":0,"href":"https:\/\/www.mszporoszlany.hu\/index.php?rest_route=\/wp\/v2\/posts\/2661\/revisions"}],"wp:attachment":[{"href":"https:\/\/www.mszporoszlany.hu\/index.php?rest_route=%2Fwp%2Fv2%2Fmedia&parent=2661"}],"wp:term":[{"taxonomy":"category","embeddable":true,"href":"https:\/\/www.mszporoszlany.hu\/index.php?rest_route=%2Fwp%2Fv2%2Fcategories&post=2661"},{"taxonomy":"post_tag","embeddable":true,"href":"https:\/\/www.mszporoszlany.hu\/index.php?rest_route=%2Fwp%2Fv2%2Ftags&post=2661"}],"curies":[{"name":"wp","href":"https:\/\/api.w.org\/{rel}","templated":true}]}}