{"id":2666,"date":"2015-02-09T07:02:41","date_gmt":"2015-02-09T06:02:41","guid":{"rendered":"http:\/\/www.mszporoszlany.hu\/?p=2666"},"modified":"2015-02-09T07:02:41","modified_gmt":"2015-02-09T06:02:41","slug":"az-egyenlok-legyenek-egyenloek","status":"publish","type":"post","link":"https:\/\/www.mszporoszlany.hu\/?p=2666","title":{"rendered":"Az egyenl\u0151k legyenek egyenl\u0151ek!"},"content":{"rendered":"<p><img loading=\"lazy\" decoding=\"async\" class=\"alignleft size-full wp-image-2667\" src=\"https:\/\/www.mszporoszlany.hu\/wp-content\/uploads\/2015\/02\/cafeteria.png\" alt=\"cafeteria\" width=\"200\" height=\"120\" \/>M\u00e1r t\u00f6bb alkalommal megeml\u00e9kezt\u00fcnk \u00edr\u00e1sainkban arr\u00f3l, hogy a korm\u00e1ny \u00e1llamos\u00edt\u00e1si l\u00e1za mik\u00e9nt \u00e9rintette a v\u00e1ros \u00e1ltal\u00e1nos \u00e9s k\u00f6z\u00e9piskol\u00e1it. Sok egy\u00e9b mellett az \u00e1llami KLIK-alkalmazott pedag\u00f3gusok elestek a cafeteri\u00e1t\u00f3l is. Ennek egyetlen oka volt: a KLIK egys\u00e9ges\u00edtette a b\u00e9rek mellett a juttat\u00e1sok \u00e9rt\u00e9k\u00e9t is. Eredm\u00e9ny: az \u00e1llamos\u00edt\u00e1s ut\u00e1n senki nem kapott ilyen juttat\u00e1st! \u00cdgy \u00e1llt el\u0151 a v\u00e1rosban az a helyzet, hogy aki az \u00f6nkorm\u00e1nyzat alkalmaz\u00e1s\u00e1ban \u00e1ll\u00f3 k\u00f6zalkalmazott maradt, az kapott b\u00e9ren k\u00edv\u00fcli juttat\u00e1st, akit pedig \u201eelvitt\u201d a KLIK, az mindent elvesztett.<\/p>\n<p><!--more--><\/p>\n<p>Mivel a helyi oktat\u00e1si, nevel\u00e9si int\u00e9zm\u00e9nyekben ugyanolyan fontos munka zajlik (szintt\u0151l f\u00fcggetlen\u00fcl), ez\u00e9rt Oroszl\u00e1ny \u00faj v\u00e1rosvezet\u00e9se megsz\u00fcnteti ezt a fajta kett\u0151s m\u00e9rc\u00e9t. A 2015. febru\u00e1r 10-\u00e9n t\u00e1rgyaland\u00f3 k\u00f6lts\u00e9gvet\u00e9sben szerepel egy sor, ami a nem \u00e1llami oroszl\u00e1nyi k\u00f6zalkalmazottak juttat\u00e1s\u00e1t tartalmazza. Ez pedag\u00f3gusonk\u00e9nt havi 10.000 Ft.<\/p>\n<p>\u00c9rdekes momentum a t\u00f6rt\u00e9netben, hogy az egyik bizotts\u00e1gi \u00fcl\u00e9sen a helyi Fidesz prominens alakjai 50%-kal kevesebb juttat\u00e1st javasoltak ezeknek az alkalmazottaknak, hiszen nem v\u00e1rosi int\u00e9zm\u00e9nyben dolgoznak! Gyorsan v\u00e1ltozik a v\u00e9lem\u00e9ny. Okt\u00f3ber elej\u00e9n m\u00e9g programpontjuk volt, ma pedig &#8230;? A helyi korm\u00e1nyz\u00f3 frakci\u00f3 szerint nem felesleges a kiad\u00e1s: minden k\u00f6zalkalmazott meg\u00e9rdemli ezt a juttat\u00e1st. A v\u00e1ros er\u0151forr\u00e1sai lehet\u0151v\u00e9 teszik.<\/p>\n<p>Igaz, az el\u0151z\u0151 \u00e9v janu\u00e1rj\u00e1t\u00f3l \u00e9l egy kollekt\u00edv szerz\u0151d\u00e9s, ami szerint a KLIK-es alkalmazottak havi 5.000 Ft b\u00e9ren k\u00edv\u00fcli juttat\u00e1sra jogosultak, de ez a p\u00e9nz m\u00e9g nem \u00e9rt oda senkihez. Nem szeretn\u00e9nk a csod\u00e1ra v\u00e1rni, cselekedni szeretn\u00e9nk!<\/p>\n<p>Az m\u00e1sik k\u00e9rd\u00e9s, hogy ez milyen form\u00e1ban fog eljutni a c\u00e9lszem\u00e9lyekhez, ugyanis a k\u00f6znevel\u00e9si t\u00f6rv\u00e9ny nem teszi lehet\u0151v\u00e9, hogy a helyi \u00f6nkorm\u00e1nyzat beseg\u00edtsen a pedag\u00f3gusok munk\u00e1j\u00e1nak elismer\u00e9s\u00e9be. Rem\u00e9lj\u00fck, hogy a korm\u00e1ny k\u00f6znevel\u00e9si \u00e1llamtitk\u00e1ra, aki nem mellesleg a k\u00f6rzet orsz\u00e1ggy\u0171l\u00e9si k\u00e9pvisel\u0151je, fel fogja ismerni az ig\u00e9nyt \u00e9s a lehet\u0151s\u00e9get!<\/p>\n<p>Rem\u00e9lj\u00fck, a j\u00f6v\u0151ben lesz arra m\u00f3d, hogy azok az \u00f6nkorm\u00e1nyzatok, ahol van sz\u00e1nd\u00e9k \u00e9s forr\u00e1s, el tudj\u00e1k ismerni a k\u00f6zalkalmazottaik munk\u00e1j\u00e1t!<\/p>\n","protected":false},"excerpt":{"rendered":"<p>M\u00e1r t\u00f6bb alkalommal megeml\u00e9kezt\u00fcnk \u00edr\u00e1sainkban arr\u00f3l, hogy a korm\u00e1ny \u00e1llamos\u00edt\u00e1si l\u00e1za mik\u00e9nt \u00e9rintette a v\u00e1ros \u00e1ltal\u00e1nos \u00e9s k\u00f6z\u00e9piskol\u00e1it. Sok egy\u00e9b mellett az \u00e1llami KLIK-alkalmazott pedag\u00f3gusok elestek a cafeteri\u00e1t\u00f3l is. Ennek egyetlen oka volt: a KLIK egys\u00e9ges\u00edtette a b\u00e9rek mellett a juttat\u00e1sok \u00e9rt\u00e9k\u00e9t is. Eredm\u00e9ny: az \u00e1llamos\u00edt\u00e1s ut\u00e1n senki nem kapott ilyen juttat\u00e1st! \u00cdgy \u00e1llt el\u0151 a v\u00e1rosban az a helyzet, hogy aki az \u00f6nkorm\u00e1nyzat alkalmaz\u00e1s\u00e1ban \u00e1ll\u00f3 k\u00f6zalkalmazott maradt, az kapott b\u00e9ren k\u00edv\u00fcli juttat\u00e1st, akit pedig \u201eelvitt\u201d a KLIK, az mindent elvesztett. <a href=\"https:\/\/www.mszporoszlany.hu\/?p=2666\">Egy kattint\u00e1s ide a folytat\u00e1shoz&#8230;. <span class=\"meta-nav\">&rarr;<\/span><\/a><\/p>\n","protected":false},"author":35,"featured_media":0,"comment_status":"open","ping_status":"closed","sticky":false,"template":"","format":"standard","meta":{"footnotes":""},"categories":[196,194],"tags":[960,1492,1151,1447,1756,1511,1757,342],"class_list":["post-2666","post","type-post","status-publish","format-standard","hentry","category-magyarorszag","category-oroszlany","tag-allam","tag-cafeteria","tag-felsooktatas","tag-klik","tag-kozalkalmazott","tag-koznevelesi-intezmeny","tag-orszagggyulesi-kepviselo","tag-pedagogus"],"_links":{"self":[{"href":"https:\/\/www.mszporoszlany.hu\/index.php?rest_route=\/wp\/v2\/posts\/2666","targetHints":{"allow":["GET"]}}],"collection":[{"href":"https:\/\/www.mszporoszlany.hu\/index.php?rest_route=\/wp\/v2\/posts"}],"about":[{"href":"https:\/\/www.mszporoszlany.hu\/index.php?rest_route=\/wp\/v2\/types\/post"}],"author":[{"embeddable":true,"href":"https:\/\/www.mszporoszlany.hu\/index.php?rest_route=\/wp\/v2\/users\/35"}],"replies":[{"embeddable":true,"href":"https:\/\/www.mszporoszlany.hu\/index.php?rest_route=%2Fwp%2Fv2%2Fcomments&post=2666"}],"version-history":[{"count":0,"href":"https:\/\/www.mszporoszlany.hu\/index.php?rest_route=\/wp\/v2\/posts\/2666\/revisions"}],"wp:attachment":[{"href":"https:\/\/www.mszporoszlany.hu\/index.php?rest_route=%2Fwp%2Fv2%2Fmedia&parent=2666"}],"wp:term":[{"taxonomy":"category","embeddable":true,"href":"https:\/\/www.mszporoszlany.hu\/index.php?rest_route=%2Fwp%2Fv2%2Fcategories&post=2666"},{"taxonomy":"post_tag","embeddable":true,"href":"https:\/\/www.mszporoszlany.hu\/index.php?rest_route=%2Fwp%2Fv2%2Ftags&post=2666"}],"curies":[{"name":"wp","href":"https:\/\/api.w.org\/{rel}","templated":true}]}}