{"id":2670,"date":"2015-02-12T06:38:14","date_gmt":"2015-02-12T05:38:14","guid":{"rendered":"http:\/\/www.mszporoszlany.hu\/?p=2670"},"modified":"2015-02-25T09:04:45","modified_gmt":"2015-02-25T08:04:45","slug":"ugrik-a-nyul","status":"publish","type":"post","link":"https:\/\/www.mszporoszlany.hu\/?p=2670","title":{"rendered":"Ugrik a ny\u00fal"},"content":{"rendered":"<p><img loading=\"lazy\" decoding=\"async\" class=\"alignleft size-full wp-image-2671\" src=\"https:\/\/www.mszporoszlany.hu\/wp-content\/uploads\/2015\/02\/nyul.png\" alt=\"nyul\" width=\"200\" height=\"120\" \/>El\u0151z\u0151 cikk\u00fcnkben \u00edrtunk arr\u00f3l, hogy Oroszl\u00e1ny v\u00e1ros baloldali v\u00e1rosvezet\u00e9se az idei \u00e9vi k\u00f6lts\u00e9gvet\u00e9sben havi 10.000 Ft cafateria-t biztos\u00edtott azoknak az \u00e1llami k\u00f6zalkalmazottaknak, akik a KLIK alkalmaz\u00e1s\u00e1ba ker\u00fcltek. A 2015. febru\u00e1ri k\u00e9pvisel\u0151-test\u00fcleti \u00fcl\u00e9s v\u00e9g\u00e9n Varg\u00e1n\u00e9 Vojn\u00e1r Katalin (FIDESZ) bejelent\u00e9st tett, mely szerint egyeztetett Czunyin\u00e9 Bertalan Judittal, a t\u00e9rs\u00e9g orsz\u00e1ggy\u0171l\u00e9si k\u00e9pvisel\u0151j\u00e9vel \u00e9s m\u00e1r k\u00e9sz is a szerz\u0151d\u00e9sminta, ami alapj\u00e1n el fog jutni a t\u00e1mogat\u00e1s az oroszl\u00e1nyi pedag\u00f3gusokhoz. Ennek mi is \u00f6r\u00fcl\u00fcnk, hiszen a c\u00e9l az volt, hogy a v\u00e1rosban dolgoz\u00f3 k\u00f6zalkalmazottak r\u00e9szes\u00fcljenek egyenl\u0151 b\u00e1n\u00e1sm\u00f3dban.<\/p>\n<p><!--more--><\/p>\n<p>A helyi baloldali kezdem\u00e9nyez\u00e9s leny\u00fal\u00e1s\u00e1ra val\u00f3 t\u00f6rekv\u00e9s azonban felvet egy m\u00e1sik fontos k\u00e9rd\u00e9st. 2014 janu\u00e1rban l\u00e9pett \u00e9letbe az a kollekt\u00edv szerz\u0151d\u00e9s, ami szerint havonta j\u00e1r cafateria a KLIK alkalmazottainak. A keddi test\u00fcleti \u00fcl\u00e9sen kider\u00fclt, hogy a k\u00f6znevel\u00e9si \u00e1llamtitk\u00e1rs\u00e1g gyorsan tud int\u00e9zkedni m\u00e1sok k\u00f6lts\u00e9gvet\u00e9s\u00e9nek terh\u00e9re, de nem ennyire hat\u00e9kony, ha a forr\u00e1st saj\u00e1t mag\u00e1nak kell biztos\u00edtania a feladat v\u00e9grehajt\u00e1s\u00e1hoz.<\/p>\n<p>K\u00edv\u00e1ncsiak lesz\u00fcnk arra, hogy a KLIK m\u00e1sok k\u00f6telezetts\u00e9gv\u00e1llal\u00e1sai mellett a saj\u00e1tj\u00e1t hogyan tartja be, azaz mikor fogja megkapni az orsz\u00e1g \u00f6sszes \u00e1llami (KLIK) k\u00f6zalkalmazottja a tavaly janu\u00e1r \u00f3ta nem rendezett cafateria-t?<\/p>\n","protected":false},"excerpt":{"rendered":"<p>El\u0151z\u0151 cikk\u00fcnkben \u00edrtunk arr\u00f3l, hogy Oroszl\u00e1ny v\u00e1ros baloldali v\u00e1rosvezet\u00e9se az idei \u00e9vi k\u00f6lts\u00e9gvet\u00e9sben havi 10.000 Ft cafateria-t biztos\u00edtott azoknak az \u00e1llami k\u00f6zalkalmazottaknak, akik a KLIK alkalmaz\u00e1s\u00e1ba ker\u00fcltek. A 2015. febru\u00e1ri k\u00e9pvisel\u0151test\u00fcleti \u00fcl\u00e9s v\u00e9g\u00e9n Varg\u00e1n\u00e9 Vojn\u00e1r Katalin (FIDESZ) bejelent\u00e9st tett, mely szerint egyeztetett Czunyin\u00e9 Bertalan Judittal, a t\u00e9rs\u00e9g orsz\u00e1ggy\u0171l\u00e9si k\u00e9pvisel\u0151j\u00e9vel \u00e9s m\u00e1r k\u00e9sz is a szerz\u0151d\u00e9sminta, ami alapj\u00e1n el fog jutni a t\u00e1mogat\u00e1s az oroszl\u00e1nyi pedag\u00f3gusokhoz. Ennek mi is \u00f6r\u00fcl\u00fcnk, hiszen a c\u00e9l az volt, hogy a v\u00e1rosban dolgoz\u00f3 k\u00f6zalkalmazottak r\u00e9szes\u00fcljenek egyenl\u0151 b\u00e1n\u00e1sm\u00f3dban. <a href=\"https:\/\/www.mszporoszlany.hu\/?p=2670\">Egy kattint\u00e1s ide a folytat\u00e1shoz&#8230;. <span class=\"meta-nav\">&rarr;<\/span><\/a><\/p>\n","protected":false},"author":35,"featured_media":0,"comment_status":"open","ping_status":"closed","sticky":false,"template":"","format":"standard","meta":{"footnotes":""},"categories":[196,58,194],"tags":[1759,1492,1758,1447,268,1756,1764,342,1711],"class_list":["post-2670","post","type-post","status-publish","format-standard","hentry","category-magyarorszag","category-mszp","category-oroszlany","tag-allami-alkalmazott","tag-cafeteria","tag-czunyine-bertalan-judit","tag-klik","tag-koltsegvetes","tag-kozalkalmazott","tag-oroszlany","tag-pedagogus","tag-vargane-vojnar-katalin"],"_links":{"self":[{"href":"https:\/\/www.mszporoszlany.hu\/index.php?rest_route=\/wp\/v2\/posts\/2670","targetHints":{"allow":["GET"]}}],"collection":[{"href":"https:\/\/www.mszporoszlany.hu\/index.php?rest_route=\/wp\/v2\/posts"}],"about":[{"href":"https:\/\/www.mszporoszlany.hu\/index.php?rest_route=\/wp\/v2\/types\/post"}],"author":[{"embeddable":true,"href":"https:\/\/www.mszporoszlany.hu\/index.php?rest_route=\/wp\/v2\/users\/35"}],"replies":[{"embeddable":true,"href":"https:\/\/www.mszporoszlany.hu\/index.php?rest_route=%2Fwp%2Fv2%2Fcomments&post=2670"}],"version-history":[{"count":0,"href":"https:\/\/www.mszporoszlany.hu\/index.php?rest_route=\/wp\/v2\/posts\/2670\/revisions"}],"wp:attachment":[{"href":"https:\/\/www.mszporoszlany.hu\/index.php?rest_route=%2Fwp%2Fv2%2Fmedia&parent=2670"}],"wp:term":[{"taxonomy":"category","embeddable":true,"href":"https:\/\/www.mszporoszlany.hu\/index.php?rest_route=%2Fwp%2Fv2%2Fcategories&post=2670"},{"taxonomy":"post_tag","embeddable":true,"href":"https:\/\/www.mszporoszlany.hu\/index.php?rest_route=%2Fwp%2Fv2%2Ftags&post=2670"}],"curies":[{"name":"wp","href":"https:\/\/api.w.org\/{rel}","templated":true}]}}