{"id":2700,"date":"2016-01-10T13:38:57","date_gmt":"2016-01-10T12:38:57","guid":{"rendered":"http:\/\/www.mszporoszlany.hu\/?p=2700"},"modified":"2016-01-10T13:38:57","modified_gmt":"2016-01-10T12:38:57","slug":"pillanatnyi-boldogsag","status":"publish","type":"post","link":"https:\/\/www.mszporoszlany.hu\/?p=2700","title":{"rendered":"Pillanatnyi boldogs\u00e1g"},"content":{"rendered":"<p><img loading=\"lazy\" decoding=\"async\" class=\"alignleft size-full wp-image-2701\" src=\"https:\/\/www.mszporoszlany.hu\/wp-content\/uploads\/2016\/01\/boldogsag.png\" alt=\"boldogsag\" width=\"200\" height=\"120\" \/>Azt tal\u00e1lta mondani a minap a minisztereln\u00f6k a r\u00e1di\u00f3ban, hogy nem tud boldogs\u00e1got adni.<br \/>\nDehogynem! M\u00e1r, akinek. Persze sok tud\u00f3s is birk\u00f3zgatott m\u00e1r a boldogs\u00e1g fogalm\u00e1val \u00e9s m\u00e1ig nem siker\u00fclt egy\u00e9rtelm\u0171en defini\u00e1lni, \u00e1m a minisztereln\u00f6k tudja, hogy mi az. S\u0151t mindny\u00e1jan nagy megk\u00f6zel\u00edt\u00e9ssel k\u00f6r\u00fcl tudjuk \u00edrni, hogy mi kell a boldogs\u00e1ghoz.<\/p>\n<p><!--more--><\/p>\n<p>Egy pillanatra boldog voltam, amikor bejelentett\u00e9k, hogy lak\u00e1s\u00e9p\u00edt\u00e9shez \u2013 na nem szijj\u00e1rt\u00f3 villa \u2013 viszonylag j\u00f3 p\u00e9nzt kaphatok, de hamar kider\u00fclt, hogy a felt\u00e9teleket nem r\u00e1m szabt\u00e1k \u00e9s nem is csal\u00e1dalap\u00edt\u00e1s el\u0151tt \u00e1ll\u00f3 fiatalokra.<\/p>\n<p>Egy pillanatra boldog voltam, amikor az uni\u00f3s p\u00e9nzekre p\u00e1ly\u00e1zhattam, csakhogy nem \u00e9n nyertem, s\u0151t azzal szembes\u00fcltem, hogy a p\u00e1ly\u00e1zatok elb\u00edr\u00e1l\u00e1sa kiss\u00e9 ir\u00e1ny\u00edtott.<\/p>\n<p>Egy pillanatra boldog voltam, amikor bejelentett\u00e9k, hogy igazi v\u00e1laszt\u00e1s lesz, kevesebb hivatalnok lesz, hogy f\u00f6ldet lehet b\u00e9relni, k\u00e9s\u0151bb v\u00e1s\u00e1rolni, hogy visszaadt\u00e1k a 13. havi nyugd\u00edjat, hogy cs\u00f6kken a munkan\u00e9lk\u00fclis\u00e9g, hogy a korm\u00e1nyablakokkal m\u0171k\u00f6dnek a reformok, hogy cs\u00f6kkentik a t\u00fal magas b\u00e9reket, jav\u00edtj\u00e1k a kev\u00e9sk\u00e9b\u0151l \u00e9l\u0151k helyzet\u00e9t, j\u00e1ratj\u00e1k a j\u00e1rand\u00f3s\u00e1gokat, nem csapnak be senkit, elkapj\u00e1k a s\u00e1nta kuty\u00e1kat, leleplezik az orsz\u00e1g ront\u00f3kat, megetetik az \u00e9hes gyerekeket, megv\u00e9dik az orsz\u00e1got, embersz\u00e1mba veszik az embereket, konzult\u00e1lnak velem a nagy sorsk\u00e9rd\u00e9sekr\u0151l, demokr\u00e1cia van meg ilyenek.<br \/>\nBoldogs\u00e1got nem tudnak adni, de megkeser\u00edteni az \u00e9let\u00fcnket, azt m\u0171v\u00e9szi fokon adj\u00e1k a TV-ben, a r\u00e1di\u00f3ban, a mindennapokban. Becsapnak, \u00e1tvernek, megk\u00e1ros\u00edtanak \u2013 hogy az ismert szlogennel \u00e9ljek. Nem v\u00e9denek meg, a bizonytalans\u00e1g, bizalmatlans\u00e1g, lassan a retteg\u00e9s, az undor, a f\u00e9lelem, a gyerekeim j\u00f6v\u0151j\u00e9\u00e9rt val\u00f3 agg\u00f3d\u00e1s, a k\u00f6z\u00e9lett\u0151l elfordul\u00e1s, az agresszivit\u00e1s n\u00f6veked\u00e9se tapasztalhat\u00f3 minden\u00fctt. Felborultak az \u00e9rt\u00e9krendek, semmi sem az, ami, sim\u00e1n belehazudnak a k\u00e9p\u00fcnkbe.<\/p>\n<p>Nem tud boldogs\u00e1got adni, de az l\u00e1tszik, hogy a hozz\u00e1 k\u00f6zel \u00e1ll\u00f3knak az\u00e9rt akar, meg tud is \u00e9s nem csak \u0151, hanem az eg\u00e9sz siserahad. A h\u00edv\u0151k kapnak, a nem h\u00edv\u0151k meg nem. El\u0151bb-ut\u00f3bb azt\u00e1n mindenki h\u00edv\u0151 lesz \u00e9s boldog vagy nem? Merthogy a p\u00e9nz nem boldog\u00edt. \u201eBoldogok a lelki szeg\u00e9nyek, mert \u00f6v\u00e9k a mennyeknek orsz\u00e1ga\u201d. \u00cdgy azt\u00e1n sokan azon gondolkodnak, hogy mennyek vagy ne mennyek k\u00fclf\u00f6ldre, ak\u00e1rhova, csak el innen.<\/p>\n<p>Mit\u0151l lenn\u00e9k boldog? Na ezen elgondolkodhatna mindenki! \u00c9n is keresem a v\u00e1laszt, de azt m\u00e1r tudom, hogy ett\u0151l a minisztereln\u00f6kt\u0151l nem kapom meg. Lehet, hogy ez\u00e9rt boldogg\u00e1 avatj\u00e1k majd.<\/p>\n<p>M\u00e1rcius 20-\u00e1n van az ENSZ szerint a Boldogs\u00e1g Vil\u00e1gnapja!<\/p>\n","protected":false},"excerpt":{"rendered":"<p>Azt tal\u00e1lta mondani a minap a minisztereln\u00f6k a r\u00e1di\u00f3ban, hogy nem tud boldogs\u00e1got adni.<br \/>\nDehogynem! M\u00e1r, akinek. Persze sok tud\u00f3s is birk\u00f3zgatott m\u00e1r a boldogs\u00e1g fogalm\u00e1val \u00e9s m\u00e1ig nem siker\u00fclt egy\u00e9rtelm\u0171en defini\u00e1lni, \u00e1m a minisztereln\u00f6k tudja, hogy mi az. S\u0151t mindny\u00e1jan nagy megk\u00f6zel\u00edt\u00e9ssel k\u00f6r\u00fcl tudjuk \u00edrni, hogy mi kell a boldogs\u00e1ghoz. <a href=\"https:\/\/www.mszporoszlany.hu\/?p=2700\">Egy kattint\u00e1s ide a folytat\u00e1shoz&#8230;. <span class=\"meta-nav\">&rarr;<\/span><\/a><\/p>\n","protected":false},"author":35,"featured_media":0,"comment_status":"open","ping_status":"closed","sticky":false,"template":"","format":"standard","meta":{"footnotes":""},"categories":[196],"tags":[1770,1768,1584,1769,1771],"class_list":["post-2700","post","type-post","status-publish","format-standard","hentry","category-magyarorszag","tag-13-havi-nyugdij","tag-boldogsag","tag-europai-unios-palyazat","tag-szijjarto-villa","tag-vilagnap"],"_links":{"self":[{"href":"https:\/\/www.mszporoszlany.hu\/index.php?rest_route=\/wp\/v2\/posts\/2700","targetHints":{"allow":["GET"]}}],"collection":[{"href":"https:\/\/www.mszporoszlany.hu\/index.php?rest_route=\/wp\/v2\/posts"}],"about":[{"href":"https:\/\/www.mszporoszlany.hu\/index.php?rest_route=\/wp\/v2\/types\/post"}],"author":[{"embeddable":true,"href":"https:\/\/www.mszporoszlany.hu\/index.php?rest_route=\/wp\/v2\/users\/35"}],"replies":[{"embeddable":true,"href":"https:\/\/www.mszporoszlany.hu\/index.php?rest_route=%2Fwp%2Fv2%2Fcomments&post=2700"}],"version-history":[{"count":0,"href":"https:\/\/www.mszporoszlany.hu\/index.php?rest_route=\/wp\/v2\/posts\/2700\/revisions"}],"wp:attachment":[{"href":"https:\/\/www.mszporoszlany.hu\/index.php?rest_route=%2Fwp%2Fv2%2Fmedia&parent=2700"}],"wp:term":[{"taxonomy":"category","embeddable":true,"href":"https:\/\/www.mszporoszlany.hu\/index.php?rest_route=%2Fwp%2Fv2%2Fcategories&post=2700"},{"taxonomy":"post_tag","embeddable":true,"href":"https:\/\/www.mszporoszlany.hu\/index.php?rest_route=%2Fwp%2Fv2%2Ftags&post=2700"}],"curies":[{"name":"wp","href":"https:\/\/api.w.org\/{rel}","templated":true}]}}