{"id":2707,"date":"2016-03-14T16:00:23","date_gmt":"2016-03-14T15:00:23","guid":{"rendered":"http:\/\/www.mszporoszlany.hu\/?p=2707"},"modified":"2016-03-15T11:35:30","modified_gmt":"2016-03-15T10:35:30","slug":"jellege","status":"publish","type":"post","link":"https:\/\/www.mszporoszlany.hu\/?p=2707","title":{"rendered":"Jellege"},"content":{"rendered":"<p><img loading=\"lazy\" decoding=\"async\" class=\"alignleft size-full wp-image-2708\" src=\"https:\/\/www.mszporoszlany.hu\/wp-content\/uploads\/2016\/03\/kozpenz.png\" alt=\"kozpenz\" width=\"200\" height=\"120\" \/>\u00cdgy M\u00e1rcius 15.-e el\u0151est\u00e9j\u00e9n az az \u00e9rz\u00e9sem, hogy nemcsak a k\u00f6zp\u00e9nzek, hanem sok m\u00e1s \u00e9rt\u00e9k\u00fcnk jelleg\u00e9t kellene visszacsin\u00e1lni. Ugye K\u00f3sa nev\u0171 egy\u00e9n sz\u00e9pen, alig \u00e9rthet\u0151en, de arc\u00e1tlanul, neki frank\u00f3 m\u00f3don elmagyar\u00e1zta, hogy ha alap\u00edtv\u00e1nyba teszik a k\u00f6zp\u00e9nzt, akkor az elvesz\u00edti a k\u00f6zp\u00e9nz jelleg\u00e9t. Megjegyzem az ellen\u0151rizhet\u0151s\u00e9g\u00e9t is, m\u00e9g jobban. Nem mintha az \u0151 regn\u00e1l\u00e1suk alatt m\u00e1s k\u00f6zp\u00e9nzek elk\u00f6lt\u00e9s\u00e9t olyan nagy el\u00e1nnal ellen\u0151rizt\u00e9k volna az arra h\u00edvatott szervek. A jellege egy bizonyos p\u00e9nzmennyis\u00e9gnek, hogy k\u00f6z, amit a k\u00f6z\u00f6ss\u00e9g ad \u00f6ssze, ami a \u201ekem\u00e9nyen dolgoz\u00f3\u201d kis \u00e9s nagy emberek hozz\u00e1j\u00e1rul\u00e1sa ilyen-olyan m\u00f3don a k\u00f6zkiad\u00e1sokhoz. \u00c9s van a k\u00f6z\u00f6s \u00e1llami vagyon \u201ek\u00f6z\u201d m\u0171k\u00f6dtet\u00e9s\u00e9b\u0151l ered\u0151 \u201ek\u00f6z\u201dbev\u00e9tel, ami szint\u00e9n azt a jelleget is hivatott lenne viselni, hogy a k\u00f6z \u00e1ltal ellen\u0151rizhet\u0151. Persze ha valaki rossz sz\u00e1nd\u00e9kkal vagy nem a k\u00f6z jav\u00e1ra akarja ford\u00edtani a k\u00f6zp\u00e9nzt, akkor egyszer\u0171en megsz\u00fcnteti a jelleg\u00e9t, \u00edgy marad a p\u00e9nz, amivel m\u00e1r azt teheti, amit csak akar \u00e9s mindenki mehet a dolg\u00e1ra.<\/p>\n<p><!--more--><\/p>\n<p>Ebb\u0151l k\u00f6vetkezik, hogy aki \u00edgy b\u00e1nik a k\u00f6zp\u00e9nzzel, az nem k\u00f6zfunkci\u00f3t l\u00e1t el, nem k\u00f6ztisztvisel\u0151, nem a k\u00f6z szolg\u00e1ja, a tev\u00e9kenys\u00e9ge nem k\u00f6z\u00e9rdek\u0171, teh\u00e1t a k\u00f6zp\u00e9nzb\u0151l nem kellene finansz\u00edrozni, s\u0151t meg kellene b\u00fcntetni, mert vissza\u00e9lt a k\u00f6zfunkci\u00f3j\u00e1val, meg kellene vele t\u00e9r\u00edttetni az okozott k\u00e1rt. Nem k\u00f6zszolga, hanem vissza\u00e9l a v\u00e1laszt\u00f3k bizalm\u00e1val, vizet pr\u00e9dik\u00e1l \u00e9s bort iszik, k\u00e9pmutat\u00f3, hazug, \u00e1ls\u00e1gos, el\u0151bb-ut\u00f3bb leleplez\u0151dik, de a dolgok mai rendje szerint viszonylag hossz\u00fa ideig &#8211; magasabb szinten t\u00f6bbnyire b\u00fcntetlen\u00fcl \u2013 tudja okozni a k\u00f6zk\u00e1rt.<\/p>\n<p>Ez az aktu\u00e1lis p\u00e9lda, de k\u00f6zben nagyon sok fontos k\u00f6z\u00fcgy\u00fcnk is elvesztette a jelleg\u00e9t. Ha csak a legfontosabbakat eml\u00edtj\u00fck, itt van mindj\u00e1rt a k\u00f6zoktat\u00e1s, amely sz\u00e9p lassan \u00e1tcs\u00faszott egy m\u00e1sik ideol\u00f3gia szolg\u00e1lat\u00e1ba. A k\u00f6z\u00f6s \u00fcnnepl\u00e9sek m\u00e1r r\u00e9g\u00f3ta ker\u00fclend\u0151k. Most is, holnap egyesek \u00fcnnepelnek, m\u00e1sok \u00fcnnepl\u00e9ssel egybek\u00f6t\u00f6tt tiltakoz\u00f3 demonstr\u00e1ci\u00f3kat szerveznek. Vannak, akik a v\u00e1laszt\u00e1si irod\u00e1n\u00e1l fejezik ki rosszall\u00e1sukat \u00fcnnepl\u00e9ssel a n\u00e9pszavaz\u00e1s jelleg\u00e9nek megsz\u00fcntet\u00e9se miatt.<\/p>\n<p>Elveszett a jellege az alkotm\u00e1nynak, az igazs\u00e1gszolg\u00e1ltat\u00e1snak, a szak\u00e9rtelemnek, az iskolai v\u00e9gzetts\u00e9gnek, a k\u00f6zm\u00e9di\u00e1nak, a b\u0171n\u00fcld\u00f6z\u00e9snek, a k\u00f6zbizalomnak, a honv\u00e9delemnek, a szolidarit\u00e1snak, az EU-tags\u00e1gnak, a k\u00f6zerk\u00f6lcsnek, a becs\u00fcletnek, a tisztess\u00e9gnek \u00e9s lassan mindennek. Ebben komoly szerepe van mindazon esem\u00e9nyeknek, amely felett szemet hunyt a k\u00f6z: az EU p\u00e9nzek elk\u00f6lt\u00e9se k\u00f6r\u00fcli anom\u00e1li\u00e1k, a k\u00f6zbeszerz\u00e9sek lej\u00e1rat\u00e1sa, a \u201et\u00f6rv\u00e9nyen k\u00edv\u00fclis\u00e9g\u201d, a nyilv\u00e1nval\u00f3 vissza\u00e9l\u00e9sek eltusol\u00e1sa, a balt\u00e1s gyilkos kiadat\u00e1sa, a f\u00f6ld, a trafik mutyi \u00e9s folytathatn\u00e1nk a sort.<\/p>\n<p>M\u00e1rcius 15.-e eml\u00e9k\u00e9t tiszta sz\u00edvvel, j\u00f3 \u00e9rz\u00e9sekkel, b\u00fcszkes\u00e9ggel \u00e9s egy\u00fctt az orsz\u00e1ggal szeretn\u00e9m \u00fcnnepelni, ezzel a jelleggel! Nem gondolom, hogy siker\u00fclni fog. Mert vannak, akik azon mesterkednek, jelleget jellegtelens\u00e9gre v\u00e1ltoztass\u00e1k. Ne hagyjuk!<\/p>\n","protected":false},"excerpt":{"rendered":"<p>\u00cdgy M\u00e1rcius 15.-e el\u0151est\u00e9j\u00e9n az az \u00e9rz\u00e9sem, hogy nemcsak a k\u00f6zp\u00e9nzek, hanem sok m\u00e1s \u00e9rt\u00e9k\u00fcnk jelleg\u00e9t kellene visszacsin\u00e1lni. Ugye K\u00f3sa nev\u0171 egy\u00e9n sz\u00e9pen, alig \u00e9rthet\u0151en, de arc\u00e1tlanul, neki frank\u00f3 m\u00f3don elmagyar\u00e1zta, hogy ha alap\u00edtv\u00e1nyba teszik a k\u00f6zp\u00e9nzt, akkor az elvesz\u00edti &hellip; <a href=\"https:\/\/www.mszporoszlany.hu\/?p=2707\">Egy kattint\u00e1s ide a folytat\u00e1shoz&#8230;. <span class=\"meta-nav\">&rarr;<\/span><\/a><\/p>\n","protected":false},"author":35,"featured_media":0,"comment_status":"closed","ping_status":"closed","sticky":false,"template":"","format":"standard","meta":{"footnotes":""},"categories":[848,196],"tags":[320,351,1772],"class_list":["post-2707","post","type-post","status-publish","format-standard","hentry","category-jegyzetek","category-magyarorszag","tag-kozpenz","tag-kozszolga","tag-kozteher"],"_links":{"self":[{"href":"https:\/\/www.mszporoszlany.hu\/index.php?rest_route=\/wp\/v2\/posts\/2707","targetHints":{"allow":["GET"]}}],"collection":[{"href":"https:\/\/www.mszporoszlany.hu\/index.php?rest_route=\/wp\/v2\/posts"}],"about":[{"href":"https:\/\/www.mszporoszlany.hu\/index.php?rest_route=\/wp\/v2\/types\/post"}],"author":[{"embeddable":true,"href":"https:\/\/www.mszporoszlany.hu\/index.php?rest_route=\/wp\/v2\/users\/35"}],"replies":[{"embeddable":true,"href":"https:\/\/www.mszporoszlany.hu\/index.php?rest_route=%2Fwp%2Fv2%2Fcomments&post=2707"}],"version-history":[{"count":0,"href":"https:\/\/www.mszporoszlany.hu\/index.php?rest_route=\/wp\/v2\/posts\/2707\/revisions"}],"wp:attachment":[{"href":"https:\/\/www.mszporoszlany.hu\/index.php?rest_route=%2Fwp%2Fv2%2Fmedia&parent=2707"}],"wp:term":[{"taxonomy":"category","embeddable":true,"href":"https:\/\/www.mszporoszlany.hu\/index.php?rest_route=%2Fwp%2Fv2%2Fcategories&post=2707"},{"taxonomy":"post_tag","embeddable":true,"href":"https:\/\/www.mszporoszlany.hu\/index.php?rest_route=%2Fwp%2Fv2%2Ftags&post=2707"}],"curies":[{"name":"wp","href":"https:\/\/api.w.org\/{rel}","templated":true}]}}