{"id":2711,"date":"2016-04-11T07:01:36","date_gmt":"2016-04-11T06:01:36","guid":{"rendered":"http:\/\/www.mszporoszlany.hu\/?p=2711"},"modified":"2016-04-11T07:01:36","modified_gmt":"2016-04-11T06:01:36","slug":"strokesztrok-os-orszag","status":"publish","type":"post","link":"https:\/\/www.mszporoszlany.hu\/?p=2711","title":{"rendered":"stroke\/sztr\u00f3k-os  orsz\u00e1g"},"content":{"rendered":"<p>Horg\u00e1sz t\u00e1rsamat \u2013 nevezz\u00fck Rudinak \u2013 r\u00f6viddel a nyugd\u00edjjogosults\u00e1ga el\u0151tt \u201ele\u00e9p\u00edtett\u00e9k\u201d a b\u00e1ny\u00e1t\u00f3l. Kapott v\u00e9gkiel\u00e9g\u00edt\u00e9st, ami el\u00e9g lett volna az \u00e1tmeneti id\u0151re, ha p\u00e1r h\u00f3nap alatt tal\u00e1l munk\u00e1t. De h\u00e1t hova kell egy kiv\u00e9nhedt lakatos-karbantart\u00f3? \u00c9desanyj\u00e1val \u00e9lt, mi\u00f3ta Apja meghalt, aki b\u00e1ny\u00e1sz volt. Nem sok\u00e1ig \u00e9lvezte nyugd\u00edjas \u00e9veit. Valamikor az Alf\u00f6ldr\u0151l j\u00f6tt eg\u00e9sz csal\u00e1dj\u00e1val a munka ut\u00e1n meg a lak\u00e1s is nagyon sz\u00e1m\u00edtott. A n\u00e9gy gyerek k\u00f6z\u00fcl kett\u0151 m\u00e1r nem \u00e9l, feln\u0151tten, csal\u00e1djukt\u00f3l mentek el. Rudi \u00e9lt sz\u00fcleivel, \u00fagy alakult t\u00f6bb csal\u00f3d\u00e1st k\u00f6vet\u0151en, hogy nem n\u0151s\u00fclt meg. \u0150 seg\u00edtette az eg\u00e9sz rokons\u00e1got, testv\u00e9reit gyermekeik ell\u00e1t\u00e1s\u00e1ban, sz\u00fcleit a lak\u00e1sfenntart\u00e1sban, mikor megbetegedtek, \u00e1polta, ell\u00e1tta \u0151ket. T\u00f6bb csal\u00e1di-h\u00e1z \u00e9p\u00edt\u00e9s\u00e9ben is ott volt, ha kellett.<\/p>\n<p><!--more--><\/p>\n<p>\u00c9desanyja hal\u00e1la ut\u00e1n n\u0151v\u00e9r\u00e9vel megromlott a viszonya, \u00f6sszek\u00fcl\u00f6nb\u00f6ztek a sz\u00fcl\u0151i lak\u00e1son, holott azt a sz\u00fcl\u0151k Rudinak sz\u00e1nt\u00e1k. A n\u0151v\u00e9r perelt, a az \u00fcgyv\u00e9d elvitte a v\u00e9gkiel\u00e9g\u00edt\u00e9s jelent\u0151s r\u00e9sz\u00e9t, de a lak\u00e1s maradt, b\u00e1r a n\u0151v\u00e9rnek is maradt benne n\u00e9mi tulajdonr\u00e9sze. A v\u00e9gkiel\u00e9g\u00edt\u00e9s marad\u00e9k\u00e1b\u00f3l \u2013 r\u00e1besz\u00e9l\u00e9semre \u2013 m\u00e9g el tudott v\u00e9gezni egy \u0151rz\u0151-v\u00e9d\u0151 tanfolyamot. <\/p>\n<p>Ezzel sem helyezkedhetett el norm\u00e1lisan. \u201eRendes \u00e1ll\u00e1sba\u201d nem vett\u00e9k fel, csak \u00fagy megh\u00edvt\u00e1k, hogy erre-arra vigy\u00e1zzon, zsebb\u0151l fizett\u00e9k. Hosszas keres\u00e9s, k\u00ednl\u00f3d\u00e1s ut\u00e1n v\u00e9g\u00fcl alkalmazta egy c\u00e9g. Megnyugodtunk, hogy nyugd\u00edjig m\u00e1r kih\u00fazza valahogy, hiszen m\u00e1r csak 2-3 \u00e9v. <\/p>\n<p>P\u00e1r h\u00f3napi munka ut\u00e1n j\u00f6tt a stroke. Egy m\u00e1sik t\u00e1rsunk nyitott r\u00e1 ajt\u00f3t, azonnal ment\u0151t h\u00edvott. Ma m\u00e1r viszonylag rendesen el lehet vele besz\u00e9lgetni, de nem tud sz\u00e1molni, olvasni, sok mindent elfelejtett, viccesen \u00fagy nevezz\u00fck, hogy kiment egy chipje. A t\u00f6bb, mint f\u00e9l\u00e9ves k\u00f3rh\u00e1zi \u00e1pol\u00e1sr\u00f3l csak annyit mond: Nem ezt \u00e9rdemeltem. <\/p>\n<p>A hozz\u00e1tartoz\u00f3k k\u00f6z\u00fcl senki nem v\u00e1llalta, ez\u00e9rt ideiglenes fel\u00fcgyeletet kapott. Most rendezik a rokkantnyugd\u00edj\u00e1t, am\u00edg a rendes nyugd\u00edja el nem int\u00e9z\u0151dik. K\u00f6ztartoz\u00e1sai lassan n\u00f6v\u00f6getnek. A munka\u00fcgyisekt\u0151l foly\u00f3s\u00edtanak neki havi t\u00e1mogat\u00e1st \u00e9s az \u00f6nkorm\u00e1nyzatt\u00f3l n\u00e9mi seg\u00e9ly lehet\u0151s\u00e9g van. Ezeket a kijel\u00f6lt gondnok int\u00e9zi. A gondnoks\u00e1g al\u00e1 helyez\u00e9si per most van folyamatban. Tegnap feleslegesen bevittem Rudit Tatab\u00e1ny\u00e1ra, a b\u00edr\u00f3s\u00e1gra. Nem \u00e9rtes\u00edtett\u00e9k, hogy a per\u00e9t \u00e1ttett\u00e9k m\u00e1jusra b\u00edr\u00f3csere miatt. K\u00f6zben kider\u00fclt, hogy a nyugd\u00edj\u00fcgy megakadt, mert az utols\u00f3 munk\u00e1ltat\u00f3 c\u00e9g elt\u0171nt, nincs igazol\u00e1s a n\u00e1luk elt\u00f6lt\u00f6tt munkaviszonyr\u00f3l.<\/p>\n<p>Szeg\u00e9ny haverom lassan m\u00e1r semmit sem \u00e9rt, annyi s\u00fctnival\u00f3ja m\u00e9g van, hogy nagyon el tud keseredni. Ilyenkor politiz\u00e1l is: a kir\u00fag\u00e1s\u00e1\u00e9rt a Gyurcs\u00e1nyt okolja, a k\u00f3rh\u00e1z\u00e9rt Fideszt, a meg\u00e9lhetetlens\u00e9g\u00e9rt a szocialist\u00e1kat. A horg\u00e1szat az egyetlen sz\u00f3rakoz\u00e1sa, mostan\u00e1ban azt is megbonyol\u00edtott\u00e1k neki. N\u00e9ha m\u00e1r \u00e9n sem \u00e9rtem, hogy mi folyik itt, pedig nem is volt stroke-om.<\/p>\n","protected":false},"excerpt":{"rendered":"<p>Horg\u00e1sz t\u00e1rsamat \u2013 nevezz\u00fck Rudinak \u2013 r\u00f6viddel a nyugd\u00edjjogosults\u00e1ga el\u0151tt \u201ele\u00e9p\u00edtett\u00e9k\u201d a b\u00e1ny\u00e1t\u00f3l. Kapott v\u00e9gkiel\u00e9g\u00edt\u00e9st, ami el\u00e9g lett volna az \u00e1tmeneti id\u0151re, ha p\u00e1r h\u00f3nap alatt tal\u00e1l munk\u00e1t. De h\u00e1t hova kell egy kiv\u00e9nhedt lakatos-karbantart\u00f3? \u00c9desanyj\u00e1val \u00e9lt, mi\u00f3ta Apja meghalt, aki b\u00e1ny\u00e1sz volt. Nem sok\u00e1ig \u00e9lvezte nyugd\u00edjas \u00e9veit. Valamikor az Alf\u00f6ldr\u0151l j\u00f6tt eg\u00e9sz csal\u00e1dj\u00e1val a munka ut\u00e1n meg a lak\u00e1s is nagyon sz\u00e1m\u00edtott. A n\u00e9gy gyerek k\u00f6z\u00fcl kett\u0151 m\u00e1r nem \u00e9l, feln\u0151tten, csal\u00e1djukt\u00f3l mentek el. Rudi \u00e9lt sz\u00fcleivel, \u00fagy alakult t\u00f6bb csal\u00f3d\u00e1st k\u00f6vet\u0151en, hogy nem n\u0151s\u00fclt meg. \u0150 seg\u00edtette az eg\u00e9sz rokons\u00e1got, testv\u00e9reit gyermekeik ell\u00e1t\u00e1s\u00e1ban, sz\u00fcleit a lak\u00e1sfenntart\u00e1sban, mikor megbetegedtek, \u00e1polta, ell\u00e1tta \u0151ket. T\u00f6bb csal\u00e1di-h\u00e1z \u00e9p\u00edt\u00e9s\u00e9ben is ott volt, ha kellett. <a href=\"https:\/\/www.mszporoszlany.hu\/?p=2711\">Egy kattint\u00e1s ide a folytat\u00e1shoz&#8230;. <span class=\"meta-nav\">&rarr;<\/span><\/a><\/p>\n","protected":false},"author":35,"featured_media":0,"comment_status":"open","ping_status":"closed","sticky":false,"template":"","format":"standard","meta":{"footnotes":""},"categories":[1,848],"tags":[],"class_list":["post-2711","post","type-post","status-publish","format-standard","hentry","category-egyeb","category-jegyzetek"],"_links":{"self":[{"href":"https:\/\/www.mszporoszlany.hu\/index.php?rest_route=\/wp\/v2\/posts\/2711","targetHints":{"allow":["GET"]}}],"collection":[{"href":"https:\/\/www.mszporoszlany.hu\/index.php?rest_route=\/wp\/v2\/posts"}],"about":[{"href":"https:\/\/www.mszporoszlany.hu\/index.php?rest_route=\/wp\/v2\/types\/post"}],"author":[{"embeddable":true,"href":"https:\/\/www.mszporoszlany.hu\/index.php?rest_route=\/wp\/v2\/users\/35"}],"replies":[{"embeddable":true,"href":"https:\/\/www.mszporoszlany.hu\/index.php?rest_route=%2Fwp%2Fv2%2Fcomments&post=2711"}],"version-history":[{"count":0,"href":"https:\/\/www.mszporoszlany.hu\/index.php?rest_route=\/wp\/v2\/posts\/2711\/revisions"}],"wp:attachment":[{"href":"https:\/\/www.mszporoszlany.hu\/index.php?rest_route=%2Fwp%2Fv2%2Fmedia&parent=2711"}],"wp:term":[{"taxonomy":"category","embeddable":true,"href":"https:\/\/www.mszporoszlany.hu\/index.php?rest_route=%2Fwp%2Fv2%2Fcategories&post=2711"},{"taxonomy":"post_tag","embeddable":true,"href":"https:\/\/www.mszporoszlany.hu\/index.php?rest_route=%2Fwp%2Fv2%2Ftags&post=2711"}],"curies":[{"name":"wp","href":"https:\/\/api.w.org\/{rel}","templated":true}]}}