{"id":2742,"date":"2016-07-19T18:22:54","date_gmt":"2016-07-19T17:22:54","guid":{"rendered":"http:\/\/www.mszporoszlany.hu\/?p=2742"},"modified":"2016-07-19T18:22:54","modified_gmt":"2016-07-19T17:22:54","slug":"ongol","status":"publish","type":"post","link":"https:\/\/www.mszporoszlany.hu\/?p=2742","title":{"rendered":"\u00d6ng\u00f3l"},"content":{"rendered":"<p><img loading=\"lazy\" decoding=\"async\" class=\"alignleft size-full wp-image-2743\" src=\"https:\/\/www.mszporoszlany.hu\/wp-content\/uploads\/2016\/07\/ongol.jpg\" alt=\"ongol\" width=\"200\" height=\"120\" \/>Ez a labdar\u00fag\u00f3 EB eml\u00e9kezetes lesz t\u00f6bb okb\u00f3l is. Haz\u00e1nk v\u00e1logatott csapata, melyben t\u00f6bb a kiv\u00e1ndorl\u00f3, mint a bev\u00e1ndorl\u00f3, ism\u00e9t nagy fegyvert\u00e9nyt alkotott, lehet mondani, hogy felk\u00fczd\u00f6tt\u00fck magunkat Eur\u00f3pa labdar\u00fag\u00e1s\u00e1nak \u00e9lvonal\u00e1ba. Visszat\u00e9rt a szurkol\u00f3 kedv, n\u00e9p\u00fcnk visszakapta az \u0151rj\u00f6ng\u00e9shez val\u00f3 jog\u00e1t. Lehet nyilv\u00e1nosan, hangosan, minden fesz\u00fclts\u00e9g\u00fcnket, m\u00e9rg\u00fcnket vagy lelkesed\u00e9s\u00fcnket \u00f6r\u00f6mk\u00f6d\u0151 st\u00edlusban kiadva magunkb\u00f3l viselkedni k\u00f6ztereken, lel\u00e1t\u00f3kon, b\u00e1rhol, ahol elegen \u00f6sszever\u0151d\u00fcnk ahhoz, hogy el\u00e9g b\u00e1trak legy\u00fcnk. Nem tudom \u00d6n\u00f6k hogy vannak vele, de \u00e9n sohasem \u00f6r\u00fcltem, ha ilyen artikul\u00e1tlanul j\u00f6tt el\u0151 a k\u00f6zelemben a sport\u00e9lm\u00e9ny f\u0151leg nemzeti k\u00f6nt\u00f6sben. Az meg kiv\u00e1ltk\u00e9pp ellenemre sz\u00f3l, ha ezt a tev\u00e9kenys\u00e9get rasszista, soviniszta elemek k\u00eds\u00e9rik vagy a politikusok valamilyen haszonszerz\u00e9sre ford\u00edtj\u00e1k. Lehet a \u201enagy\u201d esem\u00e9ny n\u00e9pszer\u0171s\u00e9g\u00e9t felhaszn\u00e1lva a helyi rajong\u00f3kat, itthon maradottakat m\u00e9g jobban kiel\u00e9g\u00edteni kicsit idelopva azt az \u00e9lm\u00e9nyt, mintha a stadion VIP p\u00e1holy\u00e1b\u00f3l k\u00f6pk\u00f6dn\u00e9nk a szotyol\u00e1t \u00e9s f\u00fajoln\u00e1nk a b\u00edr\u00f3t.<\/p>\n<p><!--more--><\/p>\n<p>Egyik szemem s\u00edr, a m\u00e1sik nevet! Siker\u00fclt is meg nem is. Csin\u00e1ltunk valamit, ami egyeseknek j\u00f3 volt, m\u00e1soknak rossz. Semmivel sem tudtunk k\u00fcl\u00f6nbet alkotni, mint az a magyarorsz\u00e1gi k\u00f6z\u00e1llapotokra jellemz\u0151. Egyfel\u0151l eszetlen stadion\u00e9p\u00edt\u00e9si hull\u00e1m, a labdar\u00fag\u00e1s n\u00e9pszer\u0171s\u00edt\u00e9se, irdatlan t\u00e1mogat\u00e1sok, m\u00e1sfel\u0151l, roml\u00f3 oktat\u00e1s, eg\u00e9szs\u00e9g\u00fcgy, b\u0171n\u00fcld\u00f6z\u00e9s, t\u00f6rv\u00e9nykez\u00e9s \u00e9s t\u00f6rv\u00e9nytisztelet.<\/p>\n<p>Oroszl\u00e1nyban is fel lett \u00e1ll\u00edtva sebt\u00e9ben a F\u0151t\u00e9ren egy m\u0171int\u00e9zm\u00e9ny, ahol az EB-t szinte r\u00e9sztvev\u0151k\u00e9nt k\u00eds\u00e9rhette v\u00e9gig, aki csak ezzel egy\u00fctt tudja elk\u00e9pzelni az \u00e9let\u00e9t. Azzal semmi baj, hogy vannak ilyen lak\u00f3t\u00e1rsaink. Avval sem, hogy az oroszl\u00e1nyi sport elm\u00falt 90 \u00e9v\u00e9re eml\u00e9kezve helye van ilyen \u00e9s hasonl\u00f3 rendezv\u00e9nyeknek, amelyek a sport n\u00e9pszer\u0171s\u00edt\u00e9s\u00e9t, az el\u00e9rt eredm\u00e9nyek megbecs\u00fcl\u00e9s\u00e9t, \u00fcnnepl\u00e9s\u00e9t, a sportban r\u00e9sztvev\u0151k elismer\u00e9s\u00e9t szolg\u00e1lj\u00e1k.<\/p>\n<p>A s\u00e1toros k\u00f6z\u00f6s \u00e9lm\u00e9ny szervez\u00e9se azonban kiss\u00e9 elbalt\u00e1z\u00f3dott. Az illet\u00e9kes bizotts\u00e1g helyett szem\u00e9lyes d\u00f6nt\u00e9sek sz\u00fclettek, a szervez\u0151k n\u00e9h\u00e1ny fontos szakmai k\u00e9rd\u00e9s figyelmen k\u00edv\u00fcl hagytak, nem ker\u00fclt a d\u00f6nt\u00e9shoz\u00f3k el\u00e9 a k\u00f6lts\u00e9gvet\u00e9s, \u00edgy h\u00e1t ut\u00f3lag lehet tal\u00e1lgatni, hogy kinek, mennyire \u00e9rte meg a k\u00f6zrem\u0171k\u00f6d\u00e9s. Nem volt f\u0151szervez\u0151, csak az \u00e9rhet\u0151 tetten, aki a szerz\u0151d\u00e9seket al\u00e1\u00edrta \u00e9s aki a r\u00e9szfeladatokban int\u00e9zkedett. Panasz \u00e9rkezett a hangoskod\u00e1sra, a nem kell\u0151 higi\u00e9niai felt\u00e9telekre, a vend\u00e9gl\u00e1t\u00f3 kiv\u00e1laszt\u00e1s\u00e1ra \u00e9s szolg\u00e1ltat\u00e1si k\u00f6lts\u00e9gek meghat\u00e1roz\u00e1s\u00e1ra, a k\u00fcl\u00f6nb\u00f6z\u0151 szervezeti egys\u00e9gek k\u00f6z\u00f6tti koordin\u00e1ci\u00f3ra, az illet\u00e9kes bizotts\u00e1g m\u0171k\u00f6d\u00e9s\u00e9re.<\/p>\n<p>Mi a tanuls\u00e1g? &#8222;Ne fogjon senki k\u00f6nnyelm\u0171en. A h\u00farok penget\u00e9sihez!&#8221; &#8211; A labdar\u00fag\u00e1sban m\u00e1r tudjuk: az \u00f6ng\u00f3l legnagyobb b\u00fcntet\u00e9se az a sz\u00e9gyen, ami az elk\u00f6vet\u0151t hossz\u00fa ideig elk\u00eds\u00e9ri. Jelen esetben legal\u00e1bb a k\u00f6vetkez\u0151 v\u00e1laszt\u00e1sokig.<\/p>\n","protected":false},"excerpt":{"rendered":"<p>Ez a labdar\u00fag\u00f3 EB eml\u00e9kezetes lesz t\u00f6bb okb\u00f3l is. Haz\u00e1nk v\u00e1logatott csapata, melyben t\u00f6bb a kiv\u00e1ndorl\u00f3, mint a bev\u00e1ndorl\u00f3, ism\u00e9t nagy fegyvert\u00e9nyt alkotott, lehet mondani, hogy felk\u00fczd\u00f6tt\u00fck magunkat Eur\u00f3pa labdar\u00fag\u00e1s\u00e1nak \u00e9lvonal\u00e1ba. Visszat\u00e9rt a szurkol\u00f3 kedv, n\u00e9p\u00fcnk visszakapta az \u0151rj\u00f6ng\u00e9shez val\u00f3 jog\u00e1t. Lehet nyilv\u00e1nosan, hangosan, minden fesz\u00fclts\u00e9g\u00fcnket, m\u00e9rg\u00fcnket vagy lelkesed\u00e9s\u00fcnket \u00f6r\u00f6mk\u00f6d\u0151 st\u00edlusban kiadva magunkb\u00f3l viselkedni k\u00f6ztereken, lel\u00e1t\u00f3kon, b\u00e1rhol, ahol elegen \u00f6sszever\u0151d\u00fcnk ahhoz, hogy el\u00e9g b\u00e1trak legy\u00fcnk. Nem tudom \u00d6n\u00f6k hogy vannak vele, de \u00e9n sohasem \u00f6r\u00fcltem, ha ilyen artikul\u00e1tlanul j\u00f6tt el\u0151 a k\u00f6zelemben a sport\u00e9lm\u00e9ny f\u0151leg nemzeti k\u00f6nt\u00f6sben. Az meg kiv\u00e1ltk\u00e9pp ellenemre sz\u00f3l, ha ezt a tev\u00e9kenys\u00e9get rasszista, soviniszta elemek k\u00eds\u00e9rik vagy a politikusok valamilyen haszonszerz\u00e9sre ford\u00edtj\u00e1k. Lehet a \u201enagy\u201d esem\u00e9ny n\u00e9pszer\u0171s\u00e9g\u00e9t felhaszn\u00e1lva a helyi rajong\u00f3kat, itthon maradottakat m\u00e9g jobban kiel\u00e9g\u00edteni kicsit idelopva azt az \u00e9lm\u00e9nyt, mintha a stadion VIP p\u00e1holy\u00e1b\u00f3l k\u00f6pk\u00f6dn\u00e9nk a szotyol\u00e1t \u00e9s f\u00fajoln\u00e1nk a b\u00edr\u00f3t. <a href=\"https:\/\/www.mszporoszlany.hu\/?p=2742\">Egy kattint\u00e1s ide a folytat\u00e1shoz&#8230;. <span class=\"meta-nav\">&rarr;<\/span><\/a><\/p>\n","protected":false},"author":35,"featured_media":0,"comment_status":"closed","ping_status":"closed","sticky":false,"template":"","format":"standard","meta":{"footnotes":""},"categories":[194],"tags":[1773,1774,1775],"class_list":["post-2742","post","type-post","status-publish","format-standard","hentry","category-oroszlany","tag-eb","tag-labdarugas","tag-sport"],"_links":{"self":[{"href":"https:\/\/www.mszporoszlany.hu\/index.php?rest_route=\/wp\/v2\/posts\/2742","targetHints":{"allow":["GET"]}}],"collection":[{"href":"https:\/\/www.mszporoszlany.hu\/index.php?rest_route=\/wp\/v2\/posts"}],"about":[{"href":"https:\/\/www.mszporoszlany.hu\/index.php?rest_route=\/wp\/v2\/types\/post"}],"author":[{"embeddable":true,"href":"https:\/\/www.mszporoszlany.hu\/index.php?rest_route=\/wp\/v2\/users\/35"}],"replies":[{"embeddable":true,"href":"https:\/\/www.mszporoszlany.hu\/index.php?rest_route=%2Fwp%2Fv2%2Fcomments&post=2742"}],"version-history":[{"count":0,"href":"https:\/\/www.mszporoszlany.hu\/index.php?rest_route=\/wp\/v2\/posts\/2742\/revisions"}],"wp:attachment":[{"href":"https:\/\/www.mszporoszlany.hu\/index.php?rest_route=%2Fwp%2Fv2%2Fmedia&parent=2742"}],"wp:term":[{"taxonomy":"category","embeddable":true,"href":"https:\/\/www.mszporoszlany.hu\/index.php?rest_route=%2Fwp%2Fv2%2Fcategories&post=2742"},{"taxonomy":"post_tag","embeddable":true,"href":"https:\/\/www.mszporoszlany.hu\/index.php?rest_route=%2Fwp%2Fv2%2Ftags&post=2742"}],"curies":[{"name":"wp","href":"https:\/\/api.w.org\/{rel}","templated":true}]}}