{"id":2763,"date":"2016-08-24T15:24:41","date_gmt":"2016-08-24T14:24:41","guid":{"rendered":"http:\/\/www.mszporoszlany.hu\/?p=2763"},"modified":"2016-08-24T15:24:41","modified_gmt":"2016-08-24T14:24:41","slug":"csak-kerdesek","status":"publish","type":"post","link":"https:\/\/www.mszporoszlany.hu\/?p=2763","title":{"rendered":"Csak k\u00e9rd\u00e9sek"},"content":{"rendered":"<p><img loading=\"lazy\" decoding=\"async\" src=\"https:\/\/www.mszporoszlany.hu\/wp-content\/uploads\/2016\/08\/csakkerdes.png\" alt=\"csakkerdes\" width=\"200\" height=\"120\" class=\"alignleft size-full wp-image-2764\" \/>Ki tudja, hogy mire vonatkozik a n\u00e9pszavaz\u00e1s k\u00e9rd\u00e9se? Az EU b\u00e1rmilyen szerve hozott m\u00e1r valamilyen d\u00f6nt\u00e9st ez \u00fcgyben? Lehetne err\u0151l l\u00e1tni valamilyen dokumentumot? T\u00e9nyleg komolynak l\u00e1tszik az a sz\u00e1nd\u00e9k, hogy r\u00e1k\u00e9nyszer\u00edten\u00e9k a tag\u00e1llamokra a menek\u00fcltek letelep\u00edt\u00e9s\u00e9t meghat\u00e1rozott sz\u00e1mban? M\u00e1s felvet\u00e9seknek is ekkora jelent\u0151s\u00e9get tulajdon\u00edtanak? Az EU-s tags\u00e1g el\u0151nyeir\u0151l, a t\u00e1mogat\u00e1sokr\u00f3l mi\u00e9rt nincs akkora propaganda hadj\u00e1rat, mint a migr\u00e1nsokr\u00f3l?<\/p>\n<p><!--more--><\/p>\n<p>A t\u00e1rgyal\u00e1sokon mi a t\u00far\u00f3 t\u00f6rt\u00e9nt? Nem szembes\u00edtett\u00e9k az alapszerz\u0151d\u00e9ssel a k\u00f6z\u00f6ss\u00e9g r\u00e9sztvev\u0151it? Norm\u00e1lis az, ha \u00e1lland\u00f3 verb\u00e1lis harc van? Mi\u00e9rt nincs megegyez\u00e9s, konszenzus, egyet\u00e9rt\u00e9s, meg\u00e1llapod\u00e1s? Nem az lenne term\u00e9szetes, hogy mindenki igyekszik betartani \u00e9s nem kij\u00e1tszani az egy\u00fctt kital\u00e1lt, mindenki \u00e1ltal elfogadott j\u00e1t\u00e9kszab\u00e1lyokat? Hol van az igazs\u00e1g? Nem tudj\u00e1k a benn\u00fcnket k\u00e9pvisel\u0151k felismerni a k\u00f6z\u00f6s \u00e9rdekeket vagy mindenki a mag\u00e1\u00e9t nyomja el\u0151re? Minek ez a k\u00f6d\u00f6s\u00edt\u00e9s a \u201emigr\u00e1ns v\u00e1ls\u00e1g\u201d \u00fcgyben? Minek ez az \u00f6sszevissza besz\u00e9d?<\/p>\n<p>Mi\u00e9rt van az, hogy ugyanolyan szitoksz\u00f3 lett a migr\u00e1ns, mint a ballibsi vagy a kommunista? Tudj\u00e1k az emberek, hogy olyanokb\u00f3l csin\u00e1ltak ellens\u00e9gk\u00e9pet, akik a haz\u00e1jukb\u00f3l elmenek\u00fcltek \u00e9s m\u00e1shol \u00e9lni szeretn\u00e9nek? Tudj\u00e1k, hogy kikt\u0151l tagadj\u00e1k meg a seg\u00edts\u00e9get? Tudj\u00e1k, hogy ki fizeti a sz\u00e1ml\u00e1t? Tudj\u00e1k, hogy igaz\u00e1b\u00f3l milyen hat\u00e1sa van a m\u00e1s orsz\u00e1gokb\u00f3l \u00e9rkez\u0151k leteleped\u00e9s\u00e9nek?<\/p>\n<p>Sz\u00e9p dolog az, hogy \u00f6sszekeverik a migr\u00e1nsokat a terrorist\u00e1kkal? Gondolja valaki, hogy ha a migr\u00e1ci\u00f3 nem l\u00e9tezne, akkor nem tudn\u00e1nak \u00e1rtani nek\u00fcnk a terrorist\u00e1k sem? Kell\u0151 indoka lehet az elutas\u00edt\u00e1snak a kultur\u00e1lis k\u00fcl\u00f6nbs\u00e9g? Vajon a mi honfit\u00e1rsaink milyen kult\u00far\u00e1val \u00e9rkeznek \u00e9s h\u00e1nyan a nyugati orsz\u00e1gokba? Az orsz\u00e1gon bel\u00fcl azonos nemzetis\u00e9g\u0171ek k\u00f6z\u00f6tt nincsenek elt\u00e9r\u00e9sek?<\/p>\n<p>Mikor n\u0151 m\u00e1r be a fej\u00fcnk l\u00e1gya? Meddig lehet m\u00e9g az embereket f\u00e9lrevezetni, megt\u00e9veszteni b\u00fcntetlen\u00fcl? Ezekkel az \u00fcgyesked\u00e9sekkel el lehet fedni a bels\u0151 gondokat? Ordasokk\u00e1 kell v\u00e1lnunk honfit\u00e1rsainkkal szemben? Ki kell irtanunk magunkb\u00f3l az emberiess\u00e9g utols\u00f3 morzs\u00e1it is? El kellene felejten\u00fcnk az emberi jogokat, a norm\u00e1lis t\u00e1rsadalmi \u00e9rt\u00e9krendeket? Ez a norm\u00e1lis, hogy benn\u00fcnket m\u00e1r semmi sem h\u00e1bor\u00edt fel? Norm\u00e1lis ez, hogy \u00fczenni akarunk magunknak, annak a k\u00f6z\u00f6ss\u00e9gnek, amelynek mi is tagjai vagyunk \u00e9s n\u00e9lk\u00fcl\u00fcnk nem t\u00f6rt\u00e9nik semmi? Tiszt\u00e1ban vagyunk azzal, hogy a mi k\u00e9pvisel\u0151ink is ott vannak az EU d\u00f6nt\u00e9shoz\u00f3 szerveiben?<\/p>\n<p>Helyeselj\u00fck, hogy a n\u00e9p akarata ellen\u00e9re legyen n\u00e9pszavaz\u00e1s? Akarja-e \u00d6n, hogy a megk\u00e9rdez\u00e9se n\u00e9lk\u00fcl k\u00f6lts\u00e9k el a k\u00f6zp\u00e9nzt, hogy ne ind\u00edtsanak nyomoz\u00e1st nyilv\u00e1nval\u00f3 b\u0171ncselekm\u00e9nyekben, hogy eltitkolj\u00e1k az EU-s t\u00e1mogat\u00e1sok leny\u00fal\u00e1s\u00e1t? Akar-e \u00d6n teljesen felesleges n\u00e9pszavaz\u00e1son r\u00e9szt venni?<\/p>\n<p>Nem vil\u00e1gos, hogy ennek a n\u00e9pszavaz\u00e1snak mi a c\u00e9lja? Nem t\u0171nik fel senkinek, hogy h\u00fcly\u00e9t csin\u00e1lnak bel\u0151l\u00fcnk? Mi\u00e9rt az a rossz, aki erre felh\u00edvja a figyelmet, aki helytelen\u00edti ezt a nemtelen j\u00e1t\u00e9kot, amely zajlik k\u00f6r\u00fcl\u00f6tt\u00fcnk?<\/p>\n<p>Az okt\u00f3beri akci\u00f3n nem veszik el a n\u00e9pszavaz\u00e1s jellege, mint a k\u00f6zp\u00e9nznek?<\/p>\n","protected":false},"excerpt":{"rendered":"<p>Ki tudja, hogy mire vonatkozik a n\u00e9pszavaz\u00e1s k\u00e9rd\u00e9se? Az EU b\u00e1rmilyen szerve hozott m\u00e1r valamilyen d\u00f6nt\u00e9st ez \u00fcgyben? Lehetne err\u0151l l\u00e1tni valamilyen dokumentumot? T\u00e9nyleg komolynak l\u00e1tszik az a sz\u00e1nd\u00e9k, hogy r\u00e1k\u00e9nyszer\u00edten\u00e9k a tag\u00e1llamokra a menek\u00fcltek letelep\u00edt\u00e9s\u00e9t meghat\u00e1rozott sz\u00e1mban? M\u00e1s felvet\u00e9seknek &hellip; <a href=\"https:\/\/www.mszporoszlany.hu\/?p=2763\">Egy kattint\u00e1s ide a folytat\u00e1shoz&#8230;. <span class=\"meta-nav\">&rarr;<\/span><\/a><\/p>\n","protected":false},"author":35,"featured_media":0,"comment_status":"closed","ping_status":"closed","sticky":false,"template":"","format":"standard","meta":{"footnotes":""},"categories":[696,196,197],"tags":[],"class_list":["post-2763","post","type-post","status-publish","format-standard","hentry","category-eu-parlament","category-magyarorszag","category-nemzetkozi"],"_links":{"self":[{"href":"https:\/\/www.mszporoszlany.hu\/index.php?rest_route=\/wp\/v2\/posts\/2763","targetHints":{"allow":["GET"]}}],"collection":[{"href":"https:\/\/www.mszporoszlany.hu\/index.php?rest_route=\/wp\/v2\/posts"}],"about":[{"href":"https:\/\/www.mszporoszlany.hu\/index.php?rest_route=\/wp\/v2\/types\/post"}],"author":[{"embeddable":true,"href":"https:\/\/www.mszporoszlany.hu\/index.php?rest_route=\/wp\/v2\/users\/35"}],"replies":[{"embeddable":true,"href":"https:\/\/www.mszporoszlany.hu\/index.php?rest_route=%2Fwp%2Fv2%2Fcomments&post=2763"}],"version-history":[{"count":0,"href":"https:\/\/www.mszporoszlany.hu\/index.php?rest_route=\/wp\/v2\/posts\/2763\/revisions"}],"wp:attachment":[{"href":"https:\/\/www.mszporoszlany.hu\/index.php?rest_route=%2Fwp%2Fv2%2Fmedia&parent=2763"}],"wp:term":[{"taxonomy":"category","embeddable":true,"href":"https:\/\/www.mszporoszlany.hu\/index.php?rest_route=%2Fwp%2Fv2%2Fcategories&post=2763"},{"taxonomy":"post_tag","embeddable":true,"href":"https:\/\/www.mszporoszlany.hu\/index.php?rest_route=%2Fwp%2Fv2%2Ftags&post=2763"}],"curies":[{"name":"wp","href":"https:\/\/api.w.org\/{rel}","templated":true}]}}