{"id":2771,"date":"2016-12-05T09:09:14","date_gmt":"2016-12-05T08:09:14","guid":{"rendered":"http:\/\/www.mszporoszlany.hu\/?p=2771"},"modified":"2016-12-05T09:10:33","modified_gmt":"2016-12-05T08:10:33","slug":"gondoskodas","status":"publish","type":"post","link":"https:\/\/www.mszporoszlany.hu\/?p=2771","title":{"rendered":"Gondoskod\u00e1s"},"content":{"rendered":"<p><img loading=\"lazy\" decoding=\"async\" src=\"https:\/\/www.mszporoszlany.hu\/wp-content\/uploads\/2016\/12\/gondoskodas.png\" alt=\"gondoskodas\" width=\"200\" height=\"120\" class=\"alignleft size-full wp-image-2770\" srcset=\"https:\/\/www.mszporoszlany.hu\/wp-content\/uploads\/2016\/12\/gondoskodas.png 400w, https:\/\/www.mszporoszlany.hu\/wp-content\/uploads\/2016\/12\/gondoskodas-320x192.png 320w\" sizes=\"auto, (max-width: 200px) 100vw, 200px\" \/>Minden valamire val\u00f3 t\u00e1rsadalom gondoskodik azon tagjair\u00f3l, akik b\u00e1rmilyen okb\u00f3l gondoskod\u00e1sra szorulnak. Minden norm\u00e1lis ember \u00fagy gondolja, hogy seg\u00edteni, t\u00e1mogatni, ell\u00e1tni kell azokat, akik nem k\u00e9pesek \u00f6nmagukr\u00f3l gondoskodni vagy ilyen ir\u00e1ny\u00fa k\u00f6telezetts\u00e9geiknek nem tudnak eleget tenni, akiknek kevesebb vagy egy\u00e1ltal\u00e1n nem jut az \u00fcnnepi \u00f6r\u00f6m\u00f6kb\u0151l, sok esetben m\u00e9g a napi betev\u0151 is gondot okoz. Vel\u00fck kapcsolatban alakul ki a t\u00e1rsadalom egy r\u00e9sz\u00e9ben a j\u00f3t\u00e9konys\u00e1g, amely igyekszik a javak meghat\u00e1rozott k\u00f6r\u00e9b\u0151l \u0151ket is n\u00e9mileg r\u00e9szes\u00edteni. F\u0151leg az ilyen sors\u00fa gyermekekkel \u00e9s id\u0151sekkel szeret\u00fcnk j\u00f3t\u00e9konykodni.<\/p>\n<p><!--more--><\/p>\n<p>Legink\u00e1bb \u00edgy \u00fcnnepek el\u0151tt t\u00e1mad fel egy\u00fctt\u00e9rz\u00e9s\u00fcnk, mondhatn\u00e1m lelkiismeret\u00fcnk \u00e9s elkezd\u00fcnk akci\u00f3zni. Ki aj\u00e1nd\u00e9kokat gy\u0171jt, ki osztogat, van aki egy j\u00f3 kaj\u00e1t f\u0151z a mindenki kar\u00e1csonyf\u00e1ja mell\u00e9 \u00e9s \u00f6r\u00f6mmel k\u00f6nyveli el, hogy milyen j\u00f3lelk\u0171, mennyire sz\u00edv\u00e9n viseli a \u201eszeg\u00e9nyek\u201d \u00fcgy\u00e9t, hogy v\u00e9ghezvitt valamilyen j\u00f3 cselekedetet. Sokan vagyunk, akik \u2013 valljuk be \u2013 mentj\u00fck a menthet\u0151t, pr\u00f3b\u00e1lunk valamit tenni, tesz\u00fcnk egy-egy gesztust, alkalmasint seg\u00edt\u00fcnk, adunk valamit abb\u00f3l, ami nek\u00fcnk van, pr\u00f3b\u00e1lunk kis \u00f6r\u00f6met szerezni. F\u00e9lre\u00e9rt\u00e9s ne ess\u00e9k! \u2013 \u00f6r\u00f6mteli dolog ez \u00e9s h\u00e1la azoknak, akikb\u0151l nem veszett ki a \u201efelebar\u00e1ti szeretet\u201d m\u00e1sok ir\u00e1nt.<\/p>\n<p>De nem j\u00f3l volt \u00e9s van ez mostans\u00e1g sem. Az lenne j\u00f3, ha erre nem volna sz\u00fcks\u00e9g. Az lenne j\u00f3, ha nem lenne ez a szeg\u00e9nys\u00e9g, Az lenne j\u00f3, ha a t\u00e1rsadalom int\u00e9zm\u00e9nyesen gondoskodna azokr\u00f3l, akik erre r\u00e1szorulnak. \u00c9s nem lenne ugye ennyi r\u00e1szorult, ha \u2013 els\u0151sorban \u2013 mindenki megkapn\u00e1 a lehet\u0151s\u00e9get arra, hogy olyan tud\u00e1st szerezzen, amellyel biztons\u00e1ggal \u00e9s \u00f6n\u00e1ll\u00f3an \u00e9lhet \u00e9s nincs r\u00e1szorulva m\u00e1sokra, ha az \u00e1llam legal\u00e1bb azt odaadn\u00e1 az \u00e1llampolg\u00e1rainak, ami alapell\u00e1t\u00e1s, ami j\u00e1r.<\/p>\n<p>K\u00fcl\u00f6n\u00f6sen aktu\u00e1lis napjainkban az \u00e9hez\u0151 gyermekek \u00e9s a nyugd\u00edjasok \u00fcgye. Elindult a v\u00e9get nem \u00e9r\u0151 \u00e9s \u00f6sszekusz\u00e1lt vita. Mennyi az annyi? Kinek mi j\u00e1r? Ki, mit \u00e9rdemel? Hogyan lenne ez igazs\u00e1gos? Mihez viszony\u00edtsunk? \u00e9s sorolhatn\u00e1nk v\u00e9g n\u00e9lk\u00fcl. Sok s\u00fcletlen duma. A k\u00e9rd\u00e9s az, hogy a d\u00f6nt\u00e9shoz\u00f3k j\u00f3l l\u00e1tj\u00e1k-e? Milyen gondoskod\u00e1s az, amit a becs\u00fclet, a tisztess\u00e9g dikt\u00e1l?<\/p>\n<p>Nemr\u00e9g l\u00e1ttam egy kisfilmet, amelyben egy \u00fajs\u00e1g\u00edr\u00f3 ell\u00e1togat egy \u0151serd\u0151ben, primit\u00edv k\u00f6r\u00fclm\u00e9nyek k\u00f6z\u00f6tt \u00e9l\u0151 bennsz\u00fcl\u00f6tt t\u00f6rzsh\u00f6z, ahol az egyik csal\u00e1d megh\u00edvja \u0151t vacsor\u00e1ra. T\u00e1kolt kunyh\u00f3, \u00e1llva nem is lehet benne k\u00f6zlekedni. P\u00e1lmalev\u00e9lben s\u00fclt hallal \u00e9s egy\u00e9b finoms\u00e1gokkal k\u00edn\u00e1lj\u00e1k a vend\u00e9get, aki persze dics\u00e9ri az \u00e9telt. K\u00f6z\u00e9pen t\u0171z \u00e9g, azt \u00fclik k\u00f6rbe. A csal\u00e1df\u0151 \u00e9s p\u00e1rja a h\u00e1tt\u00e9rben helyet foglal\u00f3, a f\u00e9lhom\u00e1lyban kev\u00e9sb\u00e9 l\u00e1tsz\u00f3 alakok fel\u00e9 ny\u00fajtogat egy-egy p\u00e1lmalev\u00e9l darabra pakolt ennival\u00f3t. Besz\u00e9lget\u00e9s k\u00f6zben az \u00fajs\u00e1g\u00edr\u00f3 megk\u00e9ri a vend\u00e9gl\u00e1t\u00f3t, hogy mutassa be a h\u00e1tt\u00e9rben \u00fcl\u0151ket is. A \u201ef\u0151n\u00f6k\u201d \u00edgy reag\u00e1l: \u2013 \u0150k a gyerekek \u00e9s az \u00f6regek, akikr\u0151l gondoskodnunk kell, hogy legyen mit enni\u00fck \u00e9s hogy fed\u00e9l legyen a fej\u00fck felett.<\/p>\n<p>\u0150, az egyszer\u0171, primit\u00edv ember \u00edgy l\u00e1tja. \u00c9rtitek? \u0150 \u00edgy l\u00e1tja.<\/p>\n","protected":false},"excerpt":{"rendered":"<p>Minden valamire val\u00f3 t\u00e1rsadalom gondoskodik azon tagjair\u00f3l, akik b\u00e1rmilyen okb\u00f3l gondoskod\u00e1sra szorulnak. Minden norm\u00e1lis ember \u00fagy gondolja, hogy seg\u00edteni, t\u00e1mogatni, ell\u00e1tni kell azokat, akik nem k\u00e9pesek \u00f6nmagukr\u00f3l gondoskodni vagy ilyen ir\u00e1ny\u00fa k\u00f6telezetts\u00e9geiknek nem tudnak eleget tenni, akiknek kevesebb vagy egy\u00e1ltal\u00e1n &hellip; <a href=\"https:\/\/www.mszporoszlany.hu\/?p=2771\">Egy kattint\u00e1s ide a folytat\u00e1shoz&#8230;. <span class=\"meta-nav\">&rarr;<\/span><\/a><\/p>\n","protected":false},"author":35,"featured_media":0,"comment_status":"closed","ping_status":"closed","sticky":false,"template":"","format":"standard","meta":{"footnotes":""},"categories":[1,848],"tags":[1013,1776,1777,687],"class_list":["post-2771","post","type-post","status-publish","format-standard","hentry","category-egyeb","category-jegyzetek","tag-egyutterzes","tag-lelkiismeret","tag-segitseg","tag-tamogatas"],"_links":{"self":[{"href":"https:\/\/www.mszporoszlany.hu\/index.php?rest_route=\/wp\/v2\/posts\/2771","targetHints":{"allow":["GET"]}}],"collection":[{"href":"https:\/\/www.mszporoszlany.hu\/index.php?rest_route=\/wp\/v2\/posts"}],"about":[{"href":"https:\/\/www.mszporoszlany.hu\/index.php?rest_route=\/wp\/v2\/types\/post"}],"author":[{"embeddable":true,"href":"https:\/\/www.mszporoszlany.hu\/index.php?rest_route=\/wp\/v2\/users\/35"}],"replies":[{"embeddable":true,"href":"https:\/\/www.mszporoszlany.hu\/index.php?rest_route=%2Fwp%2Fv2%2Fcomments&post=2771"}],"version-history":[{"count":0,"href":"https:\/\/www.mszporoszlany.hu\/index.php?rest_route=\/wp\/v2\/posts\/2771\/revisions"}],"wp:attachment":[{"href":"https:\/\/www.mszporoszlany.hu\/index.php?rest_route=%2Fwp%2Fv2%2Fmedia&parent=2771"}],"wp:term":[{"taxonomy":"category","embeddable":true,"href":"https:\/\/www.mszporoszlany.hu\/index.php?rest_route=%2Fwp%2Fv2%2Fcategories&post=2771"},{"taxonomy":"post_tag","embeddable":true,"href":"https:\/\/www.mszporoszlany.hu\/index.php?rest_route=%2Fwp%2Fv2%2Ftags&post=2771"}],"curies":[{"name":"wp","href":"https:\/\/api.w.org\/{rel}","templated":true}]}}