{"id":2784,"date":"2017-02-10T15:42:06","date_gmt":"2017-02-10T14:42:06","guid":{"rendered":"http:\/\/www.mszporoszlany.hu\/?p=2784"},"modified":"2017-02-10T15:45:27","modified_gmt":"2017-02-10T14:45:27","slug":"europai-magyarorszag-konferencia","status":"publish","type":"post","link":"https:\/\/www.mszporoszlany.hu\/?p=2784","title":{"rendered":"Eur\u00f3pai Magyarorsz\u00e1g Konferencia"},"content":{"rendered":"<p>2016. okt\u00f3ber 20-\u00e1n a P\u00e9nz\u00fcgykutat\u00f3 Zrt. \u00e9s Szeged \u00f6nkorm\u00e1nyzata k\u00f6z\u00f6s konferenci\u00e1t rendezett a v\u00e1rosh\u00e1za d\u00edszterm\u00e9ben &#8222;Eur\u00f3pai Magyarorsz\u00e1g&#8221; c\u00edmmel. Az al\u00e1bbi vide\u00f3k a konferencia n\u00e9gy f\u0151 t\u00e9m\u00e1j\u00e1nak &#8222;kibesz\u00e9l\u00e9s\u00e9t&#8221; tartalmazza. Javasoljuk minden gondolkod\u00f3 ember sz\u00e1m\u00e1ra a besz\u00e9lget\u00e9sekben megjelen\u0151 gondolatok megismer\u00e9s\u00e9t \u00e9s ha lehet\u0151s\u00e9g\u00fck van r\u00e1, akkor megvitat\u00e1s\u00e1t.<\/p>\n<div id=\"videovege\"><\/div>\n<div id=\"video\">\n<div class=\"foto\"><a title=\"Eur\u00f3pai Magyarorsz\u00e1g Konferencia - 1. r\u00e9sz\" href=\"https:\/\/www.youtube.com\/watch?v=v3aqDhDbfyg\" target=\"_blank\"><img loading=\"lazy\" decoding=\"async\" class=\"alignnone\" alt=\"\" src=\"https:\/\/www.mszporoszlany.hu\/wp-videos\/video-29.png\" width=\"200\" height=\"120\" \/><\/a><\/div>\n<div class=\"adat\">Eur\u00f3pai Magyarorsz\u00e1g Konferencia &#8211; 1. r\u00e9sz<br \/>(K\u00f6sz\u00f6nt\u0151, bevezet\u0151)<br \/>\n<small>2016.10.20<\/small><br \/>Forr\u00e1s: vtvszeged (Youtube)\n<\/div>\n<\/div>\n<div id=\"videovege\"><\/div>\n<p><!--more--><\/p>\n<div id=\"videovege\"><\/div>\n<div id=\"video\">\n<div class=\"foto\"><a title=\"Eur\u00f3pai Magyarorsz\u00e1g Konferencia - 2. r\u00e9sz\" href=\"https:\/\/www.youtube.com\/watch?v=BphTUFPV-l4\" target=\"_blank\"><img loading=\"lazy\" decoding=\"async\" class=\"alignnone\" alt=\"\" src=\"https:\/\/www.mszporoszlany.hu\/wp-videos\/video-30.png\" width=\"200\" height=\"120\" \/><\/a><\/div>\n<div class=\"adat\">Eur\u00f3pai Magyarorsz\u00e1g Konferencia &#8211; 2. r\u00e9sz<br \/>(A jog\u00e1llam)<br \/>\n<small>2016.10.20<\/small><br \/>Forr\u00e1s: vtvszeged (Youtube)\n<\/div>\n<\/div>\n<div id=\"videovege\"><\/div>\n<div id=\"video\">\n<div class=\"foto\"><a title=\"Eur\u00f3pai Magyarorsz\u00e1g Konferencia - 3. r\u00e9sz\" href=\"https:\/\/www.youtube.com\/watch?v=pgcTBBkQQ_g\" target=\"_blank\"><img loading=\"lazy\" decoding=\"async\" class=\"alignnone\" alt=\"\" src=\"https:\/\/www.mszporoszlany.hu\/wp-videos\/video-31.png\" width=\"200\" height=\"120\" \/><\/a><\/div>\n<div class=\"adat\">Eur\u00f3pai Magyarorsz\u00e1g Konferencia &#8211; 3. r\u00e9sz<br \/>(M\u00e1s gazdas\u00e1gi p\u00e1ly\u00e1n)<br \/>\n<small>2016.10.20<\/small><br \/>Forr\u00e1s: vtvszeged (Youtube)\n<\/div>\n<\/div>\n<div id=\"videovege\"><\/div>\n<div id=\"video\">\n<div class=\"foto\"><a title=\"Eur\u00f3pai Magyarorsz\u00e1g Konferencia - 4. r\u00e9sz\" href=\"https:\/\/www.youtube.com\/watch?v=3ZALeMEi01Y\" target=\"_blank\"><img loading=\"lazy\" decoding=\"async\" class=\"alignnone\" alt=\"\" src=\"https:\/\/www.mszporoszlany.hu\/wp-videos\/video-32.png\" width=\"200\" height=\"120\" \/><\/a><\/div>\n<div class=\"adat\">Eur\u00f3pai Magyarorsz\u00e1g Konferencia &#8211; 4. r\u00e9sz<br \/>(\u00d6nkorm\u00e1nyzati alternat\u00edv\u00e1k)<br \/>\n<small>2016.10.20<\/small><br \/>Forr\u00e1s: vtvszeged (Youtube)\n<\/div>\n<\/div>\n<div id=\"videovege\"><\/div>\n","protected":false},"excerpt":{"rendered":"<p>2016. okt\u00f3ber 20-\u00e1n a P\u00e9nz\u00fcgykutat\u00f3 Zrt. \u00e9s Szeged \u00f6nkorm\u00e1nyzata k\u00f6z\u00f6s konferenci\u00e1t rendezett a v\u00e1rosh\u00e1za d\u00edszterm\u00e9ben &#8222;Eur\u00f3pai Magyarorsz\u00e1g&#8221; c\u00edmmel. Az al\u00e1bbi vide\u00f3k a konferencia n\u00e9gy f\u0151 t\u00e9m\u00e1j\u00e1nak &#8222;kibesz\u00e9l\u00e9s\u00e9t&#8221; tartalmazza. Javasoljuk minden gondolkod\u00f3 ember sz\u00e1m\u00e1ra a besz\u00e9lget\u00e9sekben megjelen\u0151 gondolatok megismer\u00e9s\u00e9t \u00e9s ha &hellip; <a href=\"https:\/\/www.mszporoszlany.hu\/?p=2784\">Egy kattint\u00e1s ide a folytat\u00e1shoz&#8230;. <span class=\"meta-nav\">&rarr;<\/span><\/a><\/p>\n","protected":false},"author":35,"featured_media":0,"comment_status":"closed","ping_status":"closed","sticky":false,"template":"","format":"standard","meta":{"footnotes":""},"categories":[1],"tags":[],"class_list":["post-2784","post","type-post","status-publish","format-standard","hentry","category-egyeb"],"_links":{"self":[{"href":"https:\/\/www.mszporoszlany.hu\/index.php?rest_route=\/wp\/v2\/posts\/2784","targetHints":{"allow":["GET"]}}],"collection":[{"href":"https:\/\/www.mszporoszlany.hu\/index.php?rest_route=\/wp\/v2\/posts"}],"about":[{"href":"https:\/\/www.mszporoszlany.hu\/index.php?rest_route=\/wp\/v2\/types\/post"}],"author":[{"embeddable":true,"href":"https:\/\/www.mszporoszlany.hu\/index.php?rest_route=\/wp\/v2\/users\/35"}],"replies":[{"embeddable":true,"href":"https:\/\/www.mszporoszlany.hu\/index.php?rest_route=%2Fwp%2Fv2%2Fcomments&post=2784"}],"version-history":[{"count":0,"href":"https:\/\/www.mszporoszlany.hu\/index.php?rest_route=\/wp\/v2\/posts\/2784\/revisions"}],"wp:attachment":[{"href":"https:\/\/www.mszporoszlany.hu\/index.php?rest_route=%2Fwp%2Fv2%2Fmedia&parent=2784"}],"wp:term":[{"taxonomy":"category","embeddable":true,"href":"https:\/\/www.mszporoszlany.hu\/index.php?rest_route=%2Fwp%2Fv2%2Fcategories&post=2784"},{"taxonomy":"post_tag","embeddable":true,"href":"https:\/\/www.mszporoszlany.hu\/index.php?rest_route=%2Fwp%2Fv2%2Ftags&post=2784"}],"curies":[{"name":"wp","href":"https:\/\/api.w.org\/{rel}","templated":true}]}}