{"id":2793,"date":"2017-02-16T11:40:57","date_gmt":"2017-02-16T10:40:57","guid":{"rendered":"http:\/\/www.mszporoszlany.hu\/?p=2793"},"modified":"2017-02-16T11:40:57","modified_gmt":"2017-02-16T10:40:57","slug":"mi-a-baj-a-magyarorszagi-olimpiaval","status":"publish","type":"post","link":"https:\/\/www.mszporoszlany.hu\/?p=2793","title":{"rendered":"Mi a baj a magyarorsz\u00e1gi Olimpi\u00e1val?"},"content":{"rendered":"<p><img loading=\"lazy\" decoding=\"async\" src=\"https:\/\/www.mszporoszlany.hu\/wp-content\/uploads\/2017\/02\/Olimpia.png\" alt=\"\" width=\"200\" height=\"120\" class=\"alignleft size-full wp-image-2794\" \/>Mindj\u00e1rt az elej\u00e9n lesz\u00f6gezem, hogy nem az olimpiai eszme ellen k\u00edv\u00e1nok \u00e1g\u00e1lni. Avval sem foglalkozom most \u2013 amely mindny\u00e1junk \u00e1ltal ismert t\u00e9ny -, hogy az olimpiai mozgalom \u2013 bele\u00e9rtve az \u00fajkori \u00e9s \u00f3kori versenyeket is \u2013 folyamatosan fejl\u0151dik, alakul. Sohasem volt t\u00f6k\u00e9letesen megrendezett, mindig be\u00e1rny\u00e9kolt\u00e1k a nemes eszm\u00e9t az emberi gyarl\u00f3s\u00e1gok. \u00dagy is fogalmazhatn\u00e1nk, hogy meghat\u00e1rozta a rendezv\u00e9ny szervez\u00e9s\u00e9t, lebonyol\u00edt\u00e1s\u00e1t az adott kor szellemi sz\u00ednvonala, s persze mell\u00e9 tehetj\u00fck: a rendez\u0151 v\u00e1rosok \/orsz\u00e1gok\/ nem a legfejletlenebbek k\u00f6z\u00fcl ker\u00fcltek ki.<\/p>\n<p><!--more--><\/p>\n<p>J\u00f3llehet sz\u00e1mos vissz\u00e1ss\u00e1gr\u00f3l sz\u00f3lnak a legend\u00e1k, \u00e1m mindny\u00e1junkban kellemes \u00e9rz\u00e9seket v\u00e1lt ki, ha tal\u00e1lkozunk az olimpia jelmondat\u00e1val: \u201eGyorsabban, er\u0151sebben, magasabbra!\u201d, vagy egy Couberten  id\u00e9zettel pl.: \u201eA b\u00e9ke vagy te, Sport! a n\u00e9peket egym\u00e1shoz f\u0171z\u0151 sz\u00e9p szalag: \u00e9s testv\u00e9rr\u00e9 lesznek mind \u00e1ltalad, \u00f6nuralomban, rendben \u00e9s er\u0151ben.\u201d Megdobogtatja sz\u00edv\u00fcnket az olimpi\u00e1n felk\u00fasz\u00f3 magyar z\u00e1szl\u00f3 \u00e9s a felcsend\u00fcl\u0151 magyar Himnusz. Egy eszme, egy v\u00e1gy, amely mindannyiunk\u00e9 lett, \u00e9s sorolhatn\u00e1nk v\u00e9g n\u00e9lk\u00fcl a hozz\u00e1 kapcsol\u00f3d\u00f3 hasznos, \u00f6r\u00f6mteli, az egy\u00e9n \u00e9s a t\u00e1rsadalom \u00e1ltal v\u00e9gzett sportnak, testedz\u00e9snek, testkult\u00far\u00e1nak szentelt tev\u00e9kenys\u00e9geket, \u00e1ldozatv\u00e1llal\u00e1st.<\/p>\n<p>Szeretn\u00e9nk, ha a testnevel\u00e9s m\u0171vel\u00e9s\u00e9vel egyre eg\u00e9szs\u00e9gesebb, \u00e9letreval\u00f3bb lenne a feln\u00f6vekv\u0151 nemzed\u00e9k, bemutathatn\u00e1nk folyamatosan a vil\u00e1gnak is, hogy mire vagyunk k\u00e9pesek \u00e9s b\u00fcszk\u00e9k. Kellenek a rendezv\u00e9nyek, sportesem\u00e9nyek, ahol felvonultatjuk legjobbjainkat, akik p\u00e9ldak\u00e9p\u00fcl szolg\u00e1lhatnak a fiataloknak, n\u00e9p\u00fcnknek.<\/p>\n<p>Kell az Olimpia, amely a vil\u00e1g legrangosabb sportesem\u00e9nyei k\u00f6z\u00e9 k\u00fczd\u00f6tte fel mag\u00e1t, lehet legrangosabbak is nevezni. Az Olimpia lett az etalon, a nemzetek t\u00f6bbs\u00e9g\u00e9nek sport\u00e9lete az olimpiai ciklusokhoz igazodik, legnagyobb siker \u2013 sokaknak \u2013 az olimpiai arany\u00e9rem. J\u00f3 esetben az Olimpia rendez\u0151je \u2013 v\u00e1ros \u00e9s orsz\u00e1ga \u2013 hatalmas gazdas\u00e1gi \u00e9s p\u00e9nzben ki nem fejezhet\u0151 t\u00e1rsadalmi eredm\u00e9nyeket k\u00f6nyvelhet el. Megn\u0151 a vil\u00e1gban az \u00e1zsi\u00f3ja, a tekint\u00e9lye, az ir\u00e1nta \u00e9rzett befektet\u0151i bizalom, bar\u00e1tibb a k\u00f6zeled\u00e9s, turizmus-\u00e9l\u00e9nk\u00edt\u0151 a hat\u00e1sa \u00e9s szinte bel\u00e1thatatlan k\u00f6vetkezm\u00e9nyei vannak, lehetnek pozit\u00edv \u00e9rtelemben.<\/p>\n<p>Lelkes\u00edt\u0151 az Olimpia rendez\u00e9s\u00e9nek v\u00e1llal\u00e1sa, azonban kell\u0151 alap, megfontolts\u00e1g, k\u00f6rnyezet, val\u00f3s helyzetelemz\u00e9s n\u00e9lk\u00fcl &#8211; \u00e9s nem hazug, \u00e1ls\u00e1gos, f\u00e9lrevezet\u0151, titkol\u00f3z\u00f3 \u201enemzeti konzult\u00e1ci\u00f3\u201d folytat\u00e1s\u00e1val \u2013 nem lehet a c\u00e9l \u00e9rdek\u00e9ben a nemzeti \u00f6sszefog\u00e1st vizion\u00e1lni. Nem v\u00e9letlen, hogy sokan ellenzik a v\u00e1llal\u00e1st, s\u0151t folyik a n\u00e9pszavaz\u00e1st kezdem\u00e9nyez\u0151 al\u00e1\u00edr\u00e1sgy\u0171jt\u00e9s.<\/p>\n<p>Elbalt\u00e1zott volt a beharangoz\u00e1s, a p\u00e1ly\u00e1zat el\u0151k\u00e9sz\u00edt\u00e9se, meglehet\u0151s bizalmatlans\u00e1got kelt az emberekben a titkol\u00f3z\u00e1s, az egym\u00e1snak ellentmond\u00f3 nyilatkozatok, nem stimmel a sz\u00e1mtan, nagyon rossz h\u00edrek jelennek meg a kor\u00e1bbi rendez\u0151kr\u0151l, az olimpi\u00e1k m\u00e9rleg\u00e9r\u0151l. Sok a hazai sportbotr\u00e1ny, a m\u00e9rhetetlen korrupci\u00f3-gyan\u00fas \u00fcgy r\u00e1telepedett sport\u00e9let\u00fcnkre is.<\/p>\n<p>Rossz a k\u00f6rnyezet, nem b\u00edzunk az \u00e1llami \u00e9s sportvezet\u0151kben, dilett\u00e1ns, alkalmatlan emberek t\u00f6ltenek be fontos poz\u00edci\u00f3kat, \u00e1ltal\u00e1ban mondhatjuk, hogy megrend\u00fclt a k\u00f6zbizalom. \u00c9rt\u00e9krendi v\u00e1ls\u00e1g van, lassan \u00e9rt\u00e9ktelenn\u00e9 v\u00e1lnak a legszentebb eszm\u00e9ink is. Azok vezetn\u00e9k be az erk\u00f6lcstant, akik a legerk\u00f6lcstelenebb p\u00e9ld\u00e1kat mutatj\u00e1k be nap, mint nap.<\/p>\n<p>Ez\u00e9rt sokakban f\u00e9lelem\u00e9rzet alakult ki, hogy az Olimpia megrendez\u00e9se negat\u00edv \u00e9rtelemben s\u00fcl el, hogy a negat\u00edv eredm\u00e9nyeket majd a nemzetnek kell elviselnie. Egy rem\u00e9nye van az ellenz\u0151knek, hogy nagy val\u00f3sz\u00edn\u0171s\u00e9ggel nem b\u00edzz\u00e1k ezt a rendezv\u00e9nyt olyan orsz\u00e1gra, ahol a korrupci\u00f3s index el\u00e9g magas \u2013b\u00e1r ez al\u00f3l a NOB sem kiv\u00e9tel\u2013 , ez\u00e9rt az el\u0151k\u00e9sz\u00fcletekre, p\u00e1ly\u00e1zatra ford\u00edtott \u00f6sszeg is bukta lehet.<\/p>\n<p>Nem igaz\u00e1n elfogadhat\u00f3 egy ilyen v\u00e1llal\u00e1s amellett sem, hogy hazai \u00fcgyekben meg s\u00fcllyed\u00fcnk, romlik a helyzet\u00fcnk szinte mindenben (sajt\u00f3szabads\u00e1g, eg\u00e9szs\u00e9g\u00fcgy, oktat\u00e1s, gyermek\u00e9lelmez\u00e9s, t\u00f6megk\u00f6zleked\u00e9s, uni\u00f3s tags\u00e1g, stb.), nagy t\u00f6bbs\u00e9g szeg\u00e9nyedik vagy szeg\u00e9nys\u00e9gben \u00e9l, a fels\u0151 \u00f6tezer meg uriz\u00e1l, r\u00e1zza a rongyot, m\u00e9rhetetlen \u00f6sszegeket k\u00f6ltenek kisvas\u00fatra, stadion\u00e9p\u00edt\u00e9sekre, k\u00f6zben irdatlan j\u00f6vedelmekre, vagyonokra tesznek szert.<\/p>\n<p>Sz\u00f3val uraim, a k\u00f6zbizalom hi\u00e1nya &#8230; ,  az a baj az Olimpi\u00e1val. <\/p>\n","protected":false},"excerpt":{"rendered":"<p>Mindj\u00e1rt az elej\u00e9n lesz\u00f6gezem, hogy nem az olimpiai eszme ellen k\u00edv\u00e1nok \u00e1g\u00e1lni. Avval sem foglalkozom most \u2013 amely mindny\u00e1junk \u00e1ltal ismert t\u00e9ny -, hogy az olimpiai mozgalom \u2013 bele\u00e9rtve az \u00fajkori \u00e9s \u00f3kori versenyeket is \u2013 folyamatosan fejl\u0151dik, alakul. Sohasem &hellip; <a href=\"https:\/\/www.mszporoszlany.hu\/?p=2793\">Egy kattint\u00e1s ide a folytat\u00e1shoz&#8230;. <span class=\"meta-nav\">&rarr;<\/span><\/a><\/p>\n","protected":false},"author":35,"featured_media":0,"comment_status":"closed","ping_status":"closed","sticky":false,"template":"","format":"standard","meta":{"footnotes":""},"categories":[196],"tags":[],"class_list":["post-2793","post","type-post","status-publish","format-standard","hentry","category-magyarorszag"],"_links":{"self":[{"href":"https:\/\/www.mszporoszlany.hu\/index.php?rest_route=\/wp\/v2\/posts\/2793","targetHints":{"allow":["GET"]}}],"collection":[{"href":"https:\/\/www.mszporoszlany.hu\/index.php?rest_route=\/wp\/v2\/posts"}],"about":[{"href":"https:\/\/www.mszporoszlany.hu\/index.php?rest_route=\/wp\/v2\/types\/post"}],"author":[{"embeddable":true,"href":"https:\/\/www.mszporoszlany.hu\/index.php?rest_route=\/wp\/v2\/users\/35"}],"replies":[{"embeddable":true,"href":"https:\/\/www.mszporoszlany.hu\/index.php?rest_route=%2Fwp%2Fv2%2Fcomments&post=2793"}],"version-history":[{"count":0,"href":"https:\/\/www.mszporoszlany.hu\/index.php?rest_route=\/wp\/v2\/posts\/2793\/revisions"}],"wp:attachment":[{"href":"https:\/\/www.mszporoszlany.hu\/index.php?rest_route=%2Fwp%2Fv2%2Fmedia&parent=2793"}],"wp:term":[{"taxonomy":"category","embeddable":true,"href":"https:\/\/www.mszporoszlany.hu\/index.php?rest_route=%2Fwp%2Fv2%2Fcategories&post=2793"},{"taxonomy":"post_tag","embeddable":true,"href":"https:\/\/www.mszporoszlany.hu\/index.php?rest_route=%2Fwp%2Fv2%2Ftags&post=2793"}],"curies":[{"name":"wp","href":"https:\/\/api.w.org\/{rel}","templated":true}]}}