{"id":2799,"date":"2017-05-15T09:37:18","date_gmt":"2017-05-15T08:37:18","guid":{"rendered":"http:\/\/www.mszporoszlany.hu\/?p=2799"},"modified":"2017-05-15T09:40:39","modified_gmt":"2017-05-15T08:40:39","slug":"kinek-mennyit","status":"publish","type":"post","link":"https:\/\/www.mszporoszlany.hu\/?p=2799","title":{"rendered":"Kinek, mennyit?!"},"content":{"rendered":"<p>R\u00e9g\u00f3ta t\u00e9ma a v\u00e1rosban, t\u00f6bbsz\u00f6r el\u0151ker\u00fclt test\u00fcleti, bizotts\u00e1gi \u00fcl\u00e9seken is, legut\u00f3bb pedig Czunyin\u00e9 foglalkozott vele az OVTV-ben. Az MVM a V\u00e9rten kereszt\u00fcl a v\u00e1rosnak p\u00e9nz\u00e9rt adta el azokat a b\u00e1ny\u00e1szati berendez\u00e9seket, amelyeket a majki m\u00fazeumban a v\u00e1ros szeretett volna ki\u00e1ll\u00edtani. Meg\u0151rizve ezzel a b\u00e1ny\u00e1szati szakmakult\u00far\u00e1t az ut\u00f3kor sz\u00e1m\u00e1ra. Ez nem volt elegend\u0151 indok arra, hogy az MVM, miut\u00e1n bez\u00e1rta az utols\u00f3 m\u00e9lym\u0171vel\u00e9s\u0171 b\u00e1ny\u00e1t, hozz\u00e1j\u00e1ruljon a szakmakult\u00fara meg\u0151rz\u00e9s\u00e9hez.<\/p>\n<p><img loading=\"lazy\" decoding=\"async\" src=\"https:\/\/www.mszporoszlany.hu\/wp-content\/uploads\/2017\/05\/BanyaMuzeum.jpg\" alt=\"\" width=\"600\" height=\"350\" class=\"aligncenter size-full wp-image-2800\" srcset=\"https:\/\/www.mszporoszlany.hu\/wp-content\/uploads\/2017\/05\/BanyaMuzeum.jpg 600w, https:\/\/www.mszporoszlany.hu\/wp-content\/uploads\/2017\/05\/BanyaMuzeum-320x187.jpg 320w\" sizes=\"auto, (max-width: 600px) 100vw, 600px\" \/><\/p>\n<p><!--more--><\/p>\n<p>Megv\u00e1lasztott Orsz\u00e1ggy\u0171l\u00e9si k\u00e9pvisel\u0151nk sem azon h\u00e1borgott a telev\u00edzi\u00f3ban, hogy milyen dolog p\u00e9nzt k\u00e9rni azokt\u00f3l az emberekt\u0151l, akik \u00e9let\u00fck sor\u00e1n fel\u00e9p\u00edtett\u00e9k a v\u00e1rost \u00e9s szeretn\u00e9k meg\u0151rizni a v\u00e1ros, \u00edgy saj\u00e1t maguk m\u00faltj\u00e1t is, hanem az MVM-et v\u00e9dte. Persze kit\u00e9rt arra is, hogy most kapott a m\u00fazeum egy f\u00e9l milli\u00e1rd forintos p\u00e1ly\u00e1zatot a korm\u00e1nyt\u00f3l, \u00e9s ez kompenz\u00e1lja ezt a dolgot, csak itt van n\u00e9mi b\u00f6kken\u0151: a p\u00e1ly\u00e1zatra kapott t\u00e1mogat\u00e1s nem j\u00e1r csak \u00fagy, azt meg kell \u00edrni, meg kell tervezni, el\u0151 kell k\u00e9sz\u00edteni. Ha ezt a munk\u00e1t j\u00f3l v\u00e9gzik, \u00e9s M\u00e9sz\u00e1ros L\u0151rinc, Andy Vajna vagy Habony \u00c1rp\u00e1d sem akar b\u00e1ny\u00e1szati m\u00fazeumot nyitni, akkor nyerhet a p\u00e1ly\u00e1zatot beny\u00fajt\u00f3 t\u00e1mogat\u00e1st. A legfontosabb pedig az, hogy nem hazai, hanem uni\u00f3s forr\u00e1sb\u00f3l! Az MVM viszont \u00e1llami tulajdon\u00fa, \u00e1llami forr\u00e1sokb\u00f3l gazd\u00e1lkod\u00f3 szerv. Teh\u00e1t leford\u00edtva, r\u00f6viden: Czunyin\u00e9 azt mondta, hogy nem \u00e9rzi probl\u00e9m\u00e1nak azt, hogy MVM nem t\u00e1mogatta a v\u00e1rosnak ezen t\u00f6rekv\u00e9s\u00e9t, mert Br\u00fcsszelb\u0151l j\u00f6n p\u00e9nz a m\u00fazeumhoz. Mondjuk, nem lehet tudni, hogy ezen a ponton a k\u00e9pvisel\u0151 asszony meg\u00e1ll\u00edtotta volna Br\u00fcsszelt vagy sem, de ez egy m\u00e1sik k\u00e9rd\u00e9s.<\/p>\n<p>\u00c9rdekes t\u00e9ny tov\u00e1bb\u00e1, hogy az MVM a Fidesz \u00e1lcivil holdudvara k\u00f6zep\u00e9n \u00fcl\u0151 C\u00d6F-nek 508 milli\u00f3 Ft-ot adom\u00e1nyozott. \u00dagy t\u0171nik erre volt, erre jutott, ez t\u00e1mogathat\u00f3 c\u00e9l volt. Csak ar\u00e1ny\u00edt\u00e1sk\u00e9ppen: a v\u00e1ros a szakmakult\u00fara meg\u00f3v\u00e1s\u00e1\u00e9rt 3,5 milli\u00f3 forintot fizetett. A C\u00d6F-nek ny\u00fajtott t\u00e1mogat\u00e1s ennek a 145-sz\u00f6r\u00f6se, lehet mondani: csepp (lett volna) a tengerben. De valaki \u00fagy d\u00f6nt\u00f6tt, hogy ne legyen!<\/p>\n","protected":false},"excerpt":{"rendered":"<p>R\u00e9g\u00f3ta t\u00e9ma a v\u00e1rosban, t\u00f6bbsz\u00f6r el\u0151ker\u00fclt test\u00fcleti, bizotts\u00e1gi \u00fcl\u00e9seken is, legut\u00f3bb pedig Czunyin\u00e9 foglalkozott vele az OVTV-ben. Az MVM a V\u00e9rten kereszt\u00fcl a v\u00e1rosnak p\u00e9nz\u00e9rt adta el azokat a b\u00e1ny\u00e1szati berendez\u00e9seket, amelyeket a majki m\u00fazeumban a v\u00e1ros szeretett volna ki\u00e1ll\u00edtani. &hellip; <a href=\"https:\/\/www.mszporoszlany.hu\/?p=2799\">Egy kattint\u00e1s ide a folytat\u00e1shoz&#8230;. <span class=\"meta-nav\">&rarr;<\/span><\/a><\/p>\n","protected":false},"author":35,"featured_media":0,"comment_status":"closed","ping_status":"closed","sticky":false,"template":"","format":"standard","meta":{"footnotes":""},"categories":[1082,194],"tags":[1781,1780,1779,1333,1778],"class_list":["post-2799","post","type-post","status-publish","format-standard","hentry","category-egykor-es-ma","category-oroszlany","tag-508-millio-ft","tag-alcivil","tag-cof","tag-czunyine","tag-mvm"],"_links":{"self":[{"href":"https:\/\/www.mszporoszlany.hu\/index.php?rest_route=\/wp\/v2\/posts\/2799","targetHints":{"allow":["GET"]}}],"collection":[{"href":"https:\/\/www.mszporoszlany.hu\/index.php?rest_route=\/wp\/v2\/posts"}],"about":[{"href":"https:\/\/www.mszporoszlany.hu\/index.php?rest_route=\/wp\/v2\/types\/post"}],"author":[{"embeddable":true,"href":"https:\/\/www.mszporoszlany.hu\/index.php?rest_route=\/wp\/v2\/users\/35"}],"replies":[{"embeddable":true,"href":"https:\/\/www.mszporoszlany.hu\/index.php?rest_route=%2Fwp%2Fv2%2Fcomments&post=2799"}],"version-history":[{"count":0,"href":"https:\/\/www.mszporoszlany.hu\/index.php?rest_route=\/wp\/v2\/posts\/2799\/revisions"}],"wp:attachment":[{"href":"https:\/\/www.mszporoszlany.hu\/index.php?rest_route=%2Fwp%2Fv2%2Fmedia&parent=2799"}],"wp:term":[{"taxonomy":"category","embeddable":true,"href":"https:\/\/www.mszporoszlany.hu\/index.php?rest_route=%2Fwp%2Fv2%2Fcategories&post=2799"},{"taxonomy":"post_tag","embeddable":true,"href":"https:\/\/www.mszporoszlany.hu\/index.php?rest_route=%2Fwp%2Fv2%2Ftags&post=2799"}],"curies":[{"name":"wp","href":"https:\/\/api.w.org\/{rel}","templated":true}]}}