{"id":2808,"date":"2017-05-26T09:13:19","date_gmt":"2017-05-26T08:13:19","guid":{"rendered":"http:\/\/www.mszporoszlany.hu\/?p=2808"},"modified":"2017-05-26T09:16:05","modified_gmt":"2017-05-26T08:16:05","slug":"a-borvastagodas-klasszikus-esete","status":"publish","type":"post","link":"https:\/\/www.mszporoszlany.hu\/?p=2808","title":{"rendered":"A b\u0151rvastagod\u00e1s klasszikus esete"},"content":{"rendered":"<p>K\u00f6zeledik a v\u00e1laszt\u00e1si id\u0151szak \u00e9s ilyenkor az \u00e9rdekelteknek, k\u00fcl\u00f6n\u00f6sen  a Fidesz k\u00e9pvisel\u0151inek ellen\u00e1llhatatlan ingere jelentkezik arra, hogy valamit \u00e1tadjon. Ha tehetn\u00e9k, reggelente, amikor kil\u00e9pnek a h\u00e1zuk ajtaj\u00e1n, akkor is oll\u00f3val a k\u00e9zben, trikol\u00f3r szalagot nyeszetelve induln\u00e1nak \u00fatnak.<\/p>\n<p>A legjobb p\u00e9lda erre most Oroszl\u00e1nyban ad\u00f3dott. Az \u00c1prilis utca fel\u00faj\u00edt\u00e1sa sor\u00e1n keletkezett \u00faj parkol\u00f3kat, valamint a Pet\u0151fi udvar m\u00e1sodik t\u00f6mbj\u00e9t adta \u00e1t Laz\u00f3k Zolt\u00e1n polg\u00e1rmester. Az \u00e1tad\u00e1son \u00e9s a polg\u00e1rmester Facebook oldal\u00e1n is elhangzott, hogy a v\u00e1ros ezt a k\u00e9t beruh\u00e1z\u00e1st saj\u00e1t er\u0151b\u0151l val\u00f3s\u00edtotta meg, korm\u00e1nyzati t\u00e1mogat\u00e1s n\u00e9lk\u00fcl. B\u00fcszk\u00e9k vagyunk arra, hogy a posta m\u00f6g\u00f6tti r\u00e9sz fel\u00faj\u00edt\u00e1sa ut\u00e1n a v\u00e1ros egy \u00fajabb ter\u00fclet\u00e9t fejlesztj\u00fck. A baloldali v\u00e1rosvezet\u00e9s gazdas\u00e1gpolitik\u00e1ja k\u00f6vetkezt\u00e9ben folyamatosan b\u0151v\u00fcl\u0151 ipari parki bev\u00e9telek pedig ehhez p\u00e9nz\u00fcgyi alapot teremtenek.<\/p>\n<p><!--more--><\/p>\n<p>Az \u00e1tad\u00e1son k\u00e9sz\u00fclt k\u00e9peket szemezgetve viszont  szembet\u0171nhet egy furcsas\u00e1g. K\u00f6rzet\u00fcnk orsz\u00e1ggy\u0171l\u00e9si k\u00e9pvisel\u0151je is szerepel a k\u00e9peken, szorgalmasan nyeszetelve a nemzeti sz\u00edn\u0171 szalagot. Joggal vet\u0151dik fel a k\u00e9rd\u00e9s: mi\u00e9rt is? A legut\u00f3bbi nyilatkozata \u00f3ta v\u00e9gk\u00e9pp elvesz\u00fcnk a gondolatokban, hiszen hosszasan ecsetelte egy interj\u00faban, hogy a v\u00e1laszt\u00f3i v\u00e9lem\u00e9nyek kik\u00e9r\u00e9s\u00e9nek az a form\u00e1ja, amellyel a V\u00e1rosfejleszt\u00e9si \u00e9s K\u00f6rnyezetv\u00e9delmi Bizotts\u00e1g Oroszl\u00e1ny v\u00e1ros\u00e1nak &#8222;Utak, j\u00e1rd\u00e1k, parkol\u00f3k fejleszt\u00e9si terv\u00e9t&#8221; k\u00e9sz\u00edtette, szerinte nem vezet eredm\u00e9nyre \u00e9s felesleges. Ez a koncepci\u00f3 tartalmazza a most fel\u00faj\u00edtott szakaszt is. Ezek ut\u00e1n oda\u00e1ll, \u00e1tv\u00e1gja a szalagot, \u00e9s mintha b\u00e1rmi k\u00f6ze is lett volna hozz\u00e1 \u00e1tadja az \u00fatszakaszt. Lehet, a Fidesz irod\u00e1ba tartott az ad\u00f3fizet\u0151k \u00e1ltal b\u00e9relt \u0160koda Superb aut\u00f3j\u00e1val, l\u00e1tta van ott egy kisebb cs\u0151d\u00fclet \u00e9s oda\u00e1llt, h\u00e1tha! Ezek ut\u00e1n m\u00e1r semmin nem lep\u0151d\u00fcnk meg: van olyan vastag az a b\u0151r, azon a bizonyos testr\u00e9szen, hogy m\u00e9g egy nyilatkozat is belef\u00e9r, hogy l\u00e1m hogy fejl\u0151dik a v\u00e1ros!<\/p>\n<p>Ezek ut\u00e1n felh\u00edvjuk a v\u00e1roslak\u00f3k figyelm\u00e9t, hogy a lak\u00e1sfel\u00faj\u00edt\u00e1s ut\u00e1ni bulikat, a lak\u00e1savat\u00f3kat, az \u00faj j\u00e1rda, kocsifelj\u00e1r\u00f3 ismer\u0151s\u00f6knek val\u00f3 megmutat\u00e1sa sor\u00e1n k\u00fcl\u00f6n\u00f6s \u00f3vatoss\u00e1ggal j\u00e1rjanak el, h\u00e1tha a vir\u00e1g\u00e1gy\u00e1st \u00f6sszetiporva nemzeti trikolor szalagot fesz\u00edt ki \u00e9s v\u00e1g \u00e1t teljesen v\u00e1ratlanul \u00e9s indokolatlanul egy bukott \u00e1llamtitk\u00e1r.<\/p>\n<p>Lok\u00e1lisan aktualiz\u00e1lva, \u00e1talak\u00edtva a Fidesz \u00e9ppen aktu\u00e1lis plak\u00e1tj\u00e1t, mi csak annyit mondunk:<\/p>\n<div id=\"attachment_2812\" style=\"width: 610px\" class=\"wp-caption aligncenter\"><img loading=\"lazy\" decoding=\"async\" aria-describedby=\"caption-attachment-2812\" src=\"https:\/\/www.mszporoszlany.hu\/wp-content\/uploads\/2017\/05\/AllitsukMeg.jpg\" alt=\"\" width=\"600\" height=\"330\" class=\"size-full wp-image-2812\" srcset=\"https:\/\/www.mszporoszlany.hu\/wp-content\/uploads\/2017\/05\/AllitsukMeg.jpg 600w, https:\/\/www.mszporoszlany.hu\/wp-content\/uploads\/2017\/05\/AllitsukMeg-320x176.jpg 320w\" sizes=\"auto, (max-width: 600px) 100vw, 600px\" \/><p id=\"caption-attachment-2812\" class=\"wp-caption-text\">\u00c1ll\u00edtsuk meg&#8230;<\/p><\/div>\n","protected":false},"excerpt":{"rendered":"<p>K\u00f6zeledik a v\u00e1laszt\u00e1si id\u0151szak \u00e9s ilyenkor az \u00e9rdekelteknek, k\u00fcl\u00f6n\u00f6sen a Fidesz k\u00e9pvisel\u0151inek ellen\u00e1llhatatlan ingere jelentkezik arra, hogy valamit \u00e1tadjon. Ha tehetn\u00e9k, reggelente, amikor kil\u00e9pnek a h\u00e1zuk ajtaj\u00e1n, akkor is oll\u00f3val a k\u00e9zben, trikol\u00f3r szalagot nyeszetelve induln\u00e1nak \u00fatnak. A legjobb p\u00e9lda &hellip; <a href=\"https:\/\/www.mszporoszlany.hu\/?p=2808\">Egy kattint\u00e1s ide a folytat\u00e1shoz&#8230;. <span class=\"meta-nav\">&rarr;<\/span><\/a><\/p>\n","protected":false},"author":35,"featured_media":0,"comment_status":"closed","ping_status":"closed","sticky":false,"template":"","format":"standard","meta":{"footnotes":""},"categories":[1],"tags":[],"class_list":["post-2808","post","type-post","status-publish","format-standard","hentry","category-egyeb"],"_links":{"self":[{"href":"https:\/\/www.mszporoszlany.hu\/index.php?rest_route=\/wp\/v2\/posts\/2808","targetHints":{"allow":["GET"]}}],"collection":[{"href":"https:\/\/www.mszporoszlany.hu\/index.php?rest_route=\/wp\/v2\/posts"}],"about":[{"href":"https:\/\/www.mszporoszlany.hu\/index.php?rest_route=\/wp\/v2\/types\/post"}],"author":[{"embeddable":true,"href":"https:\/\/www.mszporoszlany.hu\/index.php?rest_route=\/wp\/v2\/users\/35"}],"replies":[{"embeddable":true,"href":"https:\/\/www.mszporoszlany.hu\/index.php?rest_route=%2Fwp%2Fv2%2Fcomments&post=2808"}],"version-history":[{"count":0,"href":"https:\/\/www.mszporoszlany.hu\/index.php?rest_route=\/wp\/v2\/posts\/2808\/revisions"}],"wp:attachment":[{"href":"https:\/\/www.mszporoszlany.hu\/index.php?rest_route=%2Fwp%2Fv2%2Fmedia&parent=2808"}],"wp:term":[{"taxonomy":"category","embeddable":true,"href":"https:\/\/www.mszporoszlany.hu\/index.php?rest_route=%2Fwp%2Fv2%2Fcategories&post=2808"},{"taxonomy":"post_tag","embeddable":true,"href":"https:\/\/www.mszporoszlany.hu\/index.php?rest_route=%2Fwp%2Fv2%2Ftags&post=2808"}],"curies":[{"name":"wp","href":"https:\/\/api.w.org\/{rel}","templated":true}]}}