{"id":2829,"date":"2018-04-02T07:33:56","date_gmt":"2018-04-02T06:33:56","guid":{"rendered":"http:\/\/www.mszporoszlany.hu\/?p=2829"},"modified":"2018-04-10T09:37:09","modified_gmt":"2018-04-10T08:37:09","slug":"mit-akarunk-valtani","status":"publish","type":"post","link":"https:\/\/www.mszporoszlany.hu\/?p=2829","title":{"rendered":"Mit akarunk v\u00e1ltani?"},"content":{"rendered":"<p>A k\u00f6z\u00f6ss\u00e9gi m\u00e9di\u00e1ban \u00e9s a nyomtatott sajt\u00f3ban egyre m\u00e1sra jelennek meg cikkek azzal kapcsolatban, hogy kik a Fidesz val\u00f3di kih\u00edv\u00f3i. A taktikai szavaz\u00e1s keret\u00e9ben gy\u0151zk\u00f6dnek benn\u00fcnket v\u00e1laszt\u00f3kat arr\u00f3l, melyik jel\u00f6lt k\u00e9pes a Fideszes aspir\u00e1nst legy\u0151zni.<\/p>\n<p>Az Ir\u00e1nyt\u0171 Int\u00e9zet \u00e9s a Magyar Nemzet olyan m\u00e9rt\u00e9kben z\u00f6ld\u00edtette be a 2018-as v\u00e1laszt\u00e1sokra Magyarorsz\u00e1g t\u00e9rk\u00e9p\u00e9t, hogy annyira m\u00e9g a Fidesz se merte 2014-ben narancsba bortani. \u201eSzakmai\u201d \u00e1ll\u00e1spontjuk szerint minden k\u00f6rzetben a jobbikos jel\u00f6lt az es\u00e9lyes. Megy\u00e9nk harmadik v\u00e1laszt\u00f3ker\u00fclet\u00e9ben sincs ez m\u00e1sk\u00e9ppen. Ez persze nem olyan meglep\u0151, hiszen az Ir\u00e1nyt\u0171 Jobbik k\u00f6zeli int\u00e9zet, a Magyar Nemzet \u00e9s a k\u00f6r\u00e9 szervez\u0151d\u00f6tt m\u00e9diabirodalom pedig Simicska Lajos \u00e9rdekk\u00f6re.<\/p>\n<p><!--more--><\/p>\n<p><a href=\"https:\/\/www.mszporoszlany.hu\/wp-content\/uploads\/2018\/04\/oligarcha.png\" rel=\"lightbox[2829]\"><img loading=\"lazy\" decoding=\"async\" class=\"aligncenter wp-image-2831\" src=\"https:\/\/www.mszporoszlany.hu\/wp-content\/uploads\/2018\/04\/oligarcha.png\" alt=\"\" width=\"600\" height=\"600\" srcset=\"https:\/\/www.mszporoszlany.hu\/wp-content\/uploads\/2018\/04\/oligarcha.png 1200w, https:\/\/www.mszporoszlany.hu\/wp-content\/uploads\/2018\/04\/oligarcha-240x240.png 240w, https:\/\/www.mszporoszlany.hu\/wp-content\/uploads\/2018\/04\/oligarcha-768x768.png 768w, https:\/\/www.mszporoszlany.hu\/wp-content\/uploads\/2018\/04\/oligarcha-450x450.png 450w\" sizes=\"auto, (max-width: 600px) 100vw, 600px\" \/><\/a><\/p>\n<p>Amikor Orb\u00e1n Viktor kigoly\u00f3zta Simicsk\u00e1t a gazdas\u00e1gi holdudvarb\u00f3l, \u00e9l\u00e9n a K\u00f6zg\u00e9ppel, akkor Lajos nagyon megs\u00e9rt\u0151d\u00f6tt. Ez volt a G nap, amire tal\u00e1n sokan eml\u00e9keznek m\u00e9g. Az pedig, hogy Simicska be\u00e1llt a Jobbik m\u00f6g\u00e9 egyetlen dolgot jelent: vissza akar ker\u00fclni a gazdas\u00e1gi monopolhelyzetbe, ism\u00e9t zs\u00edrok k\u00f6zbeszerz\u00e9seket akar mag\u00e1nak. Ehhez pedig Vona G\u00e1bor \u00e9s a 106 jobbikos jel\u00f6lt adta mag\u00e1t, mert sz\u00e1mukra is fontos lenne m\u00e1r hozz\u00e1f\u00e9rni a m\u00e9zes b\u00f6d\u00f6nh\u00f6z. \u00c9ppen ez\u00e9rt a Magyar Nemzet, a H\u00edr TV \u00e9s egy\u00e9b Simicska k\u00f6r\u00e9be tartoz\u00f3 org\u00e1numok szerint a taktikai szavaz\u00e1s csak a jobbikos jel\u00f6ltekkel m\u0171k\u00f6dhet.<\/p>\n<p>A jobbikos jel\u00f6ltek el\u0151szeretettel bizonygatj\u00e1k, hogy \u201etiszta a kez\u00fck\u201d, mert m\u00e9g nem voltak korm\u00e1nyon. Orb\u00e1nnak is az volt, am\u00edg korm\u00e1nyra nem ker\u00fclt, Simicsk\u00e1val a h\u00e1tt\u00e9rben. Akkor kezd\u0151d\u00f6tt a szabad rabl\u00e1s, a f\u00e9kek, ellens\u00falyok le\u00e9p\u00edt\u00e9se \u00e9s Simicska p\u00e9ld\u00e1tlan gazdagod\u00e1sa. \u00c9s most az enyves kez\u0171 Simicska kezet r\u00e1zott a Jobbikkal \u00e9s tolja \u0151ket ezerrel mindenhol. \u00d3ri\u00e1splak\u00e1tokat biztos\u00edt orsz\u00e1gszerte, folyamatos a jelenl\u00e9t\u00fck Simicska m\u00e9di\u00e1iban, m\u00e1r-m\u00e1r vetekszik a k\u00f6zm\u00e9dia Fidesz t\u00fals\u00faly\u00e1val. A k\u00e9rd\u00e9s csup\u00e1n az: mennyire maradtak tiszt\u00e1k azok a kezek ezek ut\u00e1n?<\/p>\n<p>Ha a v\u00e1laszt\u00f3polg\u00e1rok nem oligarch\u00e1t, hanem korm\u00e1nyt \u00e9s rendszert akarnak v\u00e1ltani, akkor a baloldalon l\u00e9trej\u00f6tt \u00f6sszefog\u00e1s jel\u00f6ltjei jelentik a biztos\u00edt\u00e9kot arra, hogy 2018 ut\u00e1n nem a Habony-M\u00e9sz\u00e1ros-Vajna, vagy a Simicska oligarch\u00e1k gazdagod\u00e1sa lesz az els\u0151dleges fontoss\u00e1g\u00fa, hanem az eg\u00e9szs\u00e9g\u00fcgy, az oktat\u00e1s helyre\u00e1ll\u00edt\u00e1sa \u00e9s az orsz\u00e1g esem\u00e9nyeinek norm\u00e1lis mederbe terel\u00e9se, a szoci\u00e1lis demokr\u00e1cia alapgondolat\u00e1nak Alkotm\u00e1nyba foglal\u00e1s\u00e1val \u00e9s a korrupci\u00f3 megf\u00e9kez\u00e9s\u00e9vel.<\/p>\n","protected":false},"excerpt":{"rendered":"<p>A k\u00f6z\u00f6ss\u00e9gi m\u00e9di\u00e1ban \u00e9s a nyomtatott sajt\u00f3ban egyre m\u00e1sra jelennek meg cikkek azzal kapcsolatban, hogy kik a Fidesz val\u00f3di kih\u00edv\u00f3i. A taktikai szavaz\u00e1s keret\u00e9ben gy\u0151zk\u00f6dnek benn\u00fcnket v\u00e1laszt\u00f3kat arr\u00f3l, melyik jel\u00f6lt k\u00e9pes a Fideszes aspir\u00e1nst legy\u0151zni. Az Ir\u00e1nyt\u0171 Int\u00e9zet \u00e9s a &hellip; <a href=\"https:\/\/www.mszporoszlany.hu\/?p=2829\">Egy kattint\u00e1s ide a folytat\u00e1shoz&#8230;. <span class=\"meta-nav\">&rarr;<\/span><\/a><\/p>\n","protected":false},"author":35,"featured_media":0,"comment_status":"closed","ping_status":"closed","sticky":false,"template":"","format":"standard","meta":{"footnotes":""},"categories":[848,196],"tags":[],"class_list":["post-2829","post","type-post","status-publish","format-standard","hentry","category-jegyzetek","category-magyarorszag"],"_links":{"self":[{"href":"https:\/\/www.mszporoszlany.hu\/index.php?rest_route=\/wp\/v2\/posts\/2829","targetHints":{"allow":["GET"]}}],"collection":[{"href":"https:\/\/www.mszporoszlany.hu\/index.php?rest_route=\/wp\/v2\/posts"}],"about":[{"href":"https:\/\/www.mszporoszlany.hu\/index.php?rest_route=\/wp\/v2\/types\/post"}],"author":[{"embeddable":true,"href":"https:\/\/www.mszporoszlany.hu\/index.php?rest_route=\/wp\/v2\/users\/35"}],"replies":[{"embeddable":true,"href":"https:\/\/www.mszporoszlany.hu\/index.php?rest_route=%2Fwp%2Fv2%2Fcomments&post=2829"}],"version-history":[{"count":0,"href":"https:\/\/www.mszporoszlany.hu\/index.php?rest_route=\/wp\/v2\/posts\/2829\/revisions"}],"wp:attachment":[{"href":"https:\/\/www.mszporoszlany.hu\/index.php?rest_route=%2Fwp%2Fv2%2Fmedia&parent=2829"}],"wp:term":[{"taxonomy":"category","embeddable":true,"href":"https:\/\/www.mszporoszlany.hu\/index.php?rest_route=%2Fwp%2Fv2%2Fcategories&post=2829"},{"taxonomy":"post_tag","embeddable":true,"href":"https:\/\/www.mszporoszlany.hu\/index.php?rest_route=%2Fwp%2Fv2%2Ftags&post=2829"}],"curies":[{"name":"wp","href":"https:\/\/api.w.org\/{rel}","templated":true}]}}