{"id":2842,"date":"2018-04-26T07:17:37","date_gmt":"2018-04-26T06:17:37","guid":{"rendered":"http:\/\/www.mszporoszlany.hu\/?p=2842"},"modified":"2018-04-26T07:17:37","modified_gmt":"2018-04-26T06:17:37","slug":"europa-nap-2018","status":"publish","type":"post","link":"https:\/\/www.mszporoszlany.hu\/?p=2842","title":{"rendered":"Eur\u00f3pa-nap 2018"},"content":{"rendered":"<p>1945-ben m\u00e1jus 9-\u00e9n \u00e9rt v\u00e9get a m\u00e1sodik vil\u00e1gh\u00e1bor\u00fa, illetve Robert Schuman, francia k\u00fcl\u00fcgyminiszter is ezen a napon tett javaslatot az Eur\u00f3pai Sz\u00e9n. \u00e9s Ac\u00e9lk\u00f6z\u00f6ss\u00e9g l\u00e9trehoz\u00e1s\u00e1ra, amely a mai EU jogel\u0151dje volt. 1985 \u00f3ta m\u00e1jus 9-\u00e9n \u00fcnneplik az Eur\u00f3pa-napot is. Az MSZP Oroszl\u00e1nyi szervezete megeml\u00e9kez\u00e9st tart, melyre minden \u00e9rdekl\u0151d\u0151t tisztelettel megh\u00edvunk!<\/p>\n<p>A megeml\u00e9kez\u00e9s helye: <strong>Oroszl\u00e1ny &#8211; Haraszthegy &#8211; Eml\u00e9km\u0171<\/strong><br \/>\nA megeml\u00e9kez\u00e9s ideje: <strong>2018. m\u00e1jus 9. &#8211; 18:00<\/strong><\/p>\n<div id=\"attachment_2843\" style=\"width: 610px\" class=\"wp-caption aligncenter\"><a href=\"https:\/\/www.mszporoszlany.hu\/wp-content\/uploads\/2018\/04\/eu-nap.png\" rel=\"lightbox[2842]\"><img loading=\"lazy\" decoding=\"async\" aria-describedby=\"caption-attachment-2843\" src=\"https:\/\/www.mszporoszlany.hu\/wp-content\/uploads\/2018\/04\/eu-nap-600x315.png\" alt=\"Eur\u00f3pa-nap 2018\" width=\"600\" height=\"315\" class=\"size-large wp-image-2843\" srcset=\"https:\/\/www.mszporoszlany.hu\/wp-content\/uploads\/2018\/04\/eu-nap-600x315.png 600w, https:\/\/www.mszporoszlany.hu\/wp-content\/uploads\/2018\/04\/eu-nap-320x168.png 320w, https:\/\/www.mszporoszlany.hu\/wp-content\/uploads\/2018\/04\/eu-nap-768x403.png 768w, https:\/\/www.mszporoszlany.hu\/wp-content\/uploads\/2018\/04\/eu-nap.png 1200w\" sizes=\"auto, (max-width: 600px) 100vw, 600px\" \/><\/a><p id=\"caption-attachment-2843\" class=\"wp-caption-text\">Eur\u00f3pa-nap 2018<\/p><\/div>\n","protected":false},"excerpt":{"rendered":"<p>1945-ben m\u00e1jus 9-\u00e9n \u00e9rt v\u00e9get a m\u00e1sodik vil\u00e1gh\u00e1bor\u00fa, illetve Robert Schuman, francia k\u00fcl\u00fcgyminiszter is ezen a napon tett javaslatot az Eur\u00f3pai Sz\u00e9n. \u00e9s Ac\u00e9lk\u00f6z\u00f6ss\u00e9g l\u00e9trehoz\u00e1s\u00e1ra, amely a mai EU jogel\u0151dje volt. 1985 \u00f3ta m\u00e1jus 9-\u00e9n \u00fcnneplik az Eur\u00f3pa-napot is. Az &hellip; <a href=\"https:\/\/www.mszporoszlany.hu\/?p=2842\">Egy kattint\u00e1s ide a folytat\u00e1shoz&#8230;. <span class=\"meta-nav\">&rarr;<\/span><\/a><\/p>\n","protected":false},"author":35,"featured_media":0,"comment_status":"closed","ping_status":"closed","sticky":false,"template":"","format":"standard","meta":{"footnotes":""},"categories":[1,197,194],"tags":[1785,334],"class_list":["post-2842","post","type-post","status-publish","format-standard","hentry","category-egyeb","category-nemzetkozi","category-oroszlany","tag-euroap-nap","tag-europai-unio"],"_links":{"self":[{"href":"https:\/\/www.mszporoszlany.hu\/index.php?rest_route=\/wp\/v2\/posts\/2842","targetHints":{"allow":["GET"]}}],"collection":[{"href":"https:\/\/www.mszporoszlany.hu\/index.php?rest_route=\/wp\/v2\/posts"}],"about":[{"href":"https:\/\/www.mszporoszlany.hu\/index.php?rest_route=\/wp\/v2\/types\/post"}],"author":[{"embeddable":true,"href":"https:\/\/www.mszporoszlany.hu\/index.php?rest_route=\/wp\/v2\/users\/35"}],"replies":[{"embeddable":true,"href":"https:\/\/www.mszporoszlany.hu\/index.php?rest_route=%2Fwp%2Fv2%2Fcomments&post=2842"}],"version-history":[{"count":0,"href":"https:\/\/www.mszporoszlany.hu\/index.php?rest_route=\/wp\/v2\/posts\/2842\/revisions"}],"wp:attachment":[{"href":"https:\/\/www.mszporoszlany.hu\/index.php?rest_route=%2Fwp%2Fv2%2Fmedia&parent=2842"}],"wp:term":[{"taxonomy":"category","embeddable":true,"href":"https:\/\/www.mszporoszlany.hu\/index.php?rest_route=%2Fwp%2Fv2%2Fcategories&post=2842"},{"taxonomy":"post_tag","embeddable":true,"href":"https:\/\/www.mszporoszlany.hu\/index.php?rest_route=%2Fwp%2Fv2%2Ftags&post=2842"}],"curies":[{"name":"wp","href":"https:\/\/api.w.org\/{rel}","templated":true}]}}