{"id":2876,"date":"2019-08-23T20:05:16","date_gmt":"2019-08-23T19:05:16","guid":{"rendered":"http:\/\/www.mszporoszlany.hu\/?p=2876"},"modified":"2019-08-23T20:10:50","modified_gmt":"2019-08-23T19:10:50","slug":"2019-oktober-13","status":"publish","type":"post","link":"https:\/\/www.mszporoszlany.hu\/?p=2876","title":{"rendered":"2019. okt\u00f3ber 13."},"content":{"rendered":"<p>Mint az m\u00e1r k\u00f6ztudott, 2019. okt\u00f3ber 13-n \u00d6nkorm\u00e1nyzati v\u00e1laszt\u00e1s lesz haz\u00e1nkban. A kor\u00e1bbi szok\u00e1sokt\u00f3l elt\u00e9r\u0151en ezen a v\u00e1laszt\u00e1son a korm\u00e1nyzattal ellent\u00e9tes p\u00e1rtok k\u00f6z\u00f6sen indulnak a helyhat\u00f3s\u00e1gi v\u00e1laszt\u00e1son. J\u00fanius v\u00e9g\u00e9n 5 p\u00e1rt (KD, Jobbik, LMP, Momentum, MSZP) \u00e9s egy civil egyes\u00fclet (OLPK) bejelentette a k\u00f6z\u00f6s indul\u00e1st. Meg\u00e1llapodtak abban, hogy deleg\u00e1lt jel\u00f6ltjeik az Oroszl\u00e1nyi Lok\u00e1lpatri\u00f3t\u00e1k K\u00f6re egyes\u00fclet jel\u00f6l\u00e9s\u00e9vel indulnak a v\u00e1laszt\u00e1son.<\/p>\n<div id=\"attachment_2877\" style=\"width: 610px\" class=\"wp-caption aligncenter\"><a href=\"https:\/\/www.mszporoszlany.hu\/wp-content\/uploads\/2019\/08\/OLPK-Megallapodas.png\" rel=\"lightbox[2876]\"><img loading=\"lazy\" decoding=\"async\" aria-describedby=\"caption-attachment-2877\" class=\"size-large wp-image-2877\" src=\"https:\/\/www.mszporoszlany.hu\/wp-content\/uploads\/2019\/08\/OLPK-Megallapodas-600x188.png\" alt=\"A DK, Momentum, Jobbik, OLPK, LMP \u00e9s MSZP\" width=\"600\" height=\"188\" srcset=\"https:\/\/www.mszporoszlany.hu\/wp-content\/uploads\/2019\/08\/OLPK-Megallapodas-600x188.png 600w, https:\/\/www.mszporoszlany.hu\/wp-content\/uploads\/2019\/08\/OLPK-Megallapodas-320x100.png 320w, https:\/\/www.mszporoszlany.hu\/wp-content\/uploads\/2019\/08\/OLPK-Megallapodas-768x240.png 768w, https:\/\/www.mszporoszlany.hu\/wp-content\/uploads\/2019\/08\/OLPK-Megallapodas.png 960w\" sizes=\"auto, (max-width: 600px) 100vw, 600px\" \/><\/a><p id=\"caption-attachment-2877\" class=\"wp-caption-text\">A DK, Momentum, Jobbik, OLPK, LMP \u00e9s MSZP vezet\u0151i<\/p><\/div>\n<p>K\u00e9pforr\u00e1s: <em>Facebook:LKPOroszlany<\/em><\/p>\n","protected":false},"excerpt":{"rendered":"<p>Mint az m\u00e1r k\u00f6ztudott, 2019. okt\u00f3ber 13-n \u00d6nkorm\u00e1nyzati v\u00e1laszt\u00e1s lesz haz\u00e1nkban. A kor\u00e1bbi szok\u00e1sokt\u00f3l elt\u00e9r\u0151en ezen a v\u00e1laszt\u00e1son a korm\u00e1nyzattal ellent\u00e9tes p\u00e1rtok k\u00f6z\u00f6sen indulnak a helyhat\u00f3s\u00e1gi v\u00e1laszt\u00e1son. J\u00fanius v\u00e9g\u00e9n 5 p\u00e1rt (KD, Jobbik, LMP, Momentum, MSZP) \u00e9s egy civil egyes\u00fclet &hellip; <a href=\"https:\/\/www.mszporoszlany.hu\/?p=2876\">Egy kattint\u00e1s ide a folytat\u00e1shoz&#8230;. <span class=\"meta-nav\">&rarr;<\/span><\/a><\/p>\n","protected":false},"author":35,"featured_media":0,"comment_status":"closed","ping_status":"closed","sticky":false,"template":"","format":"standard","meta":{"footnotes":""},"categories":[1],"tags":[],"class_list":["post-2876","post","type-post","status-publish","format-standard","hentry","category-egyeb"],"_links":{"self":[{"href":"https:\/\/www.mszporoszlany.hu\/index.php?rest_route=\/wp\/v2\/posts\/2876","targetHints":{"allow":["GET"]}}],"collection":[{"href":"https:\/\/www.mszporoszlany.hu\/index.php?rest_route=\/wp\/v2\/posts"}],"about":[{"href":"https:\/\/www.mszporoszlany.hu\/index.php?rest_route=\/wp\/v2\/types\/post"}],"author":[{"embeddable":true,"href":"https:\/\/www.mszporoszlany.hu\/index.php?rest_route=\/wp\/v2\/users\/35"}],"replies":[{"embeddable":true,"href":"https:\/\/www.mszporoszlany.hu\/index.php?rest_route=%2Fwp%2Fv2%2Fcomments&post=2876"}],"version-history":[{"count":0,"href":"https:\/\/www.mszporoszlany.hu\/index.php?rest_route=\/wp\/v2\/posts\/2876\/revisions"}],"wp:attachment":[{"href":"https:\/\/www.mszporoszlany.hu\/index.php?rest_route=%2Fwp%2Fv2%2Fmedia&parent=2876"}],"wp:term":[{"taxonomy":"category","embeddable":true,"href":"https:\/\/www.mszporoszlany.hu\/index.php?rest_route=%2Fwp%2Fv2%2Fcategories&post=2876"},{"taxonomy":"post_tag","embeddable":true,"href":"https:\/\/www.mszporoszlany.hu\/index.php?rest_route=%2Fwp%2Fv2%2Ftags&post=2876"}],"curies":[{"name":"wp","href":"https:\/\/api.w.org\/{rel}","templated":true}]}}