{"id":2881,"date":"2019-08-23T20:18:14","date_gmt":"2019-08-23T19:18:14","guid":{"rendered":"http:\/\/www.mszporoszlany.hu\/?p=2881"},"modified":"2019-08-23T20:20:53","modified_gmt":"2019-08-23T19:20:53","slug":"az-olpk-jeloljei","status":"publish","type":"post","link":"https:\/\/www.mszporoszlany.hu\/?p=2881","title":{"rendered":"Az OLPK jel\u00f6ljei"},"content":{"rendered":"<p>A k\u00f6zelm\u00faltban adtuk h\u00edr\u00fcl, hogy Oroszl\u00e1nyban \u00f6t p\u00e1rt \u00e9s egy civil egyes\u00fclet vezet\u0151i meg\u00e1llapodtak abban, hogy k\u00f6z\u00f6sen ind\u00edtanak jel\u00f6lteket a helyhat\u00f3s\u00e1gi v\u00e1laszt\u00e1son okt\u00f3ber 13-\u00e1n. Az Oroszl\u00e1nyiak Lok\u00e1lpatri\u00f3ta K\u00f6re Egyes\u00fclet sz\u00edneiben <strong>Laz\u00f3k Zolt\u00e1n<\/strong> jelenlegi polg\u00e1rmester indul \u00fajra a tiszts\u00e9g elnyer\u00e9s\u00e9\u00e9rt.<\/p>\n<div id=\"attachment_2882\" style=\"width: 610px\" class=\"wp-caption aligncenter\"><a href=\"https:\/\/www.mszporoszlany.hu\/wp-content\/uploads\/2019\/08\/OLPK-Jeloltek.png\" rel=\"lightbox[2881]\"><img loading=\"lazy\" decoding=\"async\" aria-describedby=\"caption-attachment-2882\" src=\"https:\/\/www.mszporoszlany.hu\/wp-content\/uploads\/2019\/08\/OLPK-Jeloltek-600x319.png\" alt=\"OLPK polg\u00e1rmester- \u00e9s k\u00e9pvisel\u0151-jel\u00f6ltjei\" width=\"600\" height=\"319\" class=\"size-large wp-image-2882\" srcset=\"https:\/\/www.mszporoszlany.hu\/wp-content\/uploads\/2019\/08\/OLPK-Jeloltek-600x319.png 600w, https:\/\/www.mszporoszlany.hu\/wp-content\/uploads\/2019\/08\/OLPK-Jeloltek-320x170.png 320w, https:\/\/www.mszporoszlany.hu\/wp-content\/uploads\/2019\/08\/OLPK-Jeloltek-768x408.png 768w, https:\/\/www.mszporoszlany.hu\/wp-content\/uploads\/2019\/08\/OLPK-Jeloltek.png 960w\" sizes=\"auto, (max-width: 600px) 100vw, 600px\" \/><\/a><p id=\"caption-attachment-2882\" class=\"wp-caption-text\">OLPK polg\u00e1rmester- \u00e9s k\u00e9pvisel\u0151-jel\u00f6ltjei<\/p><\/div>\n<p><!--more--><\/p>\n<p>A k\u00e9pvisel\u0151-jel\u00f6ltek akik szint\u00e9n az Oroszl\u00e1nyiak Lok\u00e1lpatri\u00f3ta K\u00f6re Egyes\u00fclet jel\u00f6ltjei:<\/p>\n<ul>\n<li>1. vk. Szlez\u00e1k J\u00e1nos<\/li>\n<li>2. vk. <em>Sz\u00e9kely Antal<\/em><\/li>\n<li>3. vk. Hermann Istv\u00e1nn\u00e9<\/li>\n<li>4. vk. Szab\u00f3 Mih\u00e1ly<\/li>\n<li>5. vk. <em>Rajnai G\u00e1bor<\/em><\/li>\n<li>6. vk. Kontsch\u00e1n Fl\u00f3ri\u00e1n Jen\u0151<\/li>\n<li>7. vk. <em>S\u00f3lyom J\u00f6ran<\/em><\/li>\n<li>8. vk. Szanyi G\u00e1bor<\/li>\n<\/ul>\n<p><em>A k\u00e9pvisel\u0151-jel\u00f6ltek a k\u00e9pen balr\u00f3l jobbra.<\/em><\/p>\n<p>Az Oroszl\u00e1nyi MSZP \u00e1ltal deleg\u00e1lt jel\u00f6lteket hamarosan egy\u00e9nenk\u00e9nt is bemutatjuk!<\/p>\n","protected":false},"excerpt":{"rendered":"<p>A k\u00f6zelm\u00faltban adtuk h\u00edr\u00fcl, hogy Oroszl\u00e1nyban \u00f6t p\u00e1rt \u00e9s egy civil egyes\u00fclet vezet\u0151i meg\u00e1llapodtak abban, hogy k\u00f6z\u00f6sen ind\u00edtanak jel\u00f6lteket a helyhat\u00f3s\u00e1gi v\u00e1laszt\u00e1son okt\u00f3ber 13-\u00e1n. Az Oroszl\u00e1nyiak Lok\u00e1lpatri\u00f3ta K\u00f6re Egyes\u00fclet sz\u00edneiben Laz\u00f3k Zolt\u00e1n jelenlegi polg\u00e1rmester indul \u00fajra a tiszts\u00e9g elnyer\u00e9s\u00e9\u00e9rt.<\/p>\n","protected":false},"author":35,"featured_media":0,"comment_status":"closed","ping_status":"closed","sticky":false,"template":"","format":"standard","meta":{"footnotes":""},"categories":[1],"tags":[],"class_list":["post-2881","post","type-post","status-publish","format-standard","hentry","category-egyeb"],"_links":{"self":[{"href":"https:\/\/www.mszporoszlany.hu\/index.php?rest_route=\/wp\/v2\/posts\/2881","targetHints":{"allow":["GET"]}}],"collection":[{"href":"https:\/\/www.mszporoszlany.hu\/index.php?rest_route=\/wp\/v2\/posts"}],"about":[{"href":"https:\/\/www.mszporoszlany.hu\/index.php?rest_route=\/wp\/v2\/types\/post"}],"author":[{"embeddable":true,"href":"https:\/\/www.mszporoszlany.hu\/index.php?rest_route=\/wp\/v2\/users\/35"}],"replies":[{"embeddable":true,"href":"https:\/\/www.mszporoszlany.hu\/index.php?rest_route=%2Fwp%2Fv2%2Fcomments&post=2881"}],"version-history":[{"count":0,"href":"https:\/\/www.mszporoszlany.hu\/index.php?rest_route=\/wp\/v2\/posts\/2881\/revisions"}],"wp:attachment":[{"href":"https:\/\/www.mszporoszlany.hu\/index.php?rest_route=%2Fwp%2Fv2%2Fmedia&parent=2881"}],"wp:term":[{"taxonomy":"category","embeddable":true,"href":"https:\/\/www.mszporoszlany.hu\/index.php?rest_route=%2Fwp%2Fv2%2Fcategories&post=2881"},{"taxonomy":"post_tag","embeddable":true,"href":"https:\/\/www.mszporoszlany.hu\/index.php?rest_route=%2Fwp%2Fv2%2Ftags&post=2881"}],"curies":[{"name":"wp","href":"https:\/\/api.w.org\/{rel}","templated":true}]}}