{"id":2885,"date":"2019-08-23T20:28:36","date_gmt":"2019-08-23T19:28:36","guid":{"rendered":"http:\/\/www.mszporoszlany.hu\/?p=2885"},"modified":"2019-08-23T20:29:17","modified_gmt":"2019-08-23T19:29:17","slug":"lazok-zoltan-polgarmester-jelolt","status":"publish","type":"post","link":"https:\/\/www.mszporoszlany.hu\/?p=2885","title":{"rendered":"Laz\u00f3k Zolt\u00e1n &#8211; polg\u00e1rmester jel\u00f6lt"},"content":{"rendered":"<p>Tisztelt V\u00e1laszt\u00f3polg\u00e1r!<\/p>\n<p><a href=\"https:\/\/www.mszporoszlany.hu\/wp-content\/uploads\/2019\/08\/OLPK-Lazok.png\" rel=\"lightbox[2885]\"><img loading=\"lazy\" decoding=\"async\" class=\"wp-image-2886 alignright\" src=\"https:\/\/www.mszporoszlany.hu\/wp-content\/uploads\/2019\/08\/OLPK-Lazok.png\" alt=\"Laz\u00f3k Zolt\u00e1n\" width=\"140\" height=\"200\" srcset=\"https:\/\/www.mszporoszlany.hu\/wp-content\/uploads\/2019\/08\/OLPK-Lazok.png 420w, https:\/\/www.mszporoszlany.hu\/wp-content\/uploads\/2019\/08\/OLPK-Lazok-168x240.png 168w, https:\/\/www.mszporoszlany.hu\/wp-content\/uploads\/2019\/08\/OLPK-Lazok-315x450.png 315w\" sizes=\"auto, (max-width: 140px) 100vw, 140px\" \/><\/a><\/p>\n<p>Oroszl\u00e1nyi sz\u00fclet\u00e9s\u0171 vagyok. Ez az a v\u00e1ros, ahol feln\u0151ttem, ahol megkezdtem tanulm\u00e1nyaimat, ahol csal\u00e1dot alap\u00edtottam, v\u00e1llalkoztam, dolgoztam, \u00e9s ez a telep\u00fcl\u00e9s az otthonom ma is.<\/p>\n<p>\u00c1ltal\u00e1nos iskolai tanulm\u00e1nyaimat k\u00f6vet\u0151en ker\u00fcltem az esztergomi Botty\u00e1n J\u00e1nos Finommechanikai \u00e9s M\u0171szeripari Szakk\u00f6z\u00e9piskol\u00e1ba, majd \u00e9retts\u00e9gi ut\u00e1n a Budapesti M\u0171szaki Egyetem Villamosm\u00e9rn\u00f6ki kar\u00e1n diplom\u00e1ztam, ahol k\u00e9s\u0151bb m\u00e9rn\u00f6k tov\u00e1bbk\u00e9pz\u00e9sen, valamint folyamatir\u00e1ny\u00edt\u00e1si szakm\u00e9rn\u00f6k-k\u00e9pz\u00e9sen vettem r\u00e9szt.<\/p>\n<p><!--more--><\/p>\n<p>K\u00f6zel t\u00edz \u00e9ven kereszt\u00fcl vezettem az Oroszl\u00e1nyi Szolg\u00e1ltat\u00f3 Zrt-t. A t\u00e1rsas\u00e1g ez id\u0151 alatt p\u00e1r t\u00edzmilli\u00f3s kis c\u00e9gb\u0151l t\u00f6bbmilli\u00e1rdos v\u00e1llalat lett. Tev\u00e9kenys\u00e9g\u00fcnket olyan nagyberuh\u00e1z\u00e1sok jelzik, mint a szennyv\u00edztelep rekonstrukci\u00f3ja, az Iskola \u00fati \u00e9p\u00fclet, valamint a Szakrendel\u0151 teljes fel\u00faj\u00edt\u00e1sa, a T\u00f3part \u00fati lak\u00f3park \u00e9p\u00edt\u00e9se, a v\u00e1ros int\u00e9zm\u00e9nyeinek energetikai fel\u00faj\u00edt\u00e1sa, az uszoda rekonstrukci\u00f3ja, vagy a v\u00e1rosi t\u00e1vh\u0151rendszer szolg\u00e1ltat\u00f3i sz\u00e9tv\u00e1laszt\u00e1sa.<\/p>\n<p>2014-ben az oroszl\u00e1nyiak bizalm\u00e1b\u00f3l nyertem el a polg\u00e1rmester szolg\u00e1latot. Nem tiszts\u00e9get, hanem szolg\u00e1latot, mert meggy\u0151z\u0151d\u00e9sem: a telep\u00fcl\u00e9s vezet\u0151j\u00e9nek mindenkit egyform\u00e1n kell szolg\u00e1lnia, legyen az illet\u0151 b\u00e1rmilyen n\u00e9zet\u0171, vagy be\u00e1ll\u00edtotts\u00e1g\u00fa.<\/p>\n<p>Azt gondolom, az elm\u00falt \u00f6t \u00e9v bizony\u00edtotta, hogy egy j\u00f3 csapattal a h\u00e1tam m\u00f6g\u00f6tt siker\u00fclt \u00e9lhet\u0151bb\u00e9, biztons\u00e1gosabb\u00e1, szebb\u00e9 tenni Oroszl\u00e1nyt. Gondoljon csak a posta m\u00f6g\u00f6tti ter\u00fclet rehabilit\u00e1ci\u00f3j\u00e1ra, az \u00f3vod\u00e1k komplex fejleszt\u00e9s\u00e9re, az \u00fat \u00e9s j\u00e1rdafel\u00faj\u00edt\u00e1si programra, a B\u00e1ny\u00e1szati M\u00fazeum attrakci\u00f3fejleszt\u00e9s\u00e9re, a Sportcsarnok beruh\u00e1z\u00e1sra, N\u00e9pek bar\u00e1ts\u00e1ga utca-Irinyi J. utca tengely\u00e9ben l\u00e9v\u0151 ter\u00fcletek rehabilit\u00e1ci\u00f3j\u00e1ra, vagy a Pet\u0151fi udvari \u00e9p\u00fcletek korszer\u0171s\u00edt\u00e9s\u00e9re \u2013 hogy csak p\u00e1r p\u00e9ld\u00e1t eml\u00edtsek.<br \/>\nA 2014-2019-es \u00f6nkorm\u00e1nyzati ciklus v\u00e9g\u00e9hez k\u00f6zeled\u00fcnk. Azt gondolom mindannyian egy jobb, otthonosabb \u00e9let rem\u00e9ny\u00e9ben v\u00e1gtunk neki a most v\u00e9get \u00e9r\u0151 id\u0151szaknak 2014-ben. Azt akartuk, hogy magunk \u00e9s ut\u00f3daink b\u00fcszk\u00e9k legyenek Oroszl\u00e1nyra, az \u00f6sszes itt \u00e9l\u0151 polg\u00e1rra.<\/p>\n<p>Azt szokt\u00e1k mondani: az ember akkor van j\u00f3 helyen, hogyha valami haszna van. Szeretn\u00e9m hinni, hogy az elm\u00falt \u00f6t \u00e9vben a haszn\u00e1ra v\u00e1ltam Oroszl\u00e1ny k\u00f6z\u00f6ss\u00e9g\u00e9nek. Alapos v\u00e1rosir\u00e1ny\u00edt\u00e1si \u00e9s k\u00f6zigazgat\u00e1si tapasztalatra tettem szert, \u00e9s rem\u00e9nyeim szerint folytathatom csapatommal a megkezdett munk\u00e1t. Nem a baloldali, vagy a jobboldali \u00e9rzelm\u0171eknek kedvezve, hanem mindenki boldogul\u00e1s\u00e1ra!<\/p>\n<p>Ez\u00e9rt k\u00e9rem, hogy t\u00e1mogasson szavazat\u00e1val engem, \u00e9s az OLPK k\u00e9pvisel\u0151-jel\u00f6ltjeit.<\/p>\n<p>Laz\u00f3k Zolt\u00e1n<br \/>\npolg\u00e1rmester jel\u00f6lt<\/p>\n","protected":false},"excerpt":{"rendered":"<p>Tisztelt V\u00e1laszt\u00f3polg\u00e1r! Oroszl\u00e1nyi sz\u00fclet\u00e9s\u0171 vagyok. Ez az a v\u00e1ros, ahol feln\u0151ttem, ahol megkezdtem tanulm\u00e1nyaimat, ahol csal\u00e1dot alap\u00edtottam, v\u00e1llalkoztam, dolgoztam, \u00e9s ez a telep\u00fcl\u00e9s az otthonom ma is. \u00c1ltal\u00e1nos iskolai tanulm\u00e1nyaimat k\u00f6vet\u0151en ker\u00fcltem az esztergomi Botty\u00e1n J\u00e1nos Finommechanikai \u00e9s M\u0171szeripari Szakk\u00f6z\u00e9piskol\u00e1ba, &hellip; <a href=\"https:\/\/www.mszporoszlany.hu\/?p=2885\">Egy kattint\u00e1s ide a folytat\u00e1shoz&#8230;. <span class=\"meta-nav\">&rarr;<\/span><\/a><\/p>\n","protected":false},"author":35,"featured_media":0,"comment_status":"closed","ping_status":"closed","sticky":false,"template":"","format":"standard","meta":{"footnotes":""},"categories":[1],"tags":[],"class_list":["post-2885","post","type-post","status-publish","format-standard","hentry","category-egyeb"],"_links":{"self":[{"href":"https:\/\/www.mszporoszlany.hu\/index.php?rest_route=\/wp\/v2\/posts\/2885","targetHints":{"allow":["GET"]}}],"collection":[{"href":"https:\/\/www.mszporoszlany.hu\/index.php?rest_route=\/wp\/v2\/posts"}],"about":[{"href":"https:\/\/www.mszporoszlany.hu\/index.php?rest_route=\/wp\/v2\/types\/post"}],"author":[{"embeddable":true,"href":"https:\/\/www.mszporoszlany.hu\/index.php?rest_route=\/wp\/v2\/users\/35"}],"replies":[{"embeddable":true,"href":"https:\/\/www.mszporoszlany.hu\/index.php?rest_route=%2Fwp%2Fv2%2Fcomments&post=2885"}],"version-history":[{"count":0,"href":"https:\/\/www.mszporoszlany.hu\/index.php?rest_route=\/wp\/v2\/posts\/2885\/revisions"}],"wp:attachment":[{"href":"https:\/\/www.mszporoszlany.hu\/index.php?rest_route=%2Fwp%2Fv2%2Fmedia&parent=2885"}],"wp:term":[{"taxonomy":"category","embeddable":true,"href":"https:\/\/www.mszporoszlany.hu\/index.php?rest_route=%2Fwp%2Fv2%2Fcategories&post=2885"},{"taxonomy":"post_tag","embeddable":true,"href":"https:\/\/www.mszporoszlany.hu\/index.php?rest_route=%2Fwp%2Fv2%2Ftags&post=2885"}],"curies":[{"name":"wp","href":"https:\/\/api.w.org\/{rel}","templated":true}]}}