{"id":2889,"date":"2019-08-23T20:43:50","date_gmt":"2019-08-23T19:43:50","guid":{"rendered":"http:\/\/www.mszporoszlany.hu\/?p=2889"},"modified":"2019-08-23T20:54:45","modified_gmt":"2019-08-23T19:54:45","slug":"szekely-antal-kepviselo-jelolt-2-vk","status":"publish","type":"post","link":"https:\/\/www.mszporoszlany.hu\/?p=2889","title":{"rendered":"Sz\u00e9kely Antal &#8211; k\u00e9pvisel\u0151-jel\u00f6lt (2. VK.)"},"content":{"rendered":"<p>Tisztelt V\u00e1laszt\u00f3polg\u00e1r!<\/p>\n<p><a href=\"https:\/\/www.mszporoszlany.hu\/wp-content\/uploads\/2019\/08\/OLPK-Szekely.png\" rel=\"lightbox[2889]\"><img loading=\"lazy\" decoding=\"async\" class=\"alignright wp-image-2890\" src=\"https:\/\/www.mszporoszlany.hu\/wp-content\/uploads\/2019\/08\/OLPK-Szekely.png\" alt=\"Sz\u00e9kely Antal\" width=\"140\" height=\"200\" srcset=\"https:\/\/www.mszporoszlany.hu\/wp-content\/uploads\/2019\/08\/OLPK-Szekely.png 420w, https:\/\/www.mszporoszlany.hu\/wp-content\/uploads\/2019\/08\/OLPK-Szekely-168x240.png 168w, https:\/\/www.mszporoszlany.hu\/wp-content\/uploads\/2019\/08\/OLPK-Szekely-315x450.png 315w\" sizes=\"auto, (max-width: 140px) 100vw, 140px\" \/><\/a><\/p>\n<p>Sz\u00e9kely Antal vagyok, nyugd\u00edjas magyar-t\u00f6rt\u00e9nelem szakos tan\u00e1r. 1952, azaz sz\u00fclet\u00e9sem \u00f3ta \u00e9lek Oroszl\u00e1nyon, ahol az \u00e1ltal\u00e1nos iskol\u00e1t \u00e9s a gimn\u00e1ziumot is v\u00e9geztem. Feles\u00e9gem nyugd\u00edjas pedag\u00f3gus, \u0151 is Oroszl\u00e1nyon tan\u00edtott. Fiam is tan\u00e1r, \u0151 Gy\u0151rben \u00e9l csal\u00e1dj\u00e1val, feles\u00e9ge orvos. Egy h\u00e9t \u00e9ves le\u00e1ny unok\u00e1m van.<\/p>\n<p>A tan\u00e1rk\u00e9pz\u0151 f\u0151iskol\u00e1t Egerben v\u00e9geztem el 1984-ben magyar-t\u00f6rt\u00e9nelem szakon. Az egyetemi diplom\u00e1t a P\u00e1zm\u00e1ny P\u00e9ter Katolikus Egyetemen kaptam magyar kieg\u00e9sz\u00edt\u0151 szakon, \u00e9s a Budapesti M\u0171szaki Egyetem k\u00f6zoktat\u00e1s vezet\u0151 szak\u00e1n k\u00f6zoktat\u00e1s vezet\u0151i diplom\u00e1t is szereztem. 1985-t\u0151l tan\u00edtottam a helyi E\u00f6tv\u00f6s Lor\u00e1nd szakk\u00e9pz\u0151 iskol\u00e1ban, ahol 1987-2011-ig igazgat\u00f3helyettes voltam.<\/p>\n<p><!--more--><\/p>\n<p>Az \u00f6nkorm\u00e1nyzati munk\u00e1ban 1994-t\u0151l veszek r\u00e9szt, 1994-1998-ig polg\u00e1rmesterk\u00e9nt, 2002-2010-ig alpolg\u00e1rmesterk\u00e9nt, jelenleg telep\u00fcl\u00e9si k\u00e9pvisel\u0151k\u00e9nt, ill. 2015-t\u0151l a M\u0171vel\u0151d\u00e9si, Oktat\u00e1si \u00e9s Sportbizotts\u00e1g eln\u00f6kek\u00e9n. Tagja vagyok a v\u00e1rosfejleszt\u00e9si, ill. a p\u00e9nz\u00fcgyi bizotts\u00e1gnak is. Az MSZP Oroszl\u00e1nyi Szervezet\u00e9nek 2002 \u00f3ta vagyok az eln\u00f6ke.<\/p>\n<p>Polg\u00e1rmesterk\u00e9nt r\u00e9szt vehettem az ipari parkunk \u00e9p\u00edt\u00e9s\u00e9ben, megb\u00edzat\u00e1som idej\u00e9n kaptuk meg az Ipari Park c\u00edmet. Az iparszerkezet \u00e1talak\u00edt\u00e1sa mellett az int\u00e9zm\u00e9nyek \u00f6n\u00e1ll\u00f3s\u00e1g\u00e1nak megteremt\u00e9se, a csatorn\u00e1z\u00e1s befejez\u00e9se, a g\u00e1z bevezet\u00e9se, a b\u00e1ny\u00e1szat ut\u00e1ni id\u0151szak neh\u00e9zs\u00e9gei jelentett\u00e9k a legnagyobb kih\u00edv\u00e1st. A v\u00e1ros programj\u00e1t az\u00f3ta is minden id\u0151szakban sikeresen teljes\u00edtett\u00fck.<\/p>\n<p>V\u00e1laszt\u00f3ker\u00fcletemben az elm\u00falt \u00f6t \u00e9vben \u00fajult meg a posta k\u00f6rny\u00e9ke, a Rosenberg utca, fel\u00e9p\u00fclt az \u00faj sportcsarnok. Jelenleg a N\u00e9pek bar\u00e1ts\u00e1ga \u00fat fel\u00faj\u00edt\u00e1sa, a D\u00f3zsa Gy\u00f6rgy \u00fat \u00e9s az Irinyi utca k\u00f6z\u00f6tti szakasz \u00e1t\u00e9p\u00edt\u00e9se, a k\u00f6rny\u00e9k rendez\u00e9se folyik. A r\u00e9gi Ady mozi elbont\u00e1s\u00e1val egy \u00faj t\u00e9r kialak\u00edt\u00e1sa v\u00e1lt lehet\u0151v\u00e9. A B\u00e9ke sz\u00e1ll\u00f3 \u00e1talak\u00edt\u00e1s\u00e1val, az Arany J\u00e1nos iskola j\u00e1r\u00e1si \u00e9s korm\u00e1nyzati k\u00f6zpontt\u00e1 v\u00e1l\u00e1s\u00e1val a k\u00f6rny\u00e9k \u00fajra a r\u00e9gi v\u00e1rosr\u00e9sz k\u00f6zpontja lett.<\/p>\n<p>V\u00e1rosvezet\u0151k\u00e9nt, k\u00e9pvisel\u0151k\u00e9nt arra t\u00f6rekedtem, \u00e9s a j\u00f6v\u0151ben is azt szeretn\u00e9m, hogy az \u00f6nkorm\u00e1nyzati munk\u00e1ban v\u00e1rospolitikai \u00e9s ne p\u00e1rtpolitikai d\u00f6nt\u00e9sek sz\u00fclessenek!<br \/>\nSzeretem a v\u00e1rosunkat. Hozzuk lend\u00fcletbe Oroszl\u00e1nyt!<\/p>\n<p>Sz\u00e9kely Antal<br \/>\nk\u00e9pvisel\u0151-jel\u00f6lt<\/p>\n","protected":false},"excerpt":{"rendered":"<p>Tisztelt V\u00e1laszt\u00f3polg\u00e1r! Sz\u00e9kely Antal vagyok, nyugd\u00edjas magyar-t\u00f6rt\u00e9nelem szakos tan\u00e1r. 1952, azaz sz\u00fclet\u00e9sem \u00f3ta \u00e9lek Oroszl\u00e1nyon, ahol az \u00e1ltal\u00e1nos iskol\u00e1t \u00e9s a gimn\u00e1ziumot is v\u00e9geztem. Feles\u00e9gem nyugd\u00edjas pedag\u00f3gus, \u0151 is Oroszl\u00e1nyon tan\u00edtott. Fiam is tan\u00e1r, \u0151 Gy\u0151rben \u00e9l csal\u00e1dj\u00e1val, feles\u00e9ge orvos. &hellip; <a href=\"https:\/\/www.mszporoszlany.hu\/?p=2889\">Egy kattint\u00e1s ide a folytat\u00e1shoz&#8230;. <span class=\"meta-nav\">&rarr;<\/span><\/a><\/p>\n","protected":false},"author":35,"featured_media":0,"comment_status":"closed","ping_status":"closed","sticky":false,"template":"","format":"standard","meta":{"footnotes":""},"categories":[1],"tags":[],"class_list":["post-2889","post","type-post","status-publish","format-standard","hentry","category-egyeb"],"_links":{"self":[{"href":"https:\/\/www.mszporoszlany.hu\/index.php?rest_route=\/wp\/v2\/posts\/2889","targetHints":{"allow":["GET"]}}],"collection":[{"href":"https:\/\/www.mszporoszlany.hu\/index.php?rest_route=\/wp\/v2\/posts"}],"about":[{"href":"https:\/\/www.mszporoszlany.hu\/index.php?rest_route=\/wp\/v2\/types\/post"}],"author":[{"embeddable":true,"href":"https:\/\/www.mszporoszlany.hu\/index.php?rest_route=\/wp\/v2\/users\/35"}],"replies":[{"embeddable":true,"href":"https:\/\/www.mszporoszlany.hu\/index.php?rest_route=%2Fwp%2Fv2%2Fcomments&post=2889"}],"version-history":[{"count":0,"href":"https:\/\/www.mszporoszlany.hu\/index.php?rest_route=\/wp\/v2\/posts\/2889\/revisions"}],"wp:attachment":[{"href":"https:\/\/www.mszporoszlany.hu\/index.php?rest_route=%2Fwp%2Fv2%2Fmedia&parent=2889"}],"wp:term":[{"taxonomy":"category","embeddable":true,"href":"https:\/\/www.mszporoszlany.hu\/index.php?rest_route=%2Fwp%2Fv2%2Fcategories&post=2889"},{"taxonomy":"post_tag","embeddable":true,"href":"https:\/\/www.mszporoszlany.hu\/index.php?rest_route=%2Fwp%2Fv2%2Ftags&post=2889"}],"curies":[{"name":"wp","href":"https:\/\/api.w.org\/{rel}","templated":true}]}}