{"id":2893,"date":"2019-08-23T21:37:58","date_gmt":"2019-08-23T20:37:58","guid":{"rendered":"http:\/\/www.mszporoszlany.hu\/?p=2893"},"modified":"2019-08-23T21:39:59","modified_gmt":"2019-08-23T20:39:59","slug":"rajnai-gabor-kepviselo-jelolt-5-vk","status":"publish","type":"post","link":"https:\/\/www.mszporoszlany.hu\/?p=2893","title":{"rendered":"Rajnai G\u00e1bor &#8211; k\u00e9pvisel\u0151-jel\u00f6lt (5. VK.)"},"content":{"rendered":"<p>Tisztelt V\u00e1laszt\u00f3polg\u00e1r!<\/p>\n<p><a href=\"https:\/\/www.mszporoszlany.hu\/wp-content\/uploads\/2019\/08\/OLPK-Rajnai.png\" rel=\"lightbox[2893]\"><img loading=\"lazy\" decoding=\"async\" class=\"alignright wp-image-2894\" src=\"https:\/\/www.mszporoszlany.hu\/wp-content\/uploads\/2019\/08\/OLPK-Rajnai.png\" alt=\"Rajnai G\u00e1bor\" width=\"140\" height=\"200\" srcset=\"https:\/\/www.mszporoszlany.hu\/wp-content\/uploads\/2019\/08\/OLPK-Rajnai.png 420w, https:\/\/www.mszporoszlany.hu\/wp-content\/uploads\/2019\/08\/OLPK-Rajnai-168x240.png 168w, https:\/\/www.mszporoszlany.hu\/wp-content\/uploads\/2019\/08\/OLPK-Rajnai-315x450.png 315w\" sizes=\"auto, (max-width: 140px) 100vw, 140px\" \/><\/a><\/p>\n<p>Oroszl\u00e1nyban n\u0151ttem fel. Itt \u00e9retts\u00e9giztem az E\u00f6tv\u00f6s Lor\u00e1nd M\u0171szaki K\u00f6z\u00e9piskol\u00e1ban. 1974-t\u0151l ebben az int\u00e9zm\u00e9nyben dolgoztam oktat\u00f3k\u00e9nt, oktat\u00e1svezet\u0151k\u00e9nt, tan\u00e1rk\u00e9nt, m\u0171szaki igazgat\u00f3helyettesk\u00e9nt. Fels\u0151fok\u00fa tanulm\u00e1nyaimat \u2013 munka mellett \u2013 Gy\u0151rben, \u00e9s a Budapesti M\u0171szaki Egyetemen v\u00e9geztem. Fiatalok gener\u00e1ci\u00f3inak adhattam \u00e1t tud\u00e1somat az elm\u00falt \u00e9vtizedekben, akiknek a szakmai tapasztalat mellett mindig pr\u00f3b\u00e1ltam embers\u00e9gb\u0151l, tisztess\u00e9gb\u0151l is \u00fatraval\u00f3t adni.<\/p>\n<p>K\u00f6zel 40 \u00e9ve veszek r\u00e9szt a k\u00f6z\u00e9letben, \u00e9s szinte mindenkit ismerek k\u00f6rzetemben, hiszen ugyanabban a t\u00f6mblak\u00e1sban \u00e9lek feles\u00e9gemmel a T\u00e1ncsics udvarban, ahol p\u00e1ly\u00e1m is kibontakozott. 1994-2002. k\u00f6z\u00f6tti id\u0151szakban alpolg\u00e1rmesterk\u00e9nt szolg\u00e1ltam Oroszl\u00e1nyt, majd 2002-2010. k\u00f6z\u00f6tt a v\u00e1laszt\u00f3k bizalm\u00e1b\u00f3l k\u00e9t cikluson \u00e1t polg\u00e1rmesterk\u00e9nt ir\u00e1ny\u00edthattam a v\u00e1rost.<\/p>\n<p><!--more--><\/p>\n<p>Olyan beruh\u00e1z\u00e1sok, projektek megval\u00f3s\u00edt\u00e1s\u00e1ban vettem r\u00e9szt t\u00f6bbek k\u00f6z\u00f6tt, mint az orsz\u00e1gban els\u0151k\u00e9nt \u00fczembe \u00e1llt modern kommun\u00e1lis szennyv\u00edztiszt\u00edt\u00f3, a gy\u00f6ny\u00f6r\u0171en meg\u00fajult f\u0151t\u00e9r, az \u00fajj\u00e1var\u00e1zsolt uszod\u00e1nk, de \u00f6nkorm\u00e1nyzatunkkal egy\u00fcttm\u0171k\u00f6dve komoly szerepem volt a SPAR \u00e9s a TESCO \u00e1ruh\u00e1zak idecs\u00e1b\u00edt\u00e1s\u00e1ban is.<br \/>\n2010 okt\u00f3ber\u00e9ben telep\u00fcl\u00e9si k\u00e9pvisel\u0151v\u00e9 v\u00e1lasztottak, 2014. \u00f3ta pedig alpolg\u00e1rmesterk\u00e9nt szolg\u00e1lom k\u00f6rzetemet \u00e9s telep\u00fcl\u00e9semet. Ez id\u0151 alatt utak, j\u00e1rd\u00e1k \u00fajultak meg k\u00f6rzetemben, parkol\u00f3k sokas\u00e1ga \u00e9p\u00fclt a D\u00f3zsa Gy\u00f6rgy \u00faton, az \u00c1prilis \u00e9s a B\u00e1nki Don\u00e1t utc\u00e1kban r\u00e9szben \u00f6nkorm\u00e1nyzati forr\u00e1sb\u00f3l, r\u00e9szben k\u00e9pvisel\u0151i keretem felhaszn\u00e1l\u00e1s\u00e1val.<\/p>\n<p>K\u00f6sz\u00f6n\u00f6m V\u00e1laszt\u00f3imnak az eddigi bizalmat, \u00e9s a v\u00e1ros\u00e9rt tett munk\u00e1lkod\u00e1somat m\u00e9rlegre t\u00e9ve, k\u00e9rem t\u00e1mogass\u00e1k megv\u00e1laszt\u00e1somat, valamint k\u00e9rem, hogy szavazataikkal seg\u00edts\u00e9k Laz\u00f3k Zolt\u00e1n polg\u00e1rmesteri jel\u00f6l\u00e9s\u00e9t, akivel sok-sok \u00e9ve sikeresen \u00e9s eredm\u00e9nyesen dolgozom egy\u00fctt.<\/p>\n<p>Rajnai G\u00e1bor<br \/>\nk\u00e9pvisel\u0151-jel\u00f6lt<\/p>\n","protected":false},"excerpt":{"rendered":"<p>Tisztelt V\u00e1laszt\u00f3polg\u00e1r! Oroszl\u00e1nyban n\u0151ttem fel. Itt \u00e9retts\u00e9giztem az E\u00f6tv\u00f6s Lor\u00e1nd M\u0171szaki K\u00f6z\u00e9piskol\u00e1ban. 1974-t\u0151l ebben az int\u00e9zm\u00e9nyben dolgoztam oktat\u00f3k\u00e9nt, oktat\u00e1svezet\u0151k\u00e9nt, tan\u00e1rk\u00e9nt, m\u0171szaki igazgat\u00f3helyettesk\u00e9nt. Fels\u0151fok\u00fa tanulm\u00e1nyaimat \u2013 munka mellett \u2013 Gy\u0151rben, \u00e9s a Budapesti M\u0171szaki Egyetemen v\u00e9geztem. Fiatalok gener\u00e1ci\u00f3inak adhattam \u00e1t tud\u00e1somat &hellip; <a href=\"https:\/\/www.mszporoszlany.hu\/?p=2893\">Egy kattint\u00e1s ide a folytat\u00e1shoz&#8230;. <span class=\"meta-nav\">&rarr;<\/span><\/a><\/p>\n","protected":false},"author":35,"featured_media":0,"comment_status":"closed","ping_status":"closed","sticky":false,"template":"","format":"standard","meta":{"footnotes":""},"categories":[1],"tags":[],"class_list":["post-2893","post","type-post","status-publish","format-standard","hentry","category-egyeb"],"_links":{"self":[{"href":"https:\/\/www.mszporoszlany.hu\/index.php?rest_route=\/wp\/v2\/posts\/2893","targetHints":{"allow":["GET"]}}],"collection":[{"href":"https:\/\/www.mszporoszlany.hu\/index.php?rest_route=\/wp\/v2\/posts"}],"about":[{"href":"https:\/\/www.mszporoszlany.hu\/index.php?rest_route=\/wp\/v2\/types\/post"}],"author":[{"embeddable":true,"href":"https:\/\/www.mszporoszlany.hu\/index.php?rest_route=\/wp\/v2\/users\/35"}],"replies":[{"embeddable":true,"href":"https:\/\/www.mszporoszlany.hu\/index.php?rest_route=%2Fwp%2Fv2%2Fcomments&post=2893"}],"version-history":[{"count":0,"href":"https:\/\/www.mszporoszlany.hu\/index.php?rest_route=\/wp\/v2\/posts\/2893\/revisions"}],"wp:attachment":[{"href":"https:\/\/www.mszporoszlany.hu\/index.php?rest_route=%2Fwp%2Fv2%2Fmedia&parent=2893"}],"wp:term":[{"taxonomy":"category","embeddable":true,"href":"https:\/\/www.mszporoszlany.hu\/index.php?rest_route=%2Fwp%2Fv2%2Fcategories&post=2893"},{"taxonomy":"post_tag","embeddable":true,"href":"https:\/\/www.mszporoszlany.hu\/index.php?rest_route=%2Fwp%2Fv2%2Ftags&post=2893"}],"curies":[{"name":"wp","href":"https:\/\/api.w.org\/{rel}","templated":true}]}}