{"id":2898,"date":"2019-08-23T21:43:46","date_gmt":"2019-08-23T20:43:46","guid":{"rendered":"http:\/\/www.mszporoszlany.hu\/?p=2898"},"modified":"2019-08-23T21:49:28","modified_gmt":"2019-08-23T20:49:28","slug":"solyom-joran-kepviselo-jelolt-7-vk","status":"publish","type":"post","link":"https:\/\/www.mszporoszlany.hu\/?p=2898","title":{"rendered":"S\u00f3lyom J\u00f6ran &#8211; k\u00e9pvisel\u0151-jel\u00f6lt (7. VK.)"},"content":{"rendered":"<p>Tisztelt V\u00e1laszt\u00f3polg\u00e1r!<\/p>\n<p><a href=\"https:\/\/www.mszporoszlany.hu\/wp-content\/uploads\/2019\/08\/OLPK-Solyom.png\" rel=\"lightbox[2898]\"><img loading=\"lazy\" decoding=\"async\" class=\"alignright wp-image-2899\" src=\"https:\/\/www.mszporoszlany.hu\/wp-content\/uploads\/2019\/08\/OLPK-Solyom.png\" alt=\"S\u00f3lyom J\u00f6ran\" width=\"140\" height=\"200\" srcset=\"https:\/\/www.mszporoszlany.hu\/wp-content\/uploads\/2019\/08\/OLPK-Solyom.png 420w, https:\/\/www.mszporoszlany.hu\/wp-content\/uploads\/2019\/08\/OLPK-Solyom-168x240.png 168w, https:\/\/www.mszporoszlany.hu\/wp-content\/uploads\/2019\/08\/OLPK-Solyom-315x450.png 315w\" sizes=\"auto, (max-width: 140px) 100vw, 140px\" \/><\/a><\/p>\n<p>1963-ban sz\u00fclettem Oroszl\u00e1nyon. A f\u0151iskol\u00e1s \u00e9vek ut\u00e1n itt alap\u00edtottam csal\u00e1dot \u00e9s jelenleg is itt \u00e9lek. Egy le\u00e1nygyermekem van, had- \u00e9s biztons\u00e1gtechnikai m\u00e9rn\u00f6kk\u00e9nt v\u00e9gzett. Feles\u00e9gem k\u00e9pes\u00edtett k\u00f6nyvel\u0151, jelenleg mindh\u00e1rman a csal\u00e1d t\u00e1rsas v\u00e1llalkoz\u00e1s\u00e1ban dolgozunk.<\/p>\n<p>1982-ben \u00e9retts\u00e9giztem \u00e9s v\u00e9geztem, mint g\u00e9pi forg\u00e1csol\u00f3 (eszterg\u00e1lyos). 1987-ben Budapesten kaptam \u00e1ltal\u00e1nos g\u00e9p\u00e9sz \u00fczemm\u00e9rn\u00f6ki, illetve m\u0171szaki tan\u00e1ri diplom\u00e1t, 1997-ben pedig k\u00f6zgazdas\u00e1gi szakokleveles m\u00e9rn\u00f6k diplom\u00e1t v\u00e1llalkoz\u00e1si szakon. 2009-ben munka mellett a Budapesti M\u0171szaki Egyetemen k\u00f6zoktat\u00e1s vezet\u0151, illetve szakvizsg\u00e1zott pedag\u00f3gus diplom\u00e1t szereztem.<\/p>\n<p><!--more--><\/p>\n<p>1987 \u00e9s 2002 k\u00f6z\u00f6tt informatikai ter\u00fcleten dolgoztam. El\u0151sz\u00f6r az Oroszl\u00e1nyi Sz\u00e9nb\u00e1ny\u00e1k V\u00e1llalat sz\u00e1m\u00edt\u00e1stechnikai oszt\u00e1ly\u00e1n, majd az Oroszl\u00e1nyi Er\u0151m\u0171 szoftverfejleszt\u00e9si, a Tatab\u00e1nyai Energetika Kft informatikai v\u00e9g\u00fcl a V\u00e9rtesi Er\u0151m\u0171 Zrt. informatikai-fejleszt\u00e9si vezet\u0151jek\u00e9nt.<br \/>\n2002-t\u0151l kezdve f\u0151\u00e1ll\u00e1s\u00fa m\u0171szaki tan\u00e1rk\u00e9nt tev\u00e9kenykedtem a v\u00e1ros k\u00f6z\u00e9pfok\u00fa iskol\u00e1j\u00e1ban, ahol informatikai, v\u00e1llalkoz\u00e1si \u00e9s m\u0171szaki ismereteket oktattam. 2017 \u0151sz\u00e9t\u0151l minden iskolarendszer\u0171 oktat\u00e1ssal kapcsolatos tev\u00e9kenys\u00e9gemet megsz\u00fcntettem. Az\u00f3ta csak mag\u00e1n\u00f3r\u00e1kat adok informatika, m\u0171szaki ismeretek \u00e9s matematika t\u00e9mak\u00f6r\u00f6kben.<\/p>\n<p>1992 \u00f3ta dolgozom a v\u00e1llalkoz\u00f3i szf\u00e9r\u00e1ban, csal\u00e1di v\u00e1llalkoz\u00e1sunkban is az informatik\u00e1hoz \u00e9s oktat\u00e1shoz kapcsol\u00f3d\u00f3 szolg\u00e1ltat\u00e1sokat ny\u00fajtok kis- \u00e9s k\u00f6z\u00e9pv\u00e1llalkoz\u00e1sok, mag\u00e1nszem\u00e9lyek r\u00e9sz\u00e9re, valamint ingatlankezel\u00e9ssel foglalkozunk.<\/p>\n<p>T\u00e1rsadalmi megb\u00edzat\u00e1saimat 1998-t\u00f3l kezdve t\u00f6bb szervezetben is ell\u00e1ttam. Vezettem a v\u00e1ros gazdas\u00e1g- \u00e9s t\u00e9rs\u00e9gfejleszt\u0151 t\u00e1rsas\u00e1g\u00e1t, ahol p\u00e1ly\u00e1zatok kezel\u00e9s\u00e9t, v\u00e1llalkoz\u00e1sokkal, civilszervezetekkel \u00e9s a t\u00e9rs\u00e9g telep\u00fcl\u00e9seivel val\u00f3 kapcsolattart\u00e1st \u00e9s egy\u00fcttm\u0171k\u00f6d\u00e9st koordin\u00e1ltam. Tagja voltam a V\u00e9rtesi Er\u0151m\u0171 Zrt. fel\u00fcgyel\u0151 bizotts\u00e1g\u00e1nak, illetve vezet\u0151s\u00e9gi tagja voltam a t\u00e9rs\u00e9g civilszervezeteit \u00f6sszefog\u00f3 helyi egyes\u00fcletnek.<\/p>\n<p>2014 okt\u00f3ber\u00e9t\u0151l vagyok telep\u00fcl\u00e9si k\u00e9pvisel\u0151. Jelenleg az \u00f6nkorm\u00e1nyzat V\u00e1rosfejleszt\u00e9si \u00e9s K\u00f6rnyezetv\u00e9delmi Bizotts\u00e1g\u00e1nak eln\u00f6ki \u00e9s a P\u00e9nz\u00fcgyi Bizotts\u00e1g tan\u00e1csnoki tiszts\u00e9g\u00e9t t\u00f6lt\u00f6m be. Ebb\u00e9li tiszts\u00e9gemben is azon dolgozom, hogy Oroszl\u00e1ny min\u00e9l \u00e9lhet\u0151bb \u00e9s v\u00e1llalkoz\u00f3-bar\u00e1tabb telep\u00fcl\u00e9ss\u00e9 v\u00e1ljon.<\/p>\n<p>S\u00f3lyom J\u00f6ran<br \/>\nk\u00e9pvisel\u0151-jel\u00f6lt<\/p>\n","protected":false},"excerpt":{"rendered":"<p>Tisztelt V\u00e1laszt\u00f3polg\u00e1r! 1963-ban sz\u00fclettem Oroszl\u00e1nyon. A f\u0151iskol\u00e1s \u00e9vek ut\u00e1n itt alap\u00edtottam csal\u00e1dot \u00e9s jelenleg is itt \u00e9lek. Egy le\u00e1nygyermekem van, had- \u00e9s biztons\u00e1gtechnikai m\u00e9rn\u00f6kk\u00e9nt v\u00e9gzett. Feles\u00e9gem k\u00e9pes\u00edtett k\u00f6nyvel\u0151, jelenleg mindh\u00e1rman a csal\u00e1d t\u00e1rsas v\u00e1llalkoz\u00e1s\u00e1ban dolgozunk. 1982-ben \u00e9retts\u00e9giztem \u00e9s v\u00e9geztem, mint &hellip; <a href=\"https:\/\/www.mszporoszlany.hu\/?p=2898\">Egy kattint\u00e1s ide a folytat\u00e1shoz&#8230;. <span class=\"meta-nav\">&rarr;<\/span><\/a><\/p>\n","protected":false},"author":35,"featured_media":0,"comment_status":"closed","ping_status":"closed","sticky":false,"template":"","format":"standard","meta":{"footnotes":""},"categories":[1],"tags":[],"class_list":["post-2898","post","type-post","status-publish","format-standard","hentry","category-egyeb"],"_links":{"self":[{"href":"https:\/\/www.mszporoszlany.hu\/index.php?rest_route=\/wp\/v2\/posts\/2898","targetHints":{"allow":["GET"]}}],"collection":[{"href":"https:\/\/www.mszporoszlany.hu\/index.php?rest_route=\/wp\/v2\/posts"}],"about":[{"href":"https:\/\/www.mszporoszlany.hu\/index.php?rest_route=\/wp\/v2\/types\/post"}],"author":[{"embeddable":true,"href":"https:\/\/www.mszporoszlany.hu\/index.php?rest_route=\/wp\/v2\/users\/35"}],"replies":[{"embeddable":true,"href":"https:\/\/www.mszporoszlany.hu\/index.php?rest_route=%2Fwp%2Fv2%2Fcomments&post=2898"}],"version-history":[{"count":1,"href":"https:\/\/www.mszporoszlany.hu\/index.php?rest_route=\/wp\/v2\/posts\/2898\/revisions"}],"predecessor-version":[{"id":3001,"href":"https:\/\/www.mszporoszlany.hu\/index.php?rest_route=\/wp\/v2\/posts\/2898\/revisions\/3001"}],"wp:attachment":[{"href":"https:\/\/www.mszporoszlany.hu\/index.php?rest_route=%2Fwp%2Fv2%2Fmedia&parent=2898"}],"wp:term":[{"taxonomy":"category","embeddable":true,"href":"https:\/\/www.mszporoszlany.hu\/index.php?rest_route=%2Fwp%2Fv2%2Fcategories&post=2898"},{"taxonomy":"post_tag","embeddable":true,"href":"https:\/\/www.mszporoszlany.hu\/index.php?rest_route=%2Fwp%2Fv2%2Ftags&post=2898"}],"curies":[{"name":"wp","href":"https:\/\/api.w.org\/{rel}","templated":true}]}}