{"id":2939,"date":"2019-10-12T21:43:52","date_gmt":"2019-10-12T20:43:52","guid":{"rendered":"http:\/\/www.mszporoszlany.hu\/?p=2939"},"modified":"2019-10-12T21:43:52","modified_gmt":"2019-10-12T20:43:52","slug":"fuggetlenseg-napja","status":"publish","type":"post","link":"https:\/\/www.mszporoszlany.hu\/?p=2939","title":{"rendered":"&#8222;F\u00fcggetlens\u00e9g napja&#8221;"},"content":{"rendered":"<p>Nagy napra k\u00e9sz\u00fcl\u00fcnk. Okt\u00f3ber 13.-\u00e1n helyhat\u00f3s\u00e1gi v\u00e1laszt\u00e1sok lesznek.<\/p>\n<p>A rendszerv\u00e1ltoz\u00e1s \u00f3ta \u2013 egyesek szerint visszarendez\u0151d\u00e9s, vagy visszat\u00e9r\u00e9s a gy\u00f6kerekhez, m\u00e1sok szerint semmi nem v\u00e1ltozott \u2013 sok mindent meg\u00e9lt\u00fcnk. V\u00e1ltozott a k\u00f6z\u00e9let, a k\u00f6zerk\u00f6lcs, a p\u00e1rtok, a kamp\u00e1ny, minden\u00fctt felfedezhet\u0151k n\u00e9mi m\u00f3dosul\u00e1sok, elt\u00e9r\u00e9sek, legink\u00e1bb divat lett a m\u00e1sk\u00e9pp \u00e9rtelmez\u00e9s. Hi\u00e1ba besz\u00e9l\u00fcnk egy nyelven, mintha nem ugyanazt mondan\u00e1nk. Sz\u00edvesebben ellenkez\u00fcnk, vessz\u00fck \u00e9szre a hib\u00e1kat, keress\u00fck a probl\u00e9m\u00e1kat, a negat\u00edvumokra kapjuk fel a fej\u00fcnket. A h\u00edrad\u00f3k j\u00f3form\u00e1n a horrorfilmek kateg\u00f3ri\u00e1j\u00e1ba ker\u00fcltek. Nem nevezz\u00fck nev\u00e9n a dolgainkat. Megy a sum\u00e1kol\u00e1s, a mell\u00e9besz\u00e9l\u00e9s, a k\u00f6d\u00f6s\u00edt\u00e9s, rosszabb esetben az igazmond\u00e1s mell\u0151z\u00e9se.<\/p>\n<p><!--more--><\/p>\n<p>Nincs ez m\u00e1sk\u00e9nt a v\u00e1laszt\u00e1s el\u0151tti kamp\u00e1nyokban sem, b\u00e1r minden alkalommal felvet\u0151dik a tiszta verseny, a fair-play, a k\u00f6z\u00f6s v\u00e1laszt\u00e1setikai k\u00f3dex gondolata. Nem siker\u00fcl, mert mindig vannak olyan r\u00e9sztvev\u0151k, akik sz\u00e1nd\u00e9kosan bele tudnak rond\u00edtani az \u00e9let\u00fcnkbe hol \u00e1rnyaltabban, hol durv\u00e1bban, hol \u00e1lszent, megt\u00e9veszt\u0151 fifik\u00e1val, hol j\u00f3tev\u0151k\u00e9nt felt\u00fcntetve magukat.<\/p>\n<p>Leg\u00e9rdekesebb ma m\u00e1r az, aki f\u00fcggetlenk\u00e9nt aposztrof\u00e1lja mag\u00e1t, mit\u0151l f\u00fcggetlen? \u2013 tehetj\u00fck fel a k\u00e9rd\u00e9st. Legink\u00e1bb a n\u00e9ven nevezett p\u00e1rtokt\u00f3l, szervez\u0151d\u00e9sekt\u0151l vagy \u2013 sejthet\u0151en \u2013 az elm\u00falt \u00e9vekben elk\u00f6vetett b\u0171n\u00f6kt\u0151l, hib\u00e1kt\u00f3l, t\u00e9ved\u00e9sekt\u0151l, a szavaz\u00f3k \u00e1ltal v\u00e9lhet\u0151en nem d\u00edjazott gyakorlatt\u00f3l, eszm\u00e9kt\u0151l. Igen, de akkor megv\u00e1laszt\u00e1suk eset\u00e9n mire sz\u00e1m\u00edthatunk? Hihet\u0151-e a f\u00fcggetlens\u00e9g\u00fck akkor, amikor kor\u00e1ban az\u00e9rt tartoztak valahova, esetleg t\u00f6bbsz\u00f6r v\u00e1ltottak sz\u00ednt, t\u00f6bb politikus oldal\u00e1n is megjelentek.<\/p>\n<p>Vannak, akik ugyanazon n\u00e9ven semmit nem mondanak, esetleg \u00e1ltal\u00e1noss\u00e1gokat, k\u00f6d\u00f6s \u00edg\u00e9reteket. M\u00e1sok \u00faj n\u00e9ven \u00faj tervekkel \u00e1llnak el\u0151. Az a j\u00f3, ha a j\u00f6v\u0151nkr\u0151l alkotott elk\u00e9pzel\u00e9sek hihet\u0151k, re\u00e1lisak \u00e9s nem elrugaszkodottak a val\u00f3s\u00e1gt\u00f3l. Ha az el\u0151t\u00e1rt programon l\u00e1tszik a helyes helyzetmeg\u00edt\u00e9l\u00e9s, a szak\u00e9rtelem, a hozz\u00e1\u00e9rt\u00e9s, hogy a sz\u00e1nd\u00e9kolt tennival\u00f3k nem idegenek a gr\u00e9mium \u00e1ltal k\u00e9pviselt, a k\u00f6znek hasznos \u00e9s a k\u00f6z\u00e9rdeket szolg\u00e1l\u00f3 eszmeis\u00e9gt\u0151l. \u00c9s h\u00e1t a kor\u00e1bbi id\u0151szakban v\u00e9gzett tev\u00e9kenys\u00e9g valamennyire al\u00e1t\u00e1masztja a v\u00e1laszt\u00e1sok ut\u00e1n cselekv\u00e9sre v\u00e1lthat\u00f3 programpontokat, azok megval\u00f3s\u00edt\u00e1s\u00e1t. A f\u00fcggetlens\u00e9g a v\u00e1laszt\u00f3k megt\u00e9veszt\u00e9s\u00e9re tal\u00e1ltatott ki. A f\u00fcggetlens\u00e9g m\u00f6g\u00e9 b\u00e1rmit el lehet rejteni, pal\u00e1stolni lehet az igazi sz\u00e1nd\u00e9kokat.<\/p>\n<p>Leg\u00fajabb term\u00e9k\u00fcnk az &#8222;\u00f6sszefog\u00e1s&#8221;, amely pr\u00f3b\u00e1lja megtal\u00e1lni a szert a v\u00e1laszt\u00e1si t\u00f6rv\u00e9ny, gyakorlat turpiss\u00e1gaira, a jelenlegi hatalom b\u00e9k\u00e9s lev\u00e1lt\u00e1s\u00e1ra, a demokratikus rend vissza\u00e1ll\u00edt\u00e1s\u00e1ra legal\u00e1bb n\u00e9h\u00e1ny helyhat\u00f3s\u00e1g szintj\u00e9n, a helyi k\u00f6z\u00fcgyekben.<\/p>\n<p>Rem\u00e9nyeink szerint az \u00f6sszefog\u00e1s megmarad abban is, hogy a k\u00f6z\u00f6sen kialak\u00edtott c\u00e9lkit\u0171z\u00e9sek megval\u00f3s\u00edt\u00e1s\u00e1ban a r\u00e9sztvev\u0151k t\u00e1mogat\u00f3an vesznek r\u00e9szt \u00e9s senkinek nem jut esz\u00e9be, hogy azokt\u00f3l vagy a most \u00f6sszefog\u00e1sban r\u00e9sztvev\u0151kt\u0151l f\u00fcggetlens\u00e9get hirdessen. Mindny\u00e1junknak sokat kell tenn\u00fcnk az\u00e9rt, hogy a m\u00faltban fellelhet\u0151 &#8222;hib\u00e1k&#8221; ne ism\u00e9tl\u0151djenek, hogy egyre jobban \u00e9rezz\u00fck magunkat lak\u00f3hely\u00fcnk\u00f6n. Ne kelljen a j\u00f6v\u0151ben elhat\u00e1rol\u00f3dnunk, f\u00fcggetlens\u00e9get hirdetn\u00fcnk azokt\u00f3l a tettekt\u0151l, kimondott szavakt\u00f3l, int\u00e9zked\u00e9sekt\u0151l, amelyet elk\u00f6vett\u00fcnk.<\/p>\n<p>Kedves V\u00e1laszt\u00f3polg\u00e1rok! D\u00f6ntsetek felel\u0151sen, hogy egy ide ill\u0151 b\u00e1ny\u00e1sz jelsz\u00f3t id\u00e9zhessek:<\/p>\n<p>&#8222;HAD MENJEN A KAPAR\u00d3!&#8221;<\/p>\n","protected":false},"excerpt":{"rendered":"<p>Nagy napra k\u00e9sz\u00fcl\u00fcnk. Okt\u00f3ber 13.-\u00e1n helyhat\u00f3s\u00e1gi v\u00e1laszt\u00e1sok lesznek. A rendszerv\u00e1ltoz\u00e1s \u00f3ta \u2013 egyesek szerint visszarendez\u0151d\u00e9s, vagy visszat\u00e9r\u00e9s a gy\u00f6kerekhez, m\u00e1sok szerint semmi nem v\u00e1ltozott \u2013 sok mindent meg\u00e9lt\u00fcnk. V\u00e1ltozott a k\u00f6z\u00e9let, a k\u00f6zerk\u00f6lcs, a p\u00e1rtok, a kamp\u00e1ny, minden\u00fctt felfedezhet\u0151k n\u00e9mi &hellip; <a href=\"https:\/\/www.mszporoszlany.hu\/?p=2939\">Egy kattint\u00e1s ide a folytat\u00e1shoz&#8230;. <span class=\"meta-nav\">&rarr;<\/span><\/a><\/p>\n","protected":false},"author":35,"featured_media":0,"comment_status":"closed","ping_status":"closed","sticky":false,"template":"","format":"standard","meta":{"footnotes":""},"categories":[1],"tags":[],"class_list":["post-2939","post","type-post","status-publish","format-standard","hentry","category-egyeb"],"_links":{"self":[{"href":"https:\/\/www.mszporoszlany.hu\/index.php?rest_route=\/wp\/v2\/posts\/2939","targetHints":{"allow":["GET"]}}],"collection":[{"href":"https:\/\/www.mszporoszlany.hu\/index.php?rest_route=\/wp\/v2\/posts"}],"about":[{"href":"https:\/\/www.mszporoszlany.hu\/index.php?rest_route=\/wp\/v2\/types\/post"}],"author":[{"embeddable":true,"href":"https:\/\/www.mszporoszlany.hu\/index.php?rest_route=\/wp\/v2\/users\/35"}],"replies":[{"embeddable":true,"href":"https:\/\/www.mszporoszlany.hu\/index.php?rest_route=%2Fwp%2Fv2%2Fcomments&post=2939"}],"version-history":[{"count":0,"href":"https:\/\/www.mszporoszlany.hu\/index.php?rest_route=\/wp\/v2\/posts\/2939\/revisions"}],"wp:attachment":[{"href":"https:\/\/www.mszporoszlany.hu\/index.php?rest_route=%2Fwp%2Fv2%2Fmedia&parent=2939"}],"wp:term":[{"taxonomy":"category","embeddable":true,"href":"https:\/\/www.mszporoszlany.hu\/index.php?rest_route=%2Fwp%2Fv2%2Fcategories&post=2939"},{"taxonomy":"post_tag","embeddable":true,"href":"https:\/\/www.mszporoszlany.hu\/index.php?rest_route=%2Fwp%2Fv2%2Ftags&post=2939"}],"curies":[{"name":"wp","href":"https:\/\/api.w.org\/{rel}","templated":true}]}}