{"id":2953,"date":"2020-09-14T18:41:45","date_gmt":"2020-09-14T17:41:45","guid":{"rendered":"http:\/\/www.mszporoszlany.hu\/?p=2953"},"modified":"2020-09-14T18:41:45","modified_gmt":"2020-09-14T17:41:45","slug":"a-baloldalert-az-orszagert","status":"publish","type":"post","link":"https:\/\/www.mszporoszlany.hu\/?p=2953","title":{"rendered":"A baloldal\u00e9rt, az orsz\u00e1g\u00e9rt\u2026"},"content":{"rendered":"<p>Keleti Gy\u00f6rgy eg\u00e9sz \u00e9let\u00e9t szolg\u00e1latnak tekintette. Most, hogy 74 \u00e9vesen elment, alig tudjuk sz\u00e1mba venni, h\u00e1ny helyen, h\u00e1nyszor tett szolg\u00e1latot haz\u00e1j\u00e1nak, a baloldalnak, v\u00e1laszt\u00f3ker\u00fclet\u00e9nek, nek\u00fcnk, oroszl\u00e1nyiaknak.<\/p>\n<div id=\"attachment_2955\" style=\"width: 610px\" class=\"wp-caption aligncenter\"><a href=\"https:\/\/www.mszporoszlany.hu\/wp-content\/uploads\/2020\/09\/KeletiGyorgy.jpg\" rel=\"lightbox[2953]\"><img loading=\"lazy\" decoding=\"async\" aria-describedby=\"caption-attachment-2955\" src=\"https:\/\/www.mszporoszlany.hu\/wp-content\/uploads\/2020\/09\/KeletiGyorgy-600x413.jpg\" alt=\"Keleti Gy\u00f6rgy kit\u00fcntet\u00e9se\" width=\"600\" height=\"413\" class=\"size-large wp-image-2955\" srcset=\"https:\/\/www.mszporoszlany.hu\/wp-content\/uploads\/2020\/09\/KeletiGyorgy-600x413.jpg 600w, https:\/\/www.mszporoszlany.hu\/wp-content\/uploads\/2020\/09\/KeletiGyorgy-320x220.jpg 320w, https:\/\/www.mszporoszlany.hu\/wp-content\/uploads\/2020\/09\/KeletiGyorgy-768x528.jpg 768w, https:\/\/www.mszporoszlany.hu\/wp-content\/uploads\/2020\/09\/KeletiGyorgy.jpg 945w\" sizes=\"auto, (max-width: 600px) 100vw, 600px\" \/><\/a><p id=\"caption-attachment-2955\" class=\"wp-caption-text\">Keleti Gy\u00f6rgy kit\u00fcntet\u00e9se<\/p><\/div>\n<p><!--more--><\/p>\n<p>A katonai p\u00e1lyafut\u00e1s ut\u00e1n a rom\u00e1niai forradalom idej\u00e9n lett n\u00e9pszer\u0171 sz\u00f3viv\u0151. Nyugodt, t\u00e1rgyilagos besz\u00e1mol\u00f3kat hallhattunk t\u0151le, olyan st\u00edlusban, szeml\u00e9lettel, amit k\u00e9s\u0151bbi munk\u00e1ja sor\u00e1n megszokhattunk t\u0151le. Politikusk\u00e9nt, miniszterk\u00e9nt is megmaradt annak az egyszer\u0171, k\u00f6zvetlen embernek, aki pillanatokon bel\u00fcl k\u00e9pes kapcsolatokat teremteni, a vit\u00e1kban udvarias, nyugodt hangnemben \u00e9rvelni. 18 \u00e9vig volt megy\u00e9nk 3. sz\u00e1m\u00fa v\u00e1laszt\u00f3ker\u00fclet\u00e9nek orsz\u00e1ggy\u0171l\u00e9si k\u00e9pvisel\u0151je. Hosszan lehetne sorolni mindazt a seg\u00edts\u00e9get, amit ezalatt a telep\u00fcl\u00e9sek kaptak munk\u00e1ja nyom\u00e1n.<\/p>\n<p>A rendszerv\u00e1lt\u00e1s els\u0151 \u00e9vtized\u00e9ben izgalmas, de neh\u00e9z feladatok \u00e1lltak az orsz\u00e1g el\u0151tt. A munkan\u00e9lk\u00fclis\u00e9g hirtelen n\u00f6veked\u00e9se, a gazdas\u00e1g \u00e1talak\u00edt\u00e1sa, az \u00e1llam eg\u00e9sz szervezet\u00e9nek meg\u00faj\u00edt\u00e1sa, a politikai \u00e9let \u00fatveszt\u0151i, a parlamenti munka rendk\u00edv\u00fcli id\u0151szaka rendk\u00edv\u00fcli embereket k\u00edv\u00e1nt. Tal\u00e1n az\u00e9rt is siker\u00fclt t\u00f6bbsz\u00f6r m\u00e1r els\u0151 k\u00f6rben nyernie a v\u00e1laszt\u00e1sokon, mert rendk\u00edv\u00fcli ember volt. Hamar kider\u00fclt, hogy nem lehet megvesztegetni, nem lehet beler\u00e1ngatni mutyikba, de ha ki kell \u00e1llni a v\u00e1laszt\u00f3k\u00e9rt, a telep\u00fcl\u00e9sek\u00e9rt, b\u00e1rkivel k\u00e9pes volt szembe sz\u00e1llni. Sokszor a saj\u00e1t p\u00e1rtj\u00e1val, a baloldali korm\u00e1nnyal is megk\u00fczd\u00f6tt. El\u00e9g csak felid\u00e9zni a b\u00e1ny\u00e1szat\u00e9rt, a b\u00e1ny\u00e1szok\u00e9rt el\u00e9rt eredm\u00e9nyeket: a V\u00e9rt, a b\u00e1nya m\u0171k\u00f6d\u00e9s\u00e9nek meghosszabb\u00edt\u00e1s\u00e1t, a sz\u00e9nfill\u00e9rek, a b\u00e1ny\u00e1sznyugd\u00edjak \u00fcgy\u00e9t. Oroszl\u00e1ny mindig kiemelt t\u00e9rs\u00e9g volt sz\u00e1m\u00e1ra, \u00edgy jelent\u0151s szerepe volt az oroszl\u00e1nyi ipari parki c\u00edm elnyer\u00e9s\u00e9ben 1997-ben. Lehetne m\u00e9g sorolni a nev\u00e9hez f\u0171z\u0151d\u0151 eredm\u00e9nyeket a v\u00e1laszt\u00f3ker\u00fclet t\u00f6bbi telep\u00fcl\u00e9s\u00e9r\u0151l is.<\/p>\n<p>Amikor Oroszl\u00e1nyon felterjesztett\u00e9k \u00e9s kit\u00fcntett\u00e9k a d\u00edszpolg\u00e1ri c\u00edmmel, nemcsak a k\u00e9pvisel\u0151i munk\u00e1t ismert\u00e9k el, hanem azt az emberi, politikusi magatart\u00e1st is, ami m\u00e1ra igencsak ritka. Ahhoz a gener\u00e1ci\u00f3hoz tartozott, amelynek politikusai nem kamp\u00e1nyfeladatnak tekintett\u00e9k a l\u00e1togat\u00e1sokat, emberi kapcsolatok kialak\u00edt\u00e1s\u00e1t, \u00e1pol\u00e1s\u00e1t a v\u00e1laszt\u00f3ker\u00fcletben. A k\u00e9pvisel\u0151i munka \u00e9s az emberi \u00e9rdekl\u0151d\u00e9s term\u00e9szetes velej\u00e1r\u00f3ja volt mindez. A falvakban, a b\u00e1ny\u00e1szok k\u00f6z\u00f6tt csak \u00edgy emlegett\u00e9k: \u201eKeleti Gyuri\u201d. Ezt ki kell \u00e9rdemelni, ehhez k\u00f6zvetlen viszony kell, ismerets\u00e9g, ismerts\u00e9g.<\/p>\n<p>Nem volt k\u00f6nny\u0171 a szolg\u00e1lata egyik \u201e\u00e1llom\u00e1shely\u00e9n\u201d sem. Nagyon m\u00e1s id\u0151k voltak. \u0150 m\u00e9g miniszterk\u00e9nt is megtehette, hogy \u0151r\u00f6k n\u00e9lk\u00fcl, saj\u00e1t maga vezethette a szolg\u00e1lati kocsit, ha a v\u00e1laszt\u00f3ker\u00fcletben ment valahov\u00e1. Az emberek is k\u00f6nnyebben sz\u00f3l\u00edtott\u00e1k meg, hiszen szolg\u00e1latban is \u201ecivil\u201d volt, egy volt k\u00f6z\u00fcl\u00fcnk.<\/p>\n<p>Komolyan vette, hogy egy szoci\u00e1ldemokrata p\u00e1rt egyik vezet\u0151je, aki viselked\u00e9s\u00e9ben, megsz\u00f3lal\u00e1s\u00e1ban p\u00e9ld\u00e1t kell mutasson. Akinek mindenkivel sz\u00f3t kell \u00e9rtenie, akinek tisztelnie is kell az ellenfeleket. A baloldal sikeres id\u0151szaka neki is k\u00f6sz\u00f6nhet\u0151. Tanulnunk kell t\u0151le.<\/p>\n<p>Friss a h\u00edr, a gy\u00e1sz, kor\u00e1n ment el Keleti Gy\u00f6rgy.  Az \u00f6r\u00f6ks\u00e9g feldolgoz\u00e1sa, \u00e1pol\u00e1sa r\u00e1nk, ut\u00f3dokra marad.  \u201eVel\u00fcnk volt\u201d. Vel\u00fcnk marad.<\/p>\n","protected":false},"excerpt":{"rendered":"<p>Keleti Gy\u00f6rgy eg\u00e9sz \u00e9let\u00e9t szolg\u00e1latnak tekintette. Most, hogy 74 \u00e9vesen elment, alig tudjuk sz\u00e1mba venni, h\u00e1ny helyen, h\u00e1nyszor tett szolg\u00e1latot haz\u00e1j\u00e1nak, a baloldalnak, v\u00e1laszt\u00f3ker\u00fclet\u00e9nek, nek\u00fcnk, oroszl\u00e1nyiaknak.<\/p>\n","protected":false},"author":35,"featured_media":0,"comment_status":"closed","ping_status":"closed","sticky":false,"template":"","format":"standard","meta":{"footnotes":""},"categories":[1],"tags":[],"class_list":["post-2953","post","type-post","status-publish","format-standard","hentry","category-egyeb"],"_links":{"self":[{"href":"https:\/\/www.mszporoszlany.hu\/index.php?rest_route=\/wp\/v2\/posts\/2953","targetHints":{"allow":["GET"]}}],"collection":[{"href":"https:\/\/www.mszporoszlany.hu\/index.php?rest_route=\/wp\/v2\/posts"}],"about":[{"href":"https:\/\/www.mszporoszlany.hu\/index.php?rest_route=\/wp\/v2\/types\/post"}],"author":[{"embeddable":true,"href":"https:\/\/www.mszporoszlany.hu\/index.php?rest_route=\/wp\/v2\/users\/35"}],"replies":[{"embeddable":true,"href":"https:\/\/www.mszporoszlany.hu\/index.php?rest_route=%2Fwp%2Fv2%2Fcomments&post=2953"}],"version-history":[{"count":0,"href":"https:\/\/www.mszporoszlany.hu\/index.php?rest_route=\/wp\/v2\/posts\/2953\/revisions"}],"wp:attachment":[{"href":"https:\/\/www.mszporoszlany.hu\/index.php?rest_route=%2Fwp%2Fv2%2Fmedia&parent=2953"}],"wp:term":[{"taxonomy":"category","embeddable":true,"href":"https:\/\/www.mszporoszlany.hu\/index.php?rest_route=%2Fwp%2Fv2%2Fcategories&post=2953"},{"taxonomy":"post_tag","embeddable":true,"href":"https:\/\/www.mszporoszlany.hu\/index.php?rest_route=%2Fwp%2Fv2%2Ftags&post=2953"}],"curies":[{"name":"wp","href":"https:\/\/api.w.org\/{rel}","templated":true}]}}