{"id":2979,"date":"2024-10-27T15:45:16","date_gmt":"2024-10-27T14:45:16","guid":{"rendered":"https:\/\/www.mszporoszlany.hu\/?p=2979"},"modified":"2024-10-27T15:45:16","modified_gmt":"2024-10-27T14:45:16","slug":"kozlemeny-2","status":"publish","type":"post","link":"https:\/\/www.mszporoszlany.hu\/?p=2979","title":{"rendered":"K\u00f6zlem\u00e9ny"},"content":{"rendered":"<div id=\"attachment_2980\" style=\"width: 1010px\" class=\"wp-caption aligncenter\"><a href=\"https:\/\/www.mszporoszlany.hu\/wp-content\/uploads\/2024\/10\/MolnarIstvan.png\" rel=\"lightbox[2979]\"><img loading=\"lazy\" decoding=\"async\" aria-describedby=\"caption-attachment-2980\" class=\"size-full wp-image-2980\" src=\"https:\/\/www.mszporoszlany.hu\/wp-content\/uploads\/2024\/10\/MolnarIstvan.png\" alt=\"Moln\u00e1r Istv\u00e1n v\u00e1rosi eln\u00f6k\" width=\"1000\" height=\"1000\" srcset=\"https:\/\/www.mszporoszlany.hu\/wp-content\/uploads\/2024\/10\/MolnarIstvan.png 1000w, https:\/\/www.mszporoszlany.hu\/wp-content\/uploads\/2024\/10\/MolnarIstvan-240x240.png 240w, https:\/\/www.mszporoszlany.hu\/wp-content\/uploads\/2024\/10\/MolnarIstvan-450x450.png 450w, https:\/\/www.mszporoszlany.hu\/wp-content\/uploads\/2024\/10\/MolnarIstvan-768x768.png 768w\" sizes=\"auto, (max-width: 1000px) 100vw, 1000px\" \/><\/a><p id=\"caption-attachment-2980\" class=\"wp-caption-text\">Moln\u00e1r Istv\u00e1n v\u00e1rosi eln\u00f6k<\/p><\/div>\n<p>Az MSZP Oroszl\u00e1ny Szervezte 2024.10. 26-\u00e1n tartotta tiszt\u00faj\u00edt\u00f3 taggy\u0171l\u00e9s\u00e9t. Az \u00fcl\u00e9sen lek\u00f6sz\u00f6nt Sz\u00e9kely Antal, a szervezet kor\u00e1bbi eln\u00f6ke, aki 22 \u00e9ven \u00e1t t\u00f6lt\u00f6tte be ezt a tiszts\u00e9get.<\/p>\n<p>A jelenl\u00e9v\u0151 tagok Moln\u00e1r Istv\u00e1nt v\u00e1lasztott\u00e1k meg egyhang\u00falag a szervezet eln\u00f6k\u00e9nek a k\u00f6vetkez\u0151 k\u00e9t \u00e9vre. Moln\u00e1r t\u00f6bb cikluson kereszt\u00fcl volt a szervezet eln\u00f6ks\u00e9gi tagja, illetve m\u00e1s tiszt\u00e9get is viselt k\u00f6z\u00f6ss\u00e9g\u00fcnkben.<\/p>\n","protected":false},"excerpt":{"rendered":"<p>Az MSZP Oroszl\u00e1ny Szervezte 2024.10. 26-\u00e1n tartotta tiszt\u00faj\u00edt\u00f3 taggy\u0171l\u00e9s\u00e9t. Az \u00fcl\u00e9sen lek\u00f6sz\u00f6nt Sz\u00e9kely Antal, a szervezet kor\u00e1bbi eln\u00f6ke, aki 22 \u00e9ven \u00e1t t\u00f6lt\u00f6tte be ezt a tiszts\u00e9get. A jelenl\u00e9v\u0151 tagok Moln\u00e1r Istv\u00e1nt v\u00e1lasztott\u00e1k meg egyhang\u00falag a szervezet eln\u00f6k\u00e9nek a k\u00f6vetkez\u0151 &hellip; <a href=\"https:\/\/www.mszporoszlany.hu\/?p=2979\">Egy kattint\u00e1s ide a folytat\u00e1shoz&#8230;. <span class=\"meta-nav\">&rarr;<\/span><\/a><\/p>\n","protected":false},"author":35,"featured_media":0,"comment_status":"closed","ping_status":"closed","sticky":false,"template":"","format":"standard","meta":{"footnotes":""},"categories":[1],"tags":[],"class_list":["post-2979","post","type-post","status-publish","format-standard","hentry","category-egyeb"],"_links":{"self":[{"href":"https:\/\/www.mszporoszlany.hu\/index.php?rest_route=\/wp\/v2\/posts\/2979","targetHints":{"allow":["GET"]}}],"collection":[{"href":"https:\/\/www.mszporoszlany.hu\/index.php?rest_route=\/wp\/v2\/posts"}],"about":[{"href":"https:\/\/www.mszporoszlany.hu\/index.php?rest_route=\/wp\/v2\/types\/post"}],"author":[{"embeddable":true,"href":"https:\/\/www.mszporoszlany.hu\/index.php?rest_route=\/wp\/v2\/users\/35"}],"replies":[{"embeddable":true,"href":"https:\/\/www.mszporoszlany.hu\/index.php?rest_route=%2Fwp%2Fv2%2Fcomments&post=2979"}],"version-history":[{"count":1,"href":"https:\/\/www.mszporoszlany.hu\/index.php?rest_route=\/wp\/v2\/posts\/2979\/revisions"}],"predecessor-version":[{"id":2981,"href":"https:\/\/www.mszporoszlany.hu\/index.php?rest_route=\/wp\/v2\/posts\/2979\/revisions\/2981"}],"wp:attachment":[{"href":"https:\/\/www.mszporoszlany.hu\/index.php?rest_route=%2Fwp%2Fv2%2Fmedia&parent=2979"}],"wp:term":[{"taxonomy":"category","embeddable":true,"href":"https:\/\/www.mszporoszlany.hu\/index.php?rest_route=%2Fwp%2Fv2%2Fcategories&post=2979"},{"taxonomy":"post_tag","embeddable":true,"href":"https:\/\/www.mszporoszlany.hu\/index.php?rest_route=%2Fwp%2Fv2%2Ftags&post=2979"}],"curies":[{"name":"wp","href":"https:\/\/api.w.org\/{rel}","templated":true}]}}