{"id":321,"date":"2012-03-27T08:44:08","date_gmt":"2012-03-27T07:44:08","guid":{"rendered":"http:\/\/www.mszporoszlany.hu\/?p=321"},"modified":"2012-07-11T22:29:51","modified_gmt":"2012-07-11T21:29:51","slug":"egy-szavazas-egy-valasztas","status":"publish","type":"post","link":"https:\/\/www.mszporoszlany.hu\/?p=321","title":{"rendered":"Egy szavaz\u00e1s, egy v\u00e1laszt\u00e1s"},"content":{"rendered":"<p><img loading=\"lazy\" decoding=\"async\" class=\"alignleft size-full wp-image-322\" title=\"szavazas\" src=\"https:\/\/www.mszporoszlany.hu\/wp-content\/uploads\/2012\/03\/szavazas.jpg\" alt=\"\" width=\"200\" height=\"120\" \/>Botka L\u00e1szl\u00f3 polg\u00e1rmesterre, illetve az MSZP-re a szegediek 17 sz\u00e1zal\u00e9ka, m\u00edg a Fidesz\u2013KDNP-re a megk\u00e9rdezettek 12 sz\u00e1zal\u00e9ka szavazna, \u00edrja a Szeged24 egy helyi felm\u00e9r\u00e9sre hivatkozva. Kev\u00e9sb\u00e9 hat\u00e1rozottak azonban a megk\u00e9rdezettek azt illet\u0151en, hogy melyik p\u00e1rtra adn\u00e1k le a szavazatukat. A megk\u00e9rdezettek fele nem tudta (vagy nem akarta) megmondani, hogy melyik p\u00e1rtot t\u00e1mogatja.<\/p>\n<p><!--more--><\/p>\n<p>2009 \u0151sz\u00e9hez k\u00e9pest megfordult a k\u00e9t nagy p\u00e1rt t\u00e1mogatotts\u00e1ga: akkor a v\u00e1laszad\u00f3k t\u00f6bb mint 23 sz\u00e1zal\u00e9ka szavazott volna a Fidesz\u2013KDNP-re, \u00e9s mind\u00f6ssze 7 sz\u00e1zal\u00e9k az MSZP-re. A Jobbik t\u00e1mogatotts\u00e1ga nagyj\u00e1b\u00f3l v\u00e1ltozatlan maradt (6 sz\u00e1zal\u00e9k), m\u00edg majdnem k\u00e9tszeres\u00e9re n\u0151tt az LMP-vel szimpatiz\u00e1l\u00f3k ar\u00e1nya (2,8 sz\u00e1zal\u00e9k volt 2009-ben).<\/p>\n<p>K\u0151r\u00f6si Tibor, a Fidesz\u2013KDNP jel\u00f6ltje lett a szentendrei 7. sz\u00e1m\u00fa egy\u00e9ni v\u00e1laszt\u00f3ker\u00fclet \u00faj k\u00e9pvisel\u0151je, miut\u00e1n a n\u00e9gy jel\u00f6lt k\u00f6z\u00fcl \u0151 szerezte a legt\u00f6bb, 46, 9 sz\u00e1zal\u00e9knyi voksot a vas\u00e1rnap tartott id\u0151k\u00f6zi k\u00e9pvisel\u0151v\u00e1laszt\u00e1son \u2013 tette k\u00f6zz\u00e9 az MTI. Moln\u00e1r Ildik\u00f3 t\u00e1j\u00e9koztat\u00e1sa szerint a v\u00e1laszt\u00f3ker\u00fclet szavaz\u00e1sra jogosult 1 956 polg\u00e1ra k\u00f6z\u00fcl 456-an j\u00e1rultak az urn\u00e1khoz, ami 23, 3 sz\u00e1zal\u00e9kos r\u00e9szv\u00e9telnek felel meg. A gy\u0151ztes, K\u0151r\u00f6si Tibor 212 voksot kapott, \u00edgy vele eg\u00e9sz\u00fcl ki a 14 f\u0151sre cs\u00f6kkent k\u00e9pvisel\u0151-test\u00fclet (tavaly decemberben lemondott a fideszes Hidegk\u00fati Gergely).<\/p>\n<p>Az id\u0151k\u00f6zi v\u00e1laszt\u00e1son ifj. Lator L\u00e1szl\u00f3 (T\u00e1rsas\u00e1g az \u00c9lhet\u0151 Szentendr\u00e9\u00e9rt Egyes\u00fclet, TESZ) lett a m\u00e1sodik 111 vokssal, a harmadik helyen 73 szavazattal Lontai Tam\u00e1s (MSZP), m\u00edg a negyediken 56 vokssal Holl\u00f3 Istv\u00e1n (Jobbik Magyarorsz\u00e1g\u00e9rt Mozgalom \u2013 Szentendrei Nemzeti-Konzervat\u00edv K\u00f6r) v\u00e9gzett &#8211; mondta a c\u00edmzetes f\u0151jegyz\u0151.<\/p>\n","protected":false},"excerpt":{"rendered":"<p>Botka L\u00e1szl\u00f3 polg\u00e1rmesterre, illetve az MSZP-re a szegediek 17 sz\u00e1zal\u00e9ka, m\u00edg a Fidesz\u2013KDNP-re a megk\u00e9rdezettek 12 sz\u00e1zal\u00e9ka szavazna, \u00edrja a Szeged24 egy helyi felm\u00e9r\u00e9sre hivatkozva. Kev\u00e9sb\u00e9 hat\u00e1rozottak azonban a megk\u00e9rdezettek azt illet\u0151en, hogy melyik p\u00e1rtra adn\u00e1k le a szavazatukat. A megk\u00e9rdezettek fele nem tudta (vagy nem akarta) megmondani, hogy melyik p\u00e1rtot t\u00e1mogatja. <a href=\"https:\/\/www.mszporoszlany.hu\/?p=321\">Egy kattint\u00e1s ide a folytat\u00e1shoz&#8230;. <span class=\"meta-nav\">&rarr;<\/span><\/a><\/p>\n","protected":false},"author":35,"featured_media":0,"comment_status":"open","ping_status":"closed","sticky":false,"template":"","format":"standard","meta":{"footnotes":""},"categories":[196],"tags":[150,151,157,155,152,154,153,156],"class_list":["post-321","post","type-post","status-publish","format-standard","hentry","category-magyarorszag","tag-botka-laszlo","tag-fidesz-kdnp","tag-hollo-istvan","tag-ifj-lator-laszlo","tag-jobbik","tag-korosi-tibor","tag-lmp","tag-lontai-tamas"],"_links":{"self":[{"href":"https:\/\/www.mszporoszlany.hu\/index.php?rest_route=\/wp\/v2\/posts\/321","targetHints":{"allow":["GET"]}}],"collection":[{"href":"https:\/\/www.mszporoszlany.hu\/index.php?rest_route=\/wp\/v2\/posts"}],"about":[{"href":"https:\/\/www.mszporoszlany.hu\/index.php?rest_route=\/wp\/v2\/types\/post"}],"author":[{"embeddable":true,"href":"https:\/\/www.mszporoszlany.hu\/index.php?rest_route=\/wp\/v2\/users\/35"}],"replies":[{"embeddable":true,"href":"https:\/\/www.mszporoszlany.hu\/index.php?rest_route=%2Fwp%2Fv2%2Fcomments&post=321"}],"version-history":[{"count":0,"href":"https:\/\/www.mszporoszlany.hu\/index.php?rest_route=\/wp\/v2\/posts\/321\/revisions"}],"wp:attachment":[{"href":"https:\/\/www.mszporoszlany.hu\/index.php?rest_route=%2Fwp%2Fv2%2Fmedia&parent=321"}],"wp:term":[{"taxonomy":"category","embeddable":true,"href":"https:\/\/www.mszporoszlany.hu\/index.php?rest_route=%2Fwp%2Fv2%2Fcategories&post=321"},{"taxonomy":"post_tag","embeddable":true,"href":"https:\/\/www.mszporoszlany.hu\/index.php?rest_route=%2Fwp%2Fv2%2Ftags&post=321"}],"curies":[{"name":"wp","href":"https:\/\/api.w.org\/{rel}","templated":true}]}}