{"id":324,"date":"2012-03-27T08:47:59","date_gmt":"2012-03-27T07:47:59","guid":{"rendered":"http:\/\/www.mszporoszlany.hu\/?p=324"},"modified":"2012-04-06T20:26:52","modified_gmt":"2012-04-06T19:26:52","slug":"allami-einstand","status":"publish","type":"post","link":"https:\/\/www.mszporoszlany.hu\/?p=324","title":{"rendered":"\u00c1llami einstand"},"content":{"rendered":"<p><img loading=\"lazy\" decoding=\"async\" class=\"alignleft size-full wp-image-325\" title=\"esztergom\" src=\"https:\/\/www.mszporoszlany.hu\/wp-content\/uploads\/2012\/03\/esztergom.jpg\" alt=\"\" width=\"200\" height=\"120\" \/>2011. december v\u00e9g\u00e9n az \u00e1llam Esztergomban az alapfok\u00fa oktat\u00e1si int\u00e9zm\u00e9nyekn\u00e9l, valamint a gimn\u00e1ziumn\u00e1l, szakk\u00f6z\u00e9piskol\u00e1kn\u00e1l, m\u00fazeumn\u00e1l, szoci\u00e1lis k\u00f6zpontn\u00e1l, zeneiskol\u00e1n\u00e1l \u00e1tvette a fenntart\u00f3i szerepet. A t\u00f6rv\u00e9ny erej\u00e9n\u00e9l fogva a m\u0171k\u00f6dtet\u00e9shez sz\u00fcks\u00e9ges ingatlanvagyon az \u00e1llamra sz\u00e1ll, a vezet\u0151k kinevez\u00e9s\u00e9t a miniszter hagyja j\u00f3v\u00e1, mindenben a korm\u00e1nymegb\u00edzott \u00e9s a megyei k\u00f6zpont vezet\u0151je d\u00f6nt, azonban a m\u0171k\u00f6d\u00e9si k\u00f6lts\u00e9geket tov\u00e1bbra is az \u00f6nkorm\u00e1nyzat fizeti \u2013 k\u00f6z\u00f6lte T\u00e9t\u00e9nyi \u00c9va sajt\u00f3t\u00e1j\u00e9koztat\u00f3j\u00e1n. Esztergom polg\u00e1rmester sz\u00f3lt arr\u00f3l is: T\u00f6bb sz\u00e1z &#8211; legal\u00e1bb 750 &#8211; milli\u00f3 forintot kell befizetnie id\u00e9n Esztergom \u00f6nkorm\u00e1nyzat\u00e1nak a k\u00f6zponti k\u00f6lts\u00e9gvet\u00e9sbe az \u00e1llam \u00e1ltal a v\u00e1rost\u00f3l \u00e1tvett int\u00e9zm\u00e9nyek ut\u00e1n &#8211; \u00edgy d\u00f6nt\u00f6tt h\u00e9tf\u0151n az Orsz\u00e1ggy\u0171l\u00e9s, elfogadva Matolcsy Gy\u00f6rgy nemzetgazdas\u00e1gi miniszter erre vonatkoz\u00f3 k\u00f6lts\u00e9gvet\u00e9si m\u00f3dos\u00edt\u00f3 ind\u00edtv\u00e1ny\u00e1t.<\/p>\n<p><!--more--><\/p>\n<p>A jogszab\u00e1ly alapj\u00e1n Esztergom \u00f6nkorm\u00e1nyzata \u00e1prilis 15-ig 350 milli\u00f3, szeptember 30-ig 400 milli\u00f3 forintot k\u00f6teles befizetni, december 20-ig pedig az int\u00e9zm\u00e9ny\u00e1tv\u00e9tellel kapcsolatos k\u00f6lts\u00e9gvet\u00e9si el\u0151ir\u00e1nyzatb\u00f3l fennmarad\u00f3 \u00f6sszeget. Ha a v\u00e1ros nem fizet, az \u00e1llamkincst\u00e1r jogosult az \u00f6sszeget inkassz\u00f3zni az \u00f6nkorm\u00e1nyzatt\u00f3l. Az els\u0151 befizet\u00e9si k\u00f6telezetts\u00e9g azonban cs\u00f6kken a janu\u00e1rt\u00f3l m\u00e1rciusig m\u00e1r levont \u00f6sszeggel.<\/p>\n<p>T\u00e9t\u00e9nyi \u00c9va \u00fagy v\u00e9li, ha az \u00e1llam \u00e1ltal \u00e1tvett int\u00e9zm\u00e9nyeket a v\u00e1rosnak kell finansz\u00edroznia &#8211; ahogyan az az elfogadott m\u00f3dos\u00edt\u00e1sban szerepel -, a t\u00f6bbi telep\u00fcl\u00e9sre is ez a sors v\u00e1rhat. Eml\u00e9keztetett: az \u00e1llam tavaly decemberben \u00e9ppen azzal a &#8222;szlogennel&#8221; vette \u00e1t az \u00f6nkorm\u00e1nyzat iskol\u00e1it, a m\u00fazeumot \u00e9s a szoci\u00e1lis int\u00e9zm\u00e9nyeket, hogy ezzel megseg\u00edtse Esztergomot. Hozz\u00e1tette, csod\u00e1lkozva vett\u00e9k tudom\u00e1sul, hogy ezut\u00e1n &#8222;azonnali inkassz\u00f3val&#8221; minden h\u00f3napban 80-90 milli\u00f3 forintot akarnak leemelni a v\u00e1ros sz\u00e1ml\u00e1j\u00e1r\u00f3l.<\/p>\n<p>Ha Esztergom mintav\u00e1rosa a korm\u00e1nynak, akkor ez azt jelenti, hogy a t\u00f6bbi \u00f6nkorm\u00e1nyzatra is ez a sors v\u00e1r. T\u00f6bb milli\u00e1rdos \u00f6nkorm\u00e1nyzati ingatlanvagyon ker\u00fclhet \u00e1t az \u00e1llamhoz \u00fagy, hogy az abban m\u0171k\u00f6d\u0151 int\u00e9zm\u00e9nyeket tov\u00e1bbra is az \u00f6nkorm\u00e1nyzatoknak kell finansz\u00edrozni \u2013 \u00e1ll a hozz\u00e1nk eljuttatott sajt\u00f3k\u00f6zlem\u00e9nyben<\/p>\n<p>S ha ez t\u00e9nyleg \u00edgy m\u0171k\u00f6dik, akkor Oroszl\u00e1nynak mennyit kell majd fizetnie az\u00e9rt, hogy az \u00e1llam hatalmi sz\u00f3val elveszi z\u00f6m\u00e9ben fel\u00faj\u00edtott int\u00e9zm\u00e9nyeit?<\/p>\n","protected":false},"excerpt":{"rendered":"<p>2011. december v\u00e9g\u00e9n az \u00e1llam Esztergomban az alapfok\u00fa oktat\u00e1si int\u00e9zm\u00e9nyekn\u00e9l, valamint a gimn\u00e1ziumn\u00e1l, szakk\u00f6z\u00e9piskol\u00e1kn\u00e1l, m\u00fazeumn\u00e1l, szoci\u00e1lis k\u00f6zpontn\u00e1l, zeneiskol\u00e1n\u00e1l \u00e1tvette a fenntart\u00f3i szerepet. A t\u00f6rv\u00e9ny erej\u00e9n\u00e9l fogva a m\u0171k\u00f6dtet\u00e9shez sz\u00fcks\u00e9ges ingatlanvagyon az \u00e1llamra sz\u00e1ll, a vezet\u0151k kinevez\u00e9s\u00e9t a miniszter hagyja j\u00f3v\u00e1, mindenben a korm\u00e1nymegb\u00edzott \u00e9s a megyei k\u00f6zpont vezet\u0151je d\u00f6nt, azonban a m\u0171k\u00f6d\u00e9si k\u00f6lts\u00e9geket tov\u00e1bbra is az \u00f6nkorm\u00e1nyzat fizeti \u2013 k\u00f6z\u00f6lte T\u00e9t\u00e9nyi \u00c9va sajt\u00f3t\u00e1j\u00e9koztat\u00f3j\u00e1n. Esztergom polg\u00e1rmester sz\u00f3lt arr\u00f3l is: T\u00f6bb sz\u00e1z &#8211; legal\u00e1bb 750 &#8211; milli\u00f3 forintot kell befizetnie id\u00e9n Esztergom \u00f6nkorm\u00e1nyzat\u00e1nak a k\u00f6zponti k\u00f6lts\u00e9gvet\u00e9sbe az \u00e1llam \u00e1ltal a v\u00e1rost\u00f3l \u00e1tvett int\u00e9zm\u00e9nyek ut\u00e1n &#8211; \u00edgy d\u00f6nt\u00f6tt h\u00e9tf\u0151n az Orsz\u00e1ggy\u0171l\u00e9s, elfogadva Matolcsy Gy\u00f6rgy nemzetgazdas\u00e1gi miniszter erre vonatkoz\u00f3 k\u00f6lts\u00e9gvet\u00e9si m\u00f3dos\u00edt\u00f3 ind\u00edtv\u00e1ny\u00e1t. <a href=\"https:\/\/www.mszporoszlany.hu\/?p=324\">Egy kattint\u00e1s ide a folytat\u00e1shoz&#8230;. <span class=\"meta-nav\">&rarr;<\/span><\/a><\/p>\n","protected":false},"author":35,"featured_media":0,"comment_status":"open","ping_status":"closed","sticky":false,"template":"","format":"standard","meta":{"footnotes":""},"categories":[195],"tags":[160,159,158],"class_list":["post-324","post","type-post","status-publish","format-standard","hentry","category-komarom-esztergom-megye","tag-esztergom","tag-matolcsy-gyorgy","tag-tetenyi-eva"],"_links":{"self":[{"href":"https:\/\/www.mszporoszlany.hu\/index.php?rest_route=\/wp\/v2\/posts\/324","targetHints":{"allow":["GET"]}}],"collection":[{"href":"https:\/\/www.mszporoszlany.hu\/index.php?rest_route=\/wp\/v2\/posts"}],"about":[{"href":"https:\/\/www.mszporoszlany.hu\/index.php?rest_route=\/wp\/v2\/types\/post"}],"author":[{"embeddable":true,"href":"https:\/\/www.mszporoszlany.hu\/index.php?rest_route=\/wp\/v2\/users\/35"}],"replies":[{"embeddable":true,"href":"https:\/\/www.mszporoszlany.hu\/index.php?rest_route=%2Fwp%2Fv2%2Fcomments&post=324"}],"version-history":[{"count":0,"href":"https:\/\/www.mszporoszlany.hu\/index.php?rest_route=\/wp\/v2\/posts\/324\/revisions"}],"wp:attachment":[{"href":"https:\/\/www.mszporoszlany.hu\/index.php?rest_route=%2Fwp%2Fv2%2Fmedia&parent=324"}],"wp:term":[{"taxonomy":"category","embeddable":true,"href":"https:\/\/www.mszporoszlany.hu\/index.php?rest_route=%2Fwp%2Fv2%2Fcategories&post=324"},{"taxonomy":"post_tag","embeddable":true,"href":"https:\/\/www.mszporoszlany.hu\/index.php?rest_route=%2Fwp%2Fv2%2Ftags&post=324"}],"curies":[{"name":"wp","href":"https:\/\/api.w.org\/{rel}","templated":true}]}}