{"id":327,"date":"2012-03-28T09:12:14","date_gmt":"2012-03-28T08:12:14","guid":{"rendered":"http:\/\/www.mszporoszlany.hu\/?p=327"},"modified":"2012-04-06T20:26:33","modified_gmt":"2012-04-06T19:26:33","slug":"majmok-legyunk-vagy-szabadok","status":"publish","type":"post","link":"https:\/\/www.mszporoszlany.hu\/?p=327","title":{"rendered":"Majmok legy\u00fcnk vagy szabadok?"},"content":{"rendered":"<p><img loading=\"lazy\" decoding=\"async\" class=\"alignleft size-full wp-image-328\" title=\"majmok\" src=\"https:\/\/www.mszporoszlany.hu\/wp-content\/uploads\/2012\/03\/majmok.jpg\" alt=\"\" width=\"200\" height=\"120\" \/>J\u00f3 ideje foglalkoztat m\u00e1r a k\u00e9rd\u00e9s, hogyan lehets\u00e9ges, hogy a magyar t\u00e1rsadalom szinte \u00e9rdemi ellen\u00e1ll\u00e1s n\u00e9lk\u00fcl t\u0171ri a Fidesz imm\u00e1r k\u00e9t \u00e9ve tart\u00f3 orsz\u00e1gl\u00e1s\u00e1t? \u2013 k\u00e9rdezi a progressz\u00edv blog szerz\u0151je. Hogyan lehets\u00e9ges, hogy sem a k\u00f6zel 3 milli\u00f3 ember, 3000 milli\u00e1rd forintnyi nyugd\u00edj megtakar\u00edt\u00e1s\u00e1nak elvon\u00e1sa, sem a jog\u00e1llam int\u00e9zm\u00e9nyrendszer\u00e9nek lebont\u00e1sa nem veri ki a biztos\u00edt\u00e9kot?<\/p>\n<p><!--more--><\/p>\n<p>Akkor azt gondoltam, hogy ezek egyr\u00e9szt, m\u00e9g csak \u201eelvi\u201d s\u00e9relmek, hat\u00e1suk a mindennapokra abban a pillanatban minim\u00e1lisak, igazi k\u00e1rt\u00e9konys\u00e1guk csak k\u00e9s\u0151bb mutatkozik majd meg. Ez\u00e9rt nem \u00e9rzik \u00fagy az emberek, hogy tiltakozniuk kellene, de ha k\u00f6zvetlen\u00fcl, a b\u0151r\u00fck\u00f6n \u00e9rzik a majd a v\u00e1ltoz\u00e1sokat\u2026 majd akkor!<\/p>\n<p>De most, hogy a nemr\u00e9giben bek\u00f6vetkez\u0151, sz\u00e1zezer di\u00e1k \u00e9s csal\u00e1dtagjaik mindennapj\u00e1ra azonnali \u00e9s nagy csap\u00e1st m\u00e9r\u0151 fels\u0151oktat\u00e1si \u00e1trendez\u0151d\u00e9s is csak alig m\u00e9rhet\u0151 ellen\u00e1ll\u00e1st v\u00e1ltott ki, \u00e9s hogy vas\u00e1rnap, a NER \u00e1llatorvosi lov\u00e1nak sz\u00e1m\u00edt\u00f3 Esztergomban \u00e9rv\u00e9nytelen lett a n\u00e9pszavaz\u00e1s, \u00fagy gondoltam meg\u00e9r egy posztot, hogy kicsit ut\u00e1naj\u00e1rjunk, mi lehet e v\u00e9gtelen passzivit\u00e1s h\u00e1tter\u00e9ben?<\/p>\n<p>\u00c9rdemes tov\u00e1bbolvasni: <a title=\"Majmok legy\u00fcnk-e vagy szabadok?\" href=\"http:\/\/progressziv.blog.hu\/2012\/03\/27\/majmok_legyunk_vagy_szabadok\" target=\"_blank\">ITT<\/a>!<\/p>\n","protected":false},"excerpt":{"rendered":"<p>J\u00f3 ideje foglalkoztat m\u00e1r a k\u00e9rd\u00e9s, hogyan lehets\u00e9ges, hogy a magyar t\u00e1rsadalom szinte \u00e9rdemi ellen\u00e1ll\u00e1s n\u00e9lk\u00fcl t\u0171ri a Fidesz imm\u00e1r k\u00e9t \u00e9ve tart\u00f3 orsz\u00e1gl\u00e1s\u00e1t? \u2013 k\u00e9rdezi a progressz\u00edv blog szerz\u0151je. Hogyan lehets\u00e9ges, hogy sem a k\u00f6zel 3 milli\u00f3 ember, 3000 milli\u00e1rd forintnyi nyugd\u00edj megtakar\u00edt\u00e1s\u00e1nak elvon\u00e1sa, sem a jog\u00e1llam int\u00e9zm\u00e9nyrendszer\u00e9nek lebont\u00e1sa nem veri ki a biztos\u00edt\u00e9kot? <a href=\"https:\/\/www.mszporoszlany.hu\/?p=327\">Egy kattint\u00e1s ide a folytat\u00e1shoz&#8230;. <span class=\"meta-nav\">&rarr;<\/span><\/a><\/p>\n","protected":false},"author":35,"featured_media":0,"comment_status":"open","ping_status":"closed","sticky":false,"template":"","format":"standard","meta":{"footnotes":""},"categories":[196],"tags":[],"class_list":["post-327","post","type-post","status-publish","format-standard","hentry","category-magyarorszag"],"_links":{"self":[{"href":"https:\/\/www.mszporoszlany.hu\/index.php?rest_route=\/wp\/v2\/posts\/327","targetHints":{"allow":["GET"]}}],"collection":[{"href":"https:\/\/www.mszporoszlany.hu\/index.php?rest_route=\/wp\/v2\/posts"}],"about":[{"href":"https:\/\/www.mszporoszlany.hu\/index.php?rest_route=\/wp\/v2\/types\/post"}],"author":[{"embeddable":true,"href":"https:\/\/www.mszporoszlany.hu\/index.php?rest_route=\/wp\/v2\/users\/35"}],"replies":[{"embeddable":true,"href":"https:\/\/www.mszporoszlany.hu\/index.php?rest_route=%2Fwp%2Fv2%2Fcomments&post=327"}],"version-history":[{"count":0,"href":"https:\/\/www.mszporoszlany.hu\/index.php?rest_route=\/wp\/v2\/posts\/327\/revisions"}],"wp:attachment":[{"href":"https:\/\/www.mszporoszlany.hu\/index.php?rest_route=%2Fwp%2Fv2%2Fmedia&parent=327"}],"wp:term":[{"taxonomy":"category","embeddable":true,"href":"https:\/\/www.mszporoszlany.hu\/index.php?rest_route=%2Fwp%2Fv2%2Fcategories&post=327"},{"taxonomy":"post_tag","embeddable":true,"href":"https:\/\/www.mszporoszlany.hu\/index.php?rest_route=%2Fwp%2Fv2%2Ftags&post=327"}],"curies":[{"name":"wp","href":"https:\/\/api.w.org\/{rel}","templated":true}]}}