{"id":333,"date":"2012-03-29T10:04:08","date_gmt":"2012-03-29T09:04:08","guid":{"rendered":"http:\/\/www.mszporoszlany.hu\/?p=333"},"modified":"2012-04-06T20:26:02","modified_gmt":"2012-04-06T19:26:02","slug":"a-veg-kezdete","status":"publish","type":"post","link":"https:\/\/www.mszporoszlany.hu\/?p=333","title":{"rendered":"A v\u00e9g kezdete"},"content":{"rendered":"<p><img loading=\"lazy\" decoding=\"async\" class=\"alignleft size-full wp-image-335\" title=\"doktori\" src=\"https:\/\/www.mszporoszlany.hu\/wp-content\/uploads\/2012\/03\/doktori.jpg\" alt=\"\" width=\"200\" height=\"120\" \/>Nem k\u00f6nny\u0171 \u2013 \u00e9s tal\u00e1n nem is kell \u2013 egy nyilv\u00e1nval\u00f3 normas\u00e9rt\u00e9s eset\u00e9n kiz\u00e1r\u00f3lag p\u00e1rtpolitikai keretekben elemezni. Schmitt P\u00e1l most m\u00e1r bizony\u00edtottan plagiz\u00e1lt kisdoktorija kapcs\u00e1n \u2013 ahogy kor\u00e1bban a korrupci\u00f3s botr\u00e1nyok vagy \u00e9ppen az \u0151sz\u00f6di besz\u00e9d \u00fcgy\u00e9ben \u2013 helye van az \u00e9rt\u00e9k\u00edt\u00e9letek kimond\u00e1s\u00e1nak. A k\u00f6zt\u00e1rsas\u00e1gi eln\u00f6k tekint\u00e9lye elveszett, politikai \u00e9rtelemben tehert\u00e9tell\u00e9 v\u00e1lt. Ugyanakkor \u2013 tal\u00e1n, mint ma jelezte, tekintettel m\u00e1s egy\u00e9b kvalit\u00e1saira \u2013 nem k\u00edv\u00e1n lemondani. S itt j\u00f6het a klasszikus k\u00e9rd\u00e9s: kinek j\u00f3 ez?&#8221; \u2013 teszi fel a k\u00e9rd\u00e9st T\u00f6r\u00f6k G\u00e1bor politol\u00f3gus leg\u00fajabb blogbejegyz\u00e9s\u00e9ben, de mi most egy kicsit kitekintett\u00fcnk kis haz\u00e1nkb\u00f3l: N\u00e9metorsz\u00e1gban 2011-ben sz\u00e1mos a korm\u00e1nykoal\u00edci\u00f3hoz k\u00f6t\u0151d\u0151 politikus ker\u00fclt pl\u00e1gium-gyan\u00faba, kiv\u00e9tel n\u00e9lk\u00fcl lemondtak.<\/p>\n<p><!--more--><\/p>\n<p>1. Karl-Theodor zu Guttenberg n\u00e9met v\u00e9delmi miniszter 2007-ben megv\u00e9dett, az amerikai \u00e9s eur\u00f3pai alkotm\u00e1nyos jog fejl\u0151d\u00e9s\u00e9r\u0151l \u00edrt doktori dolgozat\u00e1r\u00f3l febru\u00e1rban der\u00edtett\u00e9k ki, hogy a sz\u00f6vegnek k\u00f6r\u00fclbel\u00fcl a fel\u00e9t m\u00e1s munk\u00e1kb\u00f3l oll\u00f3zta \u00f6ssze. Hi\u00e1ba tartott ki mellette sok\u00e1ig Angela Merkel n\u00e9met kancell\u00e1r, v\u00e9g\u00fcl m\u00e1r t\u00f6bb mint 50 ezer doktoranduszhallgat\u00f3 \u00e9s kutat\u00f3 csatlakozott a lev\u00e1lt\u00e1s\u00e1t k\u00f6vetel\u0151 ny\u00edlt lev\u00e9lhez. Egyeteme visszavonta doktori fokozat\u00e1t, \u00e9s Gutenberg tavaly m\u00e1rciusban lemondott posztj\u00e1r\u00f3l.<\/p>\n<p>3. M\u00e1s szerz\u0151k nev\u00e9nek fel nem t\u00fcntet\u00e9se miatt vett\u00e9k el doktori c\u00edm\u00e9t egy m\u00e1sik n\u00e9met szabaddemokrata EP-k\u00e9pvisel\u0151nek, Jorgo Chatzimarkakisnak is. Chatzimarkakis a 2000-ben a Bonni Egyetemen leadott dolgozat\u00e1ban ugyan haszn\u00e1lt l\u00e1bjegyzeteket, de ezekb\u0151l sok helyen hi\u00e1nyzott azoknak a szerz\u0151knek a megnevez\u00e9se, akikt\u0151l az adott sz\u00f6vegr\u00e9sz sz\u00e1rmazott. Chatzimarkakis dolgozat\u00e1nak 71 sz\u00e1zal\u00e9k\u00e1t tal\u00e1lt\u00e1k m\u00e1soltnak.<\/p>\n<p>4. Rajtuk k\u00edv\u00fcl Matthias Pr\u00f6frock, a baden-w\u00fcrtternbergi parlament kereszt\u00e9nydemokrata k\u00e9pvisel\u0151je (53 %), Veronica Sass, Edmund Stoiber kor\u00e1bbi bajor minisztereln\u00f6k l\u00e1nya (54%), dolgozat\u00e1r\u00f3l der\u00edtett\u00e9k ki, hogy r\u00e9szben m\u00e1solt. Az \u00e9rintett egyetemek visszavont\u00e1k a doktori c\u00edmeiket.<\/p>\n","protected":false},"excerpt":{"rendered":"<p>Nem k\u00f6nny\u0171 \u2013 \u00e9s tal\u00e1n nem is kell \u2013 egy nyilv\u00e1nval\u00f3 normas\u00e9rt\u00e9s eset\u00e9n kiz\u00e1r\u00f3lag p\u00e1rtpolitikai keretekben elemezni. Schmitt P\u00e1l most m\u00e1r bizony\u00edtottan plagiz\u00e1lt kisdoktorija kapcs\u00e1n \u2013 ahogy kor\u00e1bban a korrupci\u00f3s botr\u00e1nyok vagy \u00e9ppen az \u0151sz\u00f6di besz\u00e9d \u00fcgy\u00e9ben \u2013 helye van az \u00e9rt\u00e9k\u00edt\u00e9letek kimond\u00e1s\u00e1nak. A k\u00f6zt\u00e1rsas\u00e1gi eln\u00f6k tekint\u00e9lye elveszett, politikai \u00e9rtelemben tehert\u00e9tell\u00e9 v\u00e1lt. Ugyanakkor \u2013 tal\u00e1n, mint ma jelezte, tekintettel m\u00e1s egy\u00e9b kvalit\u00e1saira \u2013 nem k\u00edv\u00e1n lemondani. S itt j\u00f6het a klasszikus k\u00e9rd\u00e9s: kinek j\u00f3 ez?&#8221; \u2013 teszi fel a k\u00e9rd\u00e9st T\u00f6r\u00f6k G\u00e1bor politol\u00f3gus leg\u00fajabb blogbejegyz\u00e9s\u00e9ben, de mi most egy kicsit kitekintett\u00fcnk kis haz\u00e1nkb\u00f3l: N\u00e9metorsz\u00e1gban 2011-ben sz\u00e1mos a korm\u00e1nykoal\u00edci\u00f3hoz k\u00f6t\u0151d\u0151 politikus ker\u00fclt pl\u00e1gium-gyan\u00faba, kiv\u00e9tel n\u00e9lk\u00fcl lemondtak. <a href=\"https:\/\/www.mszporoszlany.hu\/?p=333\">Egy kattint\u00e1s ide a folytat\u00e1shoz&#8230;. <span class=\"meta-nav\">&rarr;<\/span><\/a><\/p>\n","protected":false},"author":35,"featured_media":0,"comment_status":"open","ping_status":"closed","sticky":false,"template":"","format":"standard","meta":{"footnotes":""},"categories":[196],"tags":[169,173,163,164,176,171,172,168,166,174,165,170,167,175],"class_list":["post-333","post","type-post","status-publish","format-standard","hentry","category-magyarorszag","tag-angela-merkel","tag-bonni-egyetemen","tag-doktor","tag-doktori","tag-edmund-stoiber","tag-heidelbergi-egyetemre","tag-jorgo-chatzimarkakis","tag-karl-theodor-zu-guttenberg","tag-koztarsasagi-elnok","tag-matthias-profrock","tag-schmitt-pal","tag-silvana-koch-merin","tag-torok-gabor","tag-veronica-sass"],"_links":{"self":[{"href":"https:\/\/www.mszporoszlany.hu\/index.php?rest_route=\/wp\/v2\/posts\/333","targetHints":{"allow":["GET"]}}],"collection":[{"href":"https:\/\/www.mszporoszlany.hu\/index.php?rest_route=\/wp\/v2\/posts"}],"about":[{"href":"https:\/\/www.mszporoszlany.hu\/index.php?rest_route=\/wp\/v2\/types\/post"}],"author":[{"embeddable":true,"href":"https:\/\/www.mszporoszlany.hu\/index.php?rest_route=\/wp\/v2\/users\/35"}],"replies":[{"embeddable":true,"href":"https:\/\/www.mszporoszlany.hu\/index.php?rest_route=%2Fwp%2Fv2%2Fcomments&post=333"}],"version-history":[{"count":0,"href":"https:\/\/www.mszporoszlany.hu\/index.php?rest_route=\/wp\/v2\/posts\/333\/revisions"}],"wp:attachment":[{"href":"https:\/\/www.mszporoszlany.hu\/index.php?rest_route=%2Fwp%2Fv2%2Fmedia&parent=333"}],"wp:term":[{"taxonomy":"category","embeddable":true,"href":"https:\/\/www.mszporoszlany.hu\/index.php?rest_route=%2Fwp%2Fv2%2Fcategories&post=333"},{"taxonomy":"post_tag","embeddable":true,"href":"https:\/\/www.mszporoszlany.hu\/index.php?rest_route=%2Fwp%2Fv2%2Ftags&post=333"}],"curies":[{"name":"wp","href":"https:\/\/api.w.org\/{rel}","templated":true}]}}